{"id":47028,"date":"2025-04-30T09:52:47","date_gmt":"2025-04-30T07:52:47","guid":{"rendered":"https:\/\/edublog.educastur.es\/ixuxu\/?p=47028"},"modified":"2025-04-30T09:55:06","modified_gmt":"2025-04-30T07:55:06","slug":"investigadores-de-la-universida-duvieu-validen-el-primer-test-nacional-de-comprension-llectora-ne-p","status":"publish","type":"post","link":"https:\/\/edublog.educastur.es\/ixuxu\/2025\/04\/investigadores-de-la-universida-duvieu-validen-el-primer-test-nacional-de-comprension-llectora-ne-p\/","title":{"rendered":"Investigadores de la Universid\u00e1 d&#8217;Uvi\u00e9u validen el primer test nacional de comprensi\u00f3n llectora n&#8217;E. P."},"content":{"rendered":"<div class=\"html-div xdj266r x11i5rnm xat24cr x1mh8g0r xexx8yu x1a8lsjc x1swvt13 x1pi30zi\">\n<div class=\"html-div xdj266r x11i5rnm xat24cr x1mh8g0r xexx8yu x4uap5 x18d9i69 xkhd6sd x1jx94hy x78zum5 x1q0g3np\">\n<div class=\"x78zum5 xdt5ytf xz62fqu x16ldp7u\">\n<div class=\"xu06os2 x1ok221b\">\n<div class=\"html-div xdj266r x11i5rnm xat24cr x1mh8g0r xexx8yu x4uap5 x18d9i69 xkhd6sd\" data-ad-rendering-role=\"profile_name\">\n<ul>\n<li class=\"html-h3 x11i5rnm xat24cr x1mh8g0r xexx8yu x4uap5 x18d9i69 xkhd6sd x1vvkbs x1heor9g x1qlqyl8 x1pd3egz x1a2a7pz x1gslohp x1yc453h\"><span class=\"x1lliihq x6ikm8r x10wlt62 x1n2onr6\"><span class=\"xt0psk2\"><a class=\"x1i10hfl xjbqb8w x1ejq31n xd10rxx x1sy0etr x17r0tee x972fbf xcfux6l x1qhh985 xm0m39n x9f619 x1ypdohk xt0psk2 xe8uvvx xdj266r x11i5rnm xat24cr x1mh8g0r xexx8yu x4uap5 x18d9i69 xkhd6sd x16tdsg8 x1hl2dhg xggy1nq x1a2a7pz xkrqix3 x1sur9pj xzsf02u x1s688f\" role=\"link\" href=\"https:\/\/www.facebook.com\/UniversidadOviedo?__cft__[0]=AZUI5Su4FmYBcHv2Hu1gQUUS73zs2_VctlkiLr2oloaEsJQk8IGJwsRIllRP7WWRw3HWu9R3-br2iF_5fSLHXO1uOXOh-B6hC75QjRaW2DZW2gh6nOE_5SQrGMDxM0xIWcyUIClDa_AWUipNXKifrc4IiZ0orWGmY5EjZnf8wuvQUjCptn8PVWQkrtUoWwfFN-ayYIwwQGD3zODFE9B7sguIKZ0WRBvw__NNVq9k75hdOQ&amp;__tn__=-UC%2CP-y-R\"><strong class=\"html-strong xdj266r x11i5rnm xat24cr x1mh8g0r xexx8yu x4uap5 x18d9i69 xkhd6sd x1hl2dhg x16tdsg8 x1vvkbs x1s688f\"><span class=\"html-span xdj266r x11i5rnm xat24cr x1mh8g0r xexx8yu x4uap5 x18d9i69 xkhd6sd x1hl2dhg x16tdsg8 x1vvkbs\">Universid\u00e1 d&#8217;Uvi\u00e9u &#8211; UniOvi<\/span><\/strong><\/a><\/span><\/span>\/ <a class=\"x1i10hfl xjbqb8w x1ejq31n xd10rxx x1sy0etr x17r0tee x972fbf xcfux6l x1qhh985 xm0m39n x9f619 x1ypdohk xt0psk2 xe8uvvx xdj266r x11i5rnm xat24cr x1mh8g0r xexx8yu x4uap5 x18d9i69 xkhd6sd x16tdsg8 x1hl2dhg xggy1nq x1a2a7pz xkrqix3 x1sur9pj x1fey0fg x1s688f\" role=\"link\" href=\"https:\/\/l.facebook.com\/l.php?u=https%3A%2F%2Ff.mtr.cool%2Fkkxvmzchtf%3Ffbclid%3DIwZXh0bgNhZW0CMTAAYnJpZBEwYkU1SGJPRlFqWndqTk91NwEeKx5jmkAgzbgvqC5LDeyHBM2I0Yu1iMe7qbCThJGTgtL-Lsr_WugGCJfM29Q_aem_WXP92DeGNYUdCAV5kTzJWA&amp;h=AT0aQWn7eoCegDHzoIjAD1xRLhe5Ffmb6M-rR2dGzCcIDr5y21444ngTqKk4soD5bRYgaTq8QrEC1_dT4f4WuDwru_BszA5xRzlfD2Z4sbBH8UIKfRhxodSRT31xdFKSw5n496Gbfovv_Q&amp;__tn__=-UK-y-R&amp;c[0]=AT3mw4hnZmN1yfTDw2qBlcveczwBHM0qUrmzpJKYK1SGGc4jotXsl_Q2vwJqIw9DGShO5kncSKD3vbX6VSc_o0Gjg3JEo1W3Dw0z3YllAVFmf2-B7qC9mmR103_m1mxZsSHUYW5bw8JHb69nIvmDBZ8XboeYwxyuiOckWUSNVt4NQ8FaZ8c810WeM63ayVbDl7Ig71uuYfJco1oYBPJJ538IXFBftIXG3SYeSbYxbM39AV5Ky-8\" target=\"_blank\" rel=\"nofollow noopener noreferrer\">https:\/\/f.mtr.cool\/kkxvmzchtf<\/a><\/li>\n<\/ul>\n<p style=\"text-align: center\"><a href=\"https:\/\/www.uniovi.es\/o\/adaptive-media\/image\/11233936\/3\/75449d23-bf64-d272-8584-4bb00510b65a?t=1745913538307\"><img loading=\"lazy\" decoding=\"async\" class=\"aligncenter size-large\" src=\"https:\/\/www.uniovi.es\/o\/adaptive-media\/image\/11233936\/3\/75449d23-bf64-d272-8584-4bb00510b65a?t=1745913538307\" width=\"1000\" height=\"563\" \/><\/a><\/p>\n<\/div>\n<\/div>\n<div>Investigadores de la Universid\u00e1 d&#8217;Uvi\u00e9u validen el primer test nacional de comprensi\u00f3n llectora n&#8217;Educaci\u00f3n Primaria.<\/div>\n<\/div>\n<div><!--more--><\/div>\n<div><\/div>\n<div class=\"x78zum5 xdt5ytf xz62fqu x16ldp7u\">\n<div>El grupu Teaching &amp; Curriculum (ZINTAC) collabor\u00f3 na puesta en marcha de la <strong>primer ferramienta homox\u00e9neo, comparativa y informatizada que se desenvuelve n&#8217;Espa\u00f1a para midir esta competencia.<\/strong><\/div>\n<div><\/div>\n<div>\u00a0El Test NCL apurre a los centros participantes informes personalizaos por estudiante, aula y etapa educativa, favoreciendo tomar de decisiones pedag\u00f3xiques basaes en datos.<\/div>\n<div><\/div>\n<div>L&#8217;informe de 2024 revela datos esmolecedores:<strong> solo un 4 % del alumn\u00e1u de Primaria algama&#8217;l nivel m\u00e1ximu de comprensi\u00f3n llectora esper\u00e1u<\/strong> para&#8217;l so cursu, mientres m\u00e1s de la met\u00e1 asitiar por debaxo del m\u00ednimu envalor\u00e1u.<\/div>\n<div><\/div>\n<div>\n<div class=\"h5\" style=\"text-align: center\">\n<!-- iframe plugin v.6.0 wordpress.org\/plugins\/iframe\/ -->\n<iframe loading=\"lazy\" src=\"https:\/\/www.facebook.com\/plugins\/post.php?href=https%3A%2F%2Fwww.facebook.com%2FUniversidadOviedo%2Fposts%2Fpfbid029BdkBPMdZCGqVVNbmgbkhn2vNz4ykgG5tobHSwif2p92kpV83Fe8xCSnkWDV9gRul&#038;show_text=false&#038;width=500\" width=\"500\" height=\"281\" style=\"border:none;overflow:hidden\" scrolling=\"no\" frameborder=\"0\" allowfullscreen=\"true\" allow=\"autoplay; clipboard-write; encrypted-media; picture-in-picture; web-share\" 0=\"\/iframe\" class=\"iframe-class\"><\/iframe>\n<\/div>\n<section class=\"documents\">\n<div class=\"documents-wrapper\">\n<ul class=\"documents list-unstyled\">\n<li class=\"document-entry\"><a class=\"document document-docx\" href=\"https:\/\/www.uniovi.es\/documents\/39158\/11032217\/2025-04-29-NP-test-primaria.docx\/e26c2564-7496-1d41-f057-dc20aab87080?t=1745913508248\" data-type=\"docx\" data-size=\"191,1 kB\"><span class=\"title\">NP Investigadoras de la Universidad de Oviedo validan el primer test nacional de comprensi\u00f3n lectora en Educaci\u00f3n Primaria<\/span>\u00a0<span class=\"meta\">(docx\u00a0191,1 kB)<\/span><\/a><\/li>\n<\/ul>\n<\/div>\n<\/section>\n<section class=\"image-gallery\">\n<div class=\"h5\"><\/div>\n<\/section>\n<\/div>\n<\/div>\n<\/div>\n<\/div>\n<p>&nbsp;<\/p>\n","protected":false},"excerpt":{"rendered":"<p>Universid\u00e1 d&#8217;Uvi\u00e9u &#8211; UniOvi\/ https:\/\/f.mtr.cool\/kkxvmzchtf Investigadores de la Universid\u00e1 d&#8217;Uvi\u00e9u validen el primer test nacional de comprensi\u00f3n llectora n&#8217;Educaci\u00f3n Primaria.<\/p>\n","protected":false},"author":117,"featured_media":0,"comment_status":"open","ping_status":"open","sticky":false,"template":"","format":"standard","meta":{"footnotes":""},"categories":[439,1],"tags":[],"class_list":["post-47028","post","type-post","status-publish","format-standard","hentry","category-competencies","category-sin-categoria"],"_links":{"self":[{"href":"https:\/\/edublog.educastur.es\/ixuxu\/wp-json\/wp\/v2\/posts\/47028","targetHints":{"allow":["GET"]}}],"collection":[{"href":"https:\/\/edublog.educastur.es\/ixuxu\/wp-json\/wp\/v2\/posts"}],"about":[{"href":"https:\/\/edublog.educastur.es\/ixuxu\/wp-json\/wp\/v2\/types\/post"}],"author":[{"embeddable":true,"href":"https:\/\/edublog.educastur.es\/ixuxu\/wp-json\/wp\/v2\/users\/117"}],"replies":[{"embeddable":true,"href":"https:\/\/edublog.educastur.es\/ixuxu\/wp-json\/wp\/v2\/comments?post=47028"}],"version-history":[{"count":4,"href":"https:\/\/edublog.educastur.es\/ixuxu\/wp-json\/wp\/v2\/posts\/47028\/revisions"}],"predecessor-version":[{"id":47032,"href":"https:\/\/edublog.educastur.es\/ixuxu\/wp-json\/wp\/v2\/posts\/47028\/revisions\/47032"}],"wp:attachment":[{"href":"https:\/\/edublog.educastur.es\/ixuxu\/wp-json\/wp\/v2\/media?parent=47028"}],"wp:term":[{"taxonomy":"category","embeddable":true,"href":"https:\/\/edublog.educastur.es\/ixuxu\/wp-json\/wp\/v2\/categories?post=47028"},{"taxonomy":"post_tag","embeddable":true,"href":"https:\/\/edublog.educastur.es\/ixuxu\/wp-json\/wp\/v2\/tags?post=47028"}],"curies":[{"name":"wp","href":"https:\/\/api.w.org\/{rel}","templated":true}]}}