{"id":47068,"date":"2025-04-30T14:07:13","date_gmt":"2025-04-30T12:07:13","guid":{"rendered":"https:\/\/edublog.educastur.es\/ixuxu\/?p=47068"},"modified":"2025-04-30T14:33:53","modified_gmt":"2025-04-30T12:33:53","slug":"paquita-suarez-coalla-nueva-miembru-correspondiente-de-lalla","status":"publish","type":"post","link":"https:\/\/edublog.educastur.es\/ixuxu\/2025\/04\/paquita-suarez-coalla-nueva-miembru-correspondiente-de-lalla\/","title":{"rendered":"Paquita Su\u00e1rez Coalla, nueva miembru correspondiente de l&#8217;ALLA."},"content":{"rendered":"<div class=\"html-div xdj266r x11i5rnm xat24cr x1mh8g0r xexx8yu x1a8lsjc x1swvt13 x1pi30zi\">\n<div class=\"html-div xdj266r x11i5rnm xat24cr x1mh8g0r xexx8yu x4uap5 x18d9i69 xkhd6sd x1jx94hy x78zum5 x1q0g3np\">\n<div class=\"x78zum5 xdt5ytf xz62fqu x16ldp7u\">\n<div class=\"xu06os2 x1ok221b\">\n<div class=\"html-div xdj266r x11i5rnm xat24cr x1mh8g0r xexx8yu x4uap5 x18d9i69 xkhd6sd\" data-ad-rendering-role=\"profile_name\">\n<ul>\n<li class=\"html-h3 x11i5rnm xat24cr x1mh8g0r xexx8yu x4uap5 x18d9i69 xkhd6sd x1vvkbs x1heor9g x1qlqyl8 x1pd3egz x1a2a7pz x1gslohp x1yc453h\"><span class=\"x1lliihq x6ikm8r x10wlt62 x1n2onr6\"><span class=\"xt0psk2\"><a class=\"x1i10hfl xjbqb8w x1ejq31n xd10rxx x1sy0etr x17r0tee x972fbf xcfux6l x1qhh985 xm0m39n x9f619 x1ypdohk xt0psk2 xe8uvvx xdj266r x11i5rnm xat24cr x1mh8g0r xexx8yu x4uap5 x18d9i69 xkhd6sd x16tdsg8 x1hl2dhg xggy1nq x1a2a7pz xkrqix3 x1sur9pj xzsf02u x1s688f\" role=\"link\" href=\"https:\/\/www.facebook.com\/AcademiadelaLlinguaAsturiana?__cft__[0]=AZWhJxmgnAflibR9Cnut35hlhuuaq_ieG2PBdNVq0eo432BQMEhN1R3IPQ0RoElMD8RYiYyY-G28gECjbRUwjBFS44J7HIpTEpdcsJMA11urau-GNvZ45-YwLl3gpmTuYVHb4o0xp8nyJ8V6ORJ6WXtrP_uEO8b2OkLiaqn2lESewnGYkGJKyjs2yJIq3YZou0P6Kg3vsHBRy4AgZro7zI-_C2kGXvjwh-DR2ZrCF-_xFg&amp;__tn__=-UC%2CP-y-R\"><strong class=\"html-strong xdj266r x11i5rnm xat24cr x1mh8g0r xexx8yu x4uap5 x18d9i69 xkhd6sd x1hl2dhg x16tdsg8 x1vvkbs x1s688f\"><span class=\"html-span xdj266r x11i5rnm xat24cr x1mh8g0r xexx8yu x4uap5 x18d9i69 xkhd6sd x1hl2dhg x16tdsg8 x1vvkbs\">Academia de la Llingua Asturiana<\/span><\/strong><\/a><\/span><\/span> \/\u00a0<a href=\"https:\/\/scontent-mad2-1.xx.fbcdn.net\/v\/t39.30808-6\/493925902_1099139708914507_1053839996410147290_n.jpg?_nc_cat=110&amp;ccb=1-7&amp;_nc_sid=833d8c&amp;_nc_ohc=CxmJqI8cLJwQ7kNvwEd5jEe&amp;_nc_oc=AdkPChijYEddlB-cS2JhCOZODzyGMsUfK3JSC-mZzPJjJYRRWPY2jA3zqUg2dLudkr4&amp;_nc_zt=23&amp;_nc_ht=scontent-mad2-1.xx&amp;_nc_gid=Sn4BIQQBfupOWHrq6Jujdg&amp;oh=00_AfG6iy_PCq_RYx3jaiylEb64AjEraljFj6XjoXsgatwNJQ&amp;oe=6817D741\"> Semeya d&#8217;Alisa Guerrero<\/a><\/li>\n<\/ul>\n<\/div>\n<\/div>\n<div class=\"xu06os2 x1ok221b\">\n<div class=\"html-div xdj266r x11i5rnm xat24cr x1mh8g0r xexx8yu x4uap5 x18d9i69 xkhd6sd x1q0g3np\" style=\"text-align: center\">\n<!-- iframe plugin v.6.0 wordpress.org\/plugins\/iframe\/ -->\n<iframe loading=\"lazy\" src=\"https:\/\/www.facebook.com\/plugins\/post.php?href=https%3A%2F%2Fwww.facebook.com%2FAcademiadelaLlinguaAsturiana%2Fposts%2Fpfbid0384yr6BetXeWR11Ve9XwxfHPTuwgFWL8q2cCCnfwPCiXWmvXm6hj1D3rNUAFMuwEtl&#038;show_text=false&#038;width=500\" width=\"500\" height=\"498\" style=\"border:none;overflow:hidden\" scrolling=\"no\" frameborder=\"0\" allowfullscreen=\"true\" allow=\"autoplay; clipboard-write; encrypted-media; picture-in-picture; web-share\" 0=\"\/iframe\" class=\"iframe-class\"><\/iframe>\n<\/div>\n<\/div>\n<\/div>\n<\/div>\n<\/div>\n<div class=\"html-div xdj266r x11i5rnm xat24cr x1mh8g0r xexx8yu x4uap5 x18d9i69 xkhd6sd\" dir=\"auto\">\n<div class=\"html-div xdj266r x11i5rnm xat24cr x1mh8g0r xexx8yu x4uap5 x18d9i69 xkhd6sd\" dir=\"auto\">\n<div class=\"html-div xdj266r x11i5rnm xat24cr x1mh8g0r xexx8yu x4uap5 x18d9i69 xkhd6sd\" data-ad-rendering-role=\"story_message\">\n<div class=\"x1l90r2v x1iorvi4 x1ye3gou xn6708d\" data-ad-comet-preview=\"message\" data-ad-preview=\"message\">\n<div class=\"x78zum5 xdt5ytf xz62fqu x16ldp7u\">\n<div class=\"xu06os2 x1ok221b\">\n<div class=\"xdj266r x11i5rnm xat24cr x1mh8g0r x1vvkbs x126k92a\">\n<div dir=\"auto\"><\/div>\n<\/div>\n<div class=\"x11i5rnm xat24cr x1mh8g0r x1vvkbs xtlvy1s x126k92a\">\n<div dir=\"auto\"><\/div>\n<div dir=\"auto\">Am\u00e1s de collaborar davezu cola revista Lliteratura, como result\u00e1u del so trabayu investigador y docente, vien participando en delles de les actividaes de l\u2019Academia de la Llingua Asturiana: como docente na Universid\u00e1 Asturiana de Branu, como ponente y conferenciante nes Xornaes Internacionales d\u2019Estudiu o como autora de diferentes estudios na revista cient\u00edfica \u00abLletres Asturianes\u00bb.<\/div>\n<div dir=\"auto\"><!--more--><\/div>\n<\/div>\n<div dir=\"auto\">Fil\u00f3loga y doctora pola Universid\u00e1 d\u2019Uvi\u00e9u, <strong>ye profesora de llingua y lliteratura na Universid\u00e1 de la Ciud\u00e1 de Nueva York.<\/strong> Consigui\u00f3 l\u2019atenci\u00f3n del panorama lliterariu asturianu cola so obra \u00abLa mio vida ye una novela\u00bb, una coleici\u00f3n de testimonios de les muyeres del campu asturianu. Nestes dos \u00faltimes d\u00e9cades public\u00f3 otres obres narratives de creaci\u00f3n propia, como \u00abPa nun escaeceme\u00bb o \u00abEl d\u00eda que nos llevaron al cine y otros cuentos\u00bb . Nel \u00e1mbitu infantil y xuvenil, han destacase los llibros \u00abPaecen esguiles\u00bb o \u00abCam\u00edn de lletres: d\u2019Asturies a Nueva York\u00bb, col que gan\u00f3\u2019l premiu Mar\u00eda Josefa Canellada.<\/div>\n<div class=\"x11i5rnm xat24cr x1mh8g0r x1vvkbs xtlvy1s x126k92a\">\n<div dir=\"auto\"><\/div>\n<\/div>\n<\/div>\n<\/div>\n<\/div>\n<\/div>\n<\/div>\n<\/div>\n<p>&nbsp;<\/p>\n","protected":false},"excerpt":{"rendered":"<p>Academia de la Llingua Asturiana \/\u00a0 Semeya d&#8217;Alisa Guerrero Am\u00e1s de collaborar davezu cola revista Lliteratura, como result\u00e1u del so trabayu investigador y docente, vien participando en delles de les actividaes de l\u2019Academia de la Llingua Asturiana: como docente na Universid\u00e1 Asturiana de Branu, como ponente y conferenciante nes Xornaes Internacionales d\u2019Estudiu o como autora [&hellip;]<\/p>\n","protected":false},"author":117,"featured_media":0,"comment_status":"open","ping_status":"open","sticky":false,"template":"","format":"standard","meta":{"footnotes":""},"categories":[65,144],"tags":[],"class_list":["post-47068","post","type-post","status-publish","format-standard","hentry","category-alla","category-semana-de"],"_links":{"self":[{"href":"https:\/\/edublog.educastur.es\/ixuxu\/wp-json\/wp\/v2\/posts\/47068","targetHints":{"allow":["GET"]}}],"collection":[{"href":"https:\/\/edublog.educastur.es\/ixuxu\/wp-json\/wp\/v2\/posts"}],"about":[{"href":"https:\/\/edublog.educastur.es\/ixuxu\/wp-json\/wp\/v2\/types\/post"}],"author":[{"embeddable":true,"href":"https:\/\/edublog.educastur.es\/ixuxu\/wp-json\/wp\/v2\/users\/117"}],"replies":[{"embeddable":true,"href":"https:\/\/edublog.educastur.es\/ixuxu\/wp-json\/wp\/v2\/comments?post=47068"}],"version-history":[{"count":2,"href":"https:\/\/edublog.educastur.es\/ixuxu\/wp-json\/wp\/v2\/posts\/47068\/revisions"}],"predecessor-version":[{"id":47083,"href":"https:\/\/edublog.educastur.es\/ixuxu\/wp-json\/wp\/v2\/posts\/47068\/revisions\/47083"}],"wp:attachment":[{"href":"https:\/\/edublog.educastur.es\/ixuxu\/wp-json\/wp\/v2\/media?parent=47068"}],"wp:term":[{"taxonomy":"category","embeddable":true,"href":"https:\/\/edublog.educastur.es\/ixuxu\/wp-json\/wp\/v2\/categories?post=47068"},{"taxonomy":"post_tag","embeddable":true,"href":"https:\/\/edublog.educastur.es\/ixuxu\/wp-json\/wp\/v2\/tags?post=47068"}],"curies":[{"name":"wp","href":"https:\/\/api.w.org\/{rel}","templated":true}]}}