{"id":47074,"date":"2025-05-25T09:05:54","date_gmt":"2025-05-25T07:05:54","guid":{"rendered":"https:\/\/edublog.educastur.es\/ixuxu\/?p=47074"},"modified":"2025-05-25T19:36:03","modified_gmt":"2025-05-25T17:36:03","slug":"47074","status":"publish","type":"post","link":"https:\/\/edublog.educastur.es\/ixuxu\/2025\/05\/47074\/","title":{"rendered":"Recordamos esti webc\u00f3mic cola hestoria del orixe de la bandera d&#8217;Asturies"},"content":{"rendered":"<div class=\"html-div xdj266r x11i5rnm xat24cr x1mh8g0r xsag5q8 xz9dl7a x1pi30zi x1swvt13 x1jx94hy\">\n<div class=\"html-div xdj266r x11i5rnm xat24cr x1mh8g0r xexx8yu x4uap5 x18d9i69 xkhd6sd x78zum5 x1q0g3np x1ba4aug\">\n<div class=\"html-div xdj266r x11i5rnm xat24cr x1mh8g0r xexx8yu x4uap5 x18d9i69 xkhd6sd x1iyjqo2 xeuugli\">\n<div class=\"x78zum5 xdt5ytf xz62fqu x16ldp7u\">\n<div class=\"xu06os2 x1ok221b\">\n<ul>\n<li class=\"html-h3 x11i5rnm xat24cr x1mh8g0r xexx8yu x4uap5 x18d9i69 xkhd6sd x1vvkbs x1heor9g x1qlqyl8 x1pd3egz x1a2a7pz x1gslohp x1yc453h\"><span class=\"xt0psk2\"><a class=\"x1i10hfl xjbqb8w x1ejq31n xd10rxx x1sy0etr x17r0tee x972fbf xcfux6l x1qhh985 xm0m39n x9f619 x1ypdohk xt0psk2 xe8uvvx xdj266r x11i5rnm xat24cr x1mh8g0r xexx8yu x4uap5 x18d9i69 xkhd6sd x16tdsg8 x1hl2dhg xggy1nq x1a2a7pz xkrqix3 x1sur9pj xzsf02u x1s688f\" role=\"link\" href=\"https:\/\/www.facebook.com\/gobiernodeasturias?__cft__[0]=AZVpVryGcdf1YvKY3ISPaQtjOQxtxZQEq3lxua-9FDek_2h9EizC-9RoUra-GClZ1Kjp_Wy86_8B37Q3lkdXOF2ihosDxQPKzcqknX2JqFuARnm8vLAQM3lkhcWXayinTat-1v8aJrvsHmOWJdU52IsxxCGgMT3qilp6u-dkkd-Ill3bQOvL_EsWh2R4kE-BcVY&amp;__tn__=-UC%2CPH-R\"><strong class=\"html-strong xdj266r x11i5rnm xat24cr x1mh8g0r xexx8yu x4uap5 x18d9i69 xkhd6sd x1hl2dhg x16tdsg8 x1vvkbs x1s688f\"><span class=\"html-span xdj266r x11i5rnm xat24cr x1mh8g0r xexx8yu x4uap5 x18d9i69 xkhd6sd x1hl2dhg x16tdsg8 x1vvkbs\">Principado de Asturias<\/span><\/strong><\/a><\/span> \/ Fonte: <a href=\"https:\/\/actualidad.asturias.es\/-\/el-principado-edita-un-webc%C3%B3mic-con-la-historia-del-origen-de-la-bandera-de-asturias-con-motivo-del-25-de-mayo?redirect=\/\">Actualid\u00e1 Asturies<\/a> \/<a href=\"https:\/\/edublog.educastur.es\/ixuxu\/asturies\/19232-2\/\"><span style=\"color: #008080\"><strong> p\u00e1xina d&#8217;Ixux\u00fa<\/strong> <\/span><\/a>\/<\/li>\n<\/ul>\n<\/div>\n<\/div>\n<\/div>\n<\/div>\n<\/div>\n<div class=\"html-div xdj266r x11i5rnm xat24cr x1mh8g0r xexx8yu x4uap5 x18d9i69 xkhd6sd\">\n<div class=\"html-div xdj266r x11i5rnm xat24cr x1mh8g0r xexx8yu x4uap5 x18d9i69 xkhd6sd\" dir=\"auto\">\n<div class=\"html-div xdj266r x11i5rnm xat24cr x1mh8g0r xexx8yu x4uap5 x18d9i69 xkhd6sd\" dir=\"auto\">\n<div class=\"html-div xdj266r x11i5rnm xat24cr x1mh8g0r xexx8yu x4uap5 x18d9i69 xkhd6sd\" data-ad-rendering-role=\"story_message\">\n<div class=\"x1l90r2v x1iorvi4 x1ye3gou xn6708d\" data-ad-comet-preview=\"message\" data-ad-preview=\"message\">\n<div class=\"x78zum5 xdt5ytf xz62fqu x16ldp7u\">\n<div class=\"xu06os2 x1ok221b\">\n<div class=\"xdj266r x11i5rnm xat24cr x1mh8g0r x1vvkbs x126k92a\">\n<ul>\n<li dir=\"auto\"><span class=\"html-span xexx8yu x4uap5 x18d9i69 xkhd6sd x1hl2dhg x16tdsg8 x1vvkbs x3nfvp2 x1j61x8r x1fcty0u xdj266r xat24cr xgzva0m xhhsvwb xxymvpz xlup9mm x1kky2od\"><img loading=\"lazy\" decoding=\"async\" class=\"xz74otr x168nmei x13lgxp2 x5pf9jr xo71vjh\" src=\"https:\/\/static.xx.fbcdn.net\/images\/emoji.php\/v9\/tef\/1\/16\/1f535.png\" alt=\"\ud83d\udd35\" width=\"16\" height=\"16\" \/><\/span><span class=\"html-span xexx8yu x4uap5 x18d9i69 xkhd6sd x1hl2dhg x16tdsg8 x1vvkbs x3nfvp2 x1j61x8r x1fcty0u xdj266r xat24cr xgzva0m xhhsvwb xxymvpz xlup9mm x1kky2od\"><img loading=\"lazy\" decoding=\"async\" class=\"xz74otr x168nmei x13lgxp2 x5pf9jr xo71vjh\" src=\"https:\/\/static.xx.fbcdn.net\/images\/emoji.php\/v9\/t7b\/1\/16\/1f7e1.png\" alt=\"\ud83d\udfe1\" width=\"16\" height=\"16\" \/><\/span>El <span class=\"html-span xdj266r x11i5rnm xat24cr x1mh8g0r xexx8yu x4uap5 x18d9i69 xkhd6sd x1hl2dhg x16tdsg8 x1vvkbs\"><a class=\"x1i10hfl xjbqb8w x1ejq31n xd10rxx x1sy0etr x17r0tee x972fbf xcfux6l x1qhh985 xm0m39n x9f619 x1ypdohk xt0psk2 xe8uvvx xdj266r x11i5rnm xat24cr x1mh8g0r xexx8yu x4uap5 x18d9i69 xkhd6sd x16tdsg8 x1hl2dhg xggy1nq x1a2a7pz xkrqix3 x1sur9pj x1fey0fg x1s688f\" role=\"link\" href=\"https:\/\/www.facebook.com\/gobiernodeasturias?__cft__[0]=AZVpVryGcdf1YvKY3ISPaQtjOQxtxZQEq3lxua-9FDek_2h9EizC-9RoUra-GClZ1Kjp_Wy86_8B37Q3lkdXOF2ihosDxQPKzcqknX2JqFuARnm8vLAQM3lkhcWXayinTat-1v8aJrvsHmOWJdU52IsxxCGgMT3qilp6u-dkkd-Ill3bQOvL_EsWh2R4kE-BcVY&amp;__tn__=-]KH-R\"><span class=\"xt0psk2\"><span class=\"xjp7ctv\">Princip\u00e1u d&#8217;Asturies<\/span><\/span><\/a><\/span>\u00a0edita un webc\u00f3mic cola hestoria del orixe de la <span class=\"html-span xdj266r x11i5rnm xat24cr x1mh8g0r xexx8yu x4uap5 x18d9i69 xkhd6sd x1hl2dhg x16tdsg8 x1vvkbs\"><a class=\"x1i10hfl xjbqb8w x1ejq31n xd10rxx x1sy0etr x17r0tee x972fbf xcfux6l x1qhh985 xm0m39n x9f619 x1ypdohk xt0psk2 xe8uvvx xdj266r x11i5rnm xat24cr x1mh8g0r xexx8yu x4uap5 x18d9i69 xkhd6sd x16tdsg8 x1hl2dhg xggy1nq x1a2a7pz xkrqix3 x1sur9pj x1fey0fg x1s688f\" role=\"link\" href=\"https:\/\/www.facebook.com\/hashtag\/bandera?__eep__=6&amp;__cft__[0]=AZVpVryGcdf1YvKY3ISPaQtjOQxtxZQEq3lxua-9FDek_2h9EizC-9RoUra-GClZ1Kjp_Wy86_8B37Q3lkdXOF2ihosDxQPKzcqknX2JqFuARnm8vLAQM3lkhcWXayinTat-1v8aJrvsHmOWJdU52IsxxCGgMT3qilp6u-dkkd-Ill3bQOvL_EsWh2R4kE-BcVY&amp;__tn__=*NKH-R\">#bandera<\/a><\/span> d&#8217; <span class=\"html-span xdj266r x11i5rnm xat24cr x1mh8g0r xexx8yu x4uap5 x18d9i69 xkhd6sd x1hl2dhg x16tdsg8 x1vvkbs\"><a class=\"x1i10hfl xjbqb8w x1ejq31n xd10rxx x1sy0etr x17r0tee x972fbf xcfux6l x1qhh985 xm0m39n x9f619 x1ypdohk xt0psk2 xe8uvvx xdj266r x11i5rnm xat24cr x1mh8g0r xexx8yu x4uap5 x18d9i69 xkhd6sd x16tdsg8 x1hl2dhg xggy1nq x1a2a7pz xkrqix3 x1sur9pj x1fey0fg x1s688f\" role=\"link\" href=\"https:\/\/www.facebook.com\/hashtag\/asturias?__eep__=6&amp;__cft__[0]=AZVpVryGcdf1YvKY3ISPaQtjOQxtxZQEq3lxua-9FDek_2h9EizC-9RoUra-GClZ1Kjp_Wy86_8B37Q3lkdXOF2ihosDxQPKzcqknX2JqFuARnm8vLAQM3lkhcWXayinTat-1v8aJrvsHmOWJdU52IsxxCGgMT3qilp6u-dkkd-Ill3bQOvL_EsWh2R4kE-BcVY&amp;__tn__=*NKH-R\">#Asturias<\/a><\/span> con motivu del 25 de mayu.<\/li>\n<li dir=\"auto\"><span class=\"html-span xexx8yu x4uap5 x18d9i69 xkhd6sd x1hl2dhg x16tdsg8 x1vvkbs x3nfvp2 x1j61x8r x1fcty0u xdj266r xat24cr xgzva0m xhhsvwb xxymvpz xlup9mm x1kky2od\"><img loading=\"lazy\" decoding=\"async\" class=\"xz74otr x168nmei x13lgxp2 x5pf9jr xo71vjh\" src=\"https:\/\/static.xx.fbcdn.net\/images\/emoji.php\/v9\/t9e\/1\/16\/27a1.png\" alt=\"\u27a1\ufe0f\" width=\"16\" height=\"16\" \/><\/span>La publicaci\u00f3n ta disponible na web, <span class=\"html-span xexx8yu x4uap5 x18d9i69 xkhd6sd x1hl2dhg x16tdsg8 x1vvkbs x3nfvp2 x1j61x8r x1fcty0u xdj266r xat24cr xgzva0m xhhsvwb xxymvpz xlup9mm x1kky2od\"><img loading=\"lazy\" decoding=\"async\" class=\"xz74otr x168nmei x13lgxp2 x5pf9jr xo71vjh\" src=\"https:\/\/static.xx.fbcdn.net\/images\/emoji.php\/v9\/t51\/1\/16\/1f449.png\" alt=\"\ud83d\udc49\" width=\"16\" height=\"16\" \/><\/span><span class=\"html-span xdj266r x11i5rnm xat24cr x1mh8g0r xexx8yu x4uap5 x18d9i69 xkhd6sd x1hl2dhg x16tdsg8 x1vvkbs\"><a class=\"x1i10hfl xjbqb8w x1ejq31n xd10rxx x1sy0etr x17r0tee x972fbf xcfux6l x1qhh985 xm0m39n x9f619 x1ypdohk xt0psk2 xe8uvvx xdj266r x11i5rnm xat24cr x1mh8g0r xexx8yu x4uap5 x18d9i69 xkhd6sd x16tdsg8 x1hl2dhg xggy1nq x1a2a7pz xkrqix3 x1sur9pj x1fey0fg x1s688f\" role=\"link\" href=\"http:\/\/www.banderadeasturias.es\/?fbclid=IwZXh0bgNhZW0CMTAAYnJpZBEwYkU1SGJPRlFqWndqTk91NwEeUAtqRmpXILp-aWBpvg6s2gnKopclrtGIyXMv9-ati7N32CJxkuwEqIUWm7E_aem_BvMTJMySdwaEImkn_1fZ9g\" target=\"_blank\" rel=\"nofollow noopener noreferrer\">http:\/\/www.banderadeasturias.es<\/a><\/span><\/li>\n<\/ul>\n<div dir=\"auto\"><\/div>\n<div dir=\"auto\" style=\"text-align: center\"><a href=\"https:\/\/actualidad.asturias.es\/documents\/537115\/1182953\/2023_04_26+Portada+webcomic+%281%29.jpg\/51f45114-bc22-bb8b-a04b-49c7fee20233?t=1682506807230\"><img loading=\"lazy\" decoding=\"async\" class=\"aligncenter size-large\" src=\"https:\/\/actualidad.asturias.es\/documents\/537115\/1182953\/2023_04_26+Portada+webcomic+%281%29.jpg\/51f45114-bc22-bb8b-a04b-49c7fee20233?t=1682506807230\" width=\"767\" height=\"703\" \/><\/a><\/div>\n<div dir=\"auto\">G\u00fcei, 25 de mayu, conmemoramos el D\u00cdA DE LA BANDERA D&#8217;ASTURIES, con esti exemplar del c\u00f3mic <strong>\u00abAsturies, hestoria d&#8217;una bandera\u00bb<\/strong>, obra del reconoc\u00edu dibuxante y guionista Javi de Castro, don\u00e1u a la nuesa biblioteca pola Presidencia del Princip\u00e1u d&#8217;Asturies.<\/div>\n<div dir=\"auto\">\n<strong>El 25 de mayu de 1808, la Xunta Suprema del Princip\u00e1u d&#8217;Asturies, axuntada na sala capitular de la Catedral d&#8217;Uvi\u00e9u, declar\u00f3 la guerra a Napole\u00f3n tres la invasi\u00f3n francesa d&#8217;Espa\u00f1a.<\/strong> Unos d\u00edes dempu\u00e9s, dise\u00f1\u00f3se una bandera para identificar a les tropes asturianes: la Cruz de la Victoria dorada sobro fondu azul.<\/div>\n<div dir=\"auto\"><!--more--><\/div>\n<\/div>\n<div dir=\"auto\" style=\"text-align: center\">\n<!-- iframe plugin v.6.0 wordpress.org\/plugins\/iframe\/ -->\n<iframe loading=\"lazy\" src=\"https:\/\/www.facebook.com\/plugins\/post.php?href=https%3A%2F%2Fwww.facebook.com%2Fphoto.php%3Ffbid%3D1117368280198441%26set%3Da.516325233636085%26type%3D3&#038;show_text=false&#038;width=500\" width=\"500\" height=\"601\" style=\"border:none;overflow:hidden\" scrolling=\"no\" frameborder=\"0\" allowfullscreen=\"true\" allow=\"autoplay; clipboard-write; encrypted-media; picture-in-picture; web-share\" 0=\"\/iframe\" class=\"iframe-class\"><\/iframe>\n<\/div>\n<div class=\"x11i5rnm xat24cr x1mh8g0r x1vvkbs xtlvy1s x126k92a\">\n<div dir=\"auto\"><span class=\"html-span xdj266r x11i5rnm xat24cr x1mh8g0r xexx8yu x4uap5 x18d9i69 xkhd6sd x1hl2dhg x16tdsg8 x1vvkbs\"><a class=\"x1i10hfl xjbqb8w x1ejq31n xd10rxx x1sy0etr x17r0tee x972fbf xcfux6l x1qhh985 xm0m39n x9f619 x1ypdohk xt0psk2 xe8uvvx xdj266r x11i5rnm xat24cr x1mh8g0r xexx8yu x4uap5 x18d9i69 xkhd6sd x16tdsg8 x1hl2dhg xggy1nq x1a2a7pz xkrqix3 x1sur9pj x1fey0fg x1s688f\" role=\"link\" href=\"https:\/\/www.facebook.com\/hashtag\/descubretubandera?__eep__=6&amp;__cft__[0]=AZVpVryGcdf1YvKY3ISPaQtjOQxtxZQEq3lxua-9FDek_2h9EizC-9RoUra-GClZ1Kjp_Wy86_8B37Q3lkdXOF2ihosDxQPKzcqknX2JqFuARnm8vLAQM3lkhcWXayinTat-1v8aJrvsHmOWJdU52IsxxCGgMT3qilp6u-dkkd-Ill3bQOvL_EsWh2R4kE-BcVY&amp;__tn__=*NKH-R\">#DescubreTuBandera<\/a><\/span><\/div>\n<div dir=\"auto\"><span class=\"html-span xdj266r x11i5rnm xat24cr x1mh8g0r xexx8yu x4uap5 x18d9i69 xkhd6sd x1hl2dhg x16tdsg8 x1vvkbs\"><a class=\"x1i10hfl xjbqb8w x1ejq31n xd10rxx x1sy0etr x17r0tee x972fbf xcfux6l x1qhh985 xm0m39n x9f619 x1ypdohk xt0psk2 xe8uvvx xdj266r x11i5rnm xat24cr x1mh8g0r xexx8yu x4uap5 x18d9i69 xkhd6sd x16tdsg8 x1hl2dhg xggy1nq x1a2a7pz xkrqix3 x1sur9pj x1fey0fg x1s688f\" role=\"link\" href=\"https:\/\/www.facebook.com\/hashtag\/25mayo1808?__eep__=6&amp;__cft__[0]=AZVpVryGcdf1YvKY3ISPaQtjOQxtxZQEq3lxua-9FDek_2h9EizC-9RoUra-GClZ1Kjp_Wy86_8B37Q3lkdXOF2ihosDxQPKzcqknX2JqFuARnm8vLAQM3lkhcWXayinTat-1v8aJrvsHmOWJdU52IsxxCGgMT3qilp6u-dkkd-Ill3bQOvL_EsWh2R4kE-BcVY&amp;__tn__=*NKH-R\">#25mayo1808<\/a><\/span><\/div>\n<div dir=\"auto\"><span class=\"html-span xdj266r x11i5rnm xat24cr x1mh8g0r xexx8yu x4uap5 x18d9i69 xkhd6sd x1hl2dhg x16tdsg8 x1vvkbs\"><a class=\"x1i10hfl xjbqb8w x1ejq31n xd10rxx x1sy0etr x17r0tee x972fbf xcfux6l x1qhh985 xm0m39n x9f619 x1ypdohk xt0psk2 xe8uvvx xdj266r x11i5rnm xat24cr x1mh8g0r xexx8yu x4uap5 x18d9i69 xkhd6sd x16tdsg8 x1hl2dhg xggy1nq x1a2a7pz xkrqix3 x1sur9pj x1fey0fg x1s688f\" role=\"link\" href=\"https:\/\/www.facebook.com\/hashtag\/banderadeasturias?__eep__=6&amp;__cft__[0]=AZVpVryGcdf1YvKY3ISPaQtjOQxtxZQEq3lxua-9FDek_2h9EizC-9RoUra-GClZ1Kjp_Wy86_8B37Q3lkdXOF2ihosDxQPKzcqknX2JqFuARnm8vLAQM3lkhcWXayinTat-1v8aJrvsHmOWJdU52IsxxCGgMT3qilp6u-dkkd-Ill3bQOvL_EsWh2R4kE-BcVY&amp;__tn__=*NKH-R\">#BanderaDeAsturias<\/a><\/span><\/div>\n<\/div>\n<div class=\"x11i5rnm xat24cr x1mh8g0r x1vvkbs xtlvy1s x126k92a\">\n<ul>\n<li dir=\"auto\"><span class=\"html-span xexx8yu x4uap5 x18d9i69 xkhd6sd x1hl2dhg x16tdsg8 x1vvkbs x3nfvp2 x1j61x8r x1fcty0u xdj266r xat24cr xgzva0m xhhsvwb xxymvpz xlup9mm x1kky2od\"><img loading=\"lazy\" decoding=\"async\" class=\"xz74otr x168nmei x13lgxp2 x5pf9jr xo71vjh\" src=\"https:\/\/static.xx.fbcdn.net\/images\/emoji.php\/v9\/t8e\/1\/16\/2139.png\" alt=\"\u2139\ufe0f\" width=\"16\" height=\"16\" \/><\/span> <span class=\"html-span xdj266r x11i5rnm xat24cr x1mh8g0r xexx8yu x4uap5 x18d9i69 xkhd6sd x1hl2dhg x16tdsg8 x1vvkbs\"><a class=\"x1i10hfl xjbqb8w x1ejq31n xd10rxx x1sy0etr x17r0tee x972fbf xcfux6l x1qhh985 xm0m39n x9f619 x1ypdohk xt0psk2 xe8uvvx xdj266r x11i5rnm xat24cr x1mh8g0r xexx8yu x4uap5 x18d9i69 xkhd6sd x16tdsg8 x1hl2dhg xggy1nq x1a2a7pz xkrqix3 x1sur9pj x1fey0fg x1s688f\" role=\"link\" href=\"https:\/\/l.facebook.com\/l.php?u=https%3A%2F%2Fbit.ly%2F3Nx88rp%3Ffbclid%3DIwZXh0bgNhZW0CMTAAYnJpZBEwYkU1SGJPRlFqWndqTk91NwEecJ_kdQ5ml609ZGuyKp0R3PShPFDe5syzeLmXXABNLIxh-qAVtw87NnBMrGw_aem_KuPtsE29Hj8KGw341gwQ0Q&amp;h=AT3_B5BrAAywuJK-ETjoryn3Kcf031dmeyzKEnUEvxNl8AOcH8Q-vjkMXXUYOjBEtLGhRSCr5jr4zXZGCZk80hY_bZhNw0EOsNFnMdHFeQUeBVKQHqf9D3qgrusmnZTMkJq5XDFx9j8BpQ&amp;__tn__=-UKH-R&amp;c[0]=AT0srd9b0XI4DzAusfaywTNdtBMdGTMRWhGQvtcAsZhP_oo4AE5UUsJ-QRbo9mN5z6FkmbegzO2lDFiL0oZokoc7ayC8_CxpuosRvAy16gtGNAcb2hXRQ-1w3Zm632kkAEyokF0k-mPJ1dtKnKtb8J_IUoVAJCUzIw1Hw2waNqwkoI6gQ1Nj_Vx6WH8bSZucUyccgq91Gg\" target=\"_blank\" rel=\"nofollow noopener noreferrer\">https:\/\/bit.ly\/3Nx88rp<\/a><\/span><\/li>\n<li dir=\"auto\">La primer bandera d&#8217;Asturies yera esta:<\/li>\n<\/ul>\n<p>Asina, dizse qu&#8217;a finales del sieglu XVIII Xovellanos (ilustr\u00e1u xixon\u00e9s que aport\u00f3 a ministru de Gracia y Xusticia, quiciabes xuno de los personaxes m\u00e1s avanzaos para la so d\u00f3mina) propunxo una bandera cola llamada \u201ccruz de la victoria\u201d<strong> en color mariellu, sobro fondu color\u00e1u<\/strong> o azul.<\/p>\n<p style=\"text-align: center\"><a href=\"https:\/\/asturianways.com\/wp-content\/uploads\/2022\/09\/historia-bandera-asturias-origen-cruz-victoria-1-kKEI-624x385@El-Comercio.jpg\"><img loading=\"lazy\" decoding=\"async\" class=\"aligncenter size-large\" src=\"https:\/\/asturianways.com\/wp-content\/uploads\/2022\/09\/historia-bandera-asturias-origen-cruz-victoria-1-kKEI-624x385@El-Comercio.jpg\" width=\"624\" height=\"385\" \/><\/a><\/p>\n<\/div>\n<\/div>\n<\/div>\n<\/div>\n<\/div>\n<\/div>\n<\/div>\n<\/div>\n<p>&nbsp;<\/p>\n","protected":false},"excerpt":{"rendered":"<p>Principado de Asturias \/ Fonte: Actualid\u00e1 Asturies \/ p\u00e1xina d&#8217;Ixux\u00fa \/ El Princip\u00e1u d&#8217;Asturies\u00a0edita un webc\u00f3mic cola hestoria del orixe de la #bandera d&#8217; #Asturias con motivu del 25 de mayu. La publicaci\u00f3n ta disponible na web, http:\/\/www.banderadeasturias.es G\u00fcei, 25 de mayu, conmemoramos el D\u00cdA DE LA BANDERA D&#8217;ASTURIES, con esti exemplar del c\u00f3mic \u00abAsturies, [&hellip;]<\/p>\n","protected":false},"author":117,"featured_media":0,"comment_status":"open","ping_status":"open","sticky":false,"template":"","format":"standard","meta":{"footnotes":""},"categories":[452,1],"tags":[],"class_list":["post-47074","post","type-post","status-publish","format-standard","hentry","category-bandera","category-sin-categoria"],"_links":{"self":[{"href":"https:\/\/edublog.educastur.es\/ixuxu\/wp-json\/wp\/v2\/posts\/47074","targetHints":{"allow":["GET"]}}],"collection":[{"href":"https:\/\/edublog.educastur.es\/ixuxu\/wp-json\/wp\/v2\/posts"}],"about":[{"href":"https:\/\/edublog.educastur.es\/ixuxu\/wp-json\/wp\/v2\/types\/post"}],"author":[{"embeddable":true,"href":"https:\/\/edublog.educastur.es\/ixuxu\/wp-json\/wp\/v2\/users\/117"}],"replies":[{"embeddable":true,"href":"https:\/\/edublog.educastur.es\/ixuxu\/wp-json\/wp\/v2\/comments?post=47074"}],"version-history":[{"count":13,"href":"https:\/\/edublog.educastur.es\/ixuxu\/wp-json\/wp\/v2\/posts\/47074\/revisions"}],"predecessor-version":[{"id":49531,"href":"https:\/\/edublog.educastur.es\/ixuxu\/wp-json\/wp\/v2\/posts\/47074\/revisions\/49531"}],"wp:attachment":[{"href":"https:\/\/edublog.educastur.es\/ixuxu\/wp-json\/wp\/v2\/media?parent=47074"}],"wp:term":[{"taxonomy":"category","embeddable":true,"href":"https:\/\/edublog.educastur.es\/ixuxu\/wp-json\/wp\/v2\/categories?post=47074"},{"taxonomy":"post_tag","embeddable":true,"href":"https:\/\/edublog.educastur.es\/ixuxu\/wp-json\/wp\/v2\/tags?post=47074"}],"curies":[{"name":"wp","href":"https:\/\/api.w.org\/{rel}","templated":true}]}}