{"id":47108,"date":"2025-04-30T19:44:54","date_gmt":"2025-04-30T17:44:54","guid":{"rendered":"https:\/\/edublog.educastur.es\/ixuxu\/?p=47108"},"modified":"2025-05-02T10:55:52","modified_gmt":"2025-05-02T08:55:52","slug":"una-ponte-del-primeru-de-mayu-apinau-de-planes-para-esfrutar-nasturies","status":"publish","type":"post","link":"https:\/\/edublog.educastur.es\/ixuxu\/2025\/04\/una-ponte-del-primeru-de-mayu-apinau-de-planes-para-esfrutar-nasturies\/","title":{"rendered":"Una ponte del Primeru de Mayu apin\u00e1u de planes para esfrutar n&#8217;Asturies"},"content":{"rendered":"<p>Una ponte del Primeru de Mayu apin\u00e1u de planes para esfrutar n&#8217;Asturies. Al marxe de la xornada reivindicativa del 1 de mayu y anque el vienres ye llaborable n&#8217;Asturies, l&#8217;axenda d&#8217;ociu ta llena hasta&#8217;l domingu de feries, festivales y fiestes para tolos p\u00fablicos. <a href=\"https:\/\/www.elcomercio.es\/planes\/que-hacer-asturias-puente-primero-mayo-agenda-planes-20250430121154-nt.html\">El Comercio<\/a><\/p>\n<p style=\"text-align: center\"><a href=\"https:\/\/s1.ppllstatics.com\/elcomercio\/www\/multimedia\/2025\/04\/30\/planes-primero-mayo-kIzC-U2301623935381SuG-1200x840@El%20Comercio.jpg\"><img loading=\"lazy\" decoding=\"async\" class=\"aligncenter size-large\" src=\"https:\/\/s1.ppllstatics.com\/elcomercio\/www\/multimedia\/2025\/04\/30\/planes-primero-mayo-kIzC-U2301623935381SuG-1200x840@El%20Comercio.jpg\" width=\"1200\" height=\"840\" \/><\/a><\/p>\n<p>Casi ensin tiempu para reponese de les celebraciones de Selmana Santa, llega la ponte del Primeru de Mayu. Anque&#8217;l vienres ye un d\u00eda llaborable n&#8217;Asturies (non xornada lectiva nos centros educativos), l&#8217;axenda d&#8217;ociu del Princip\u00e1u ta llena hasta&#8217;l domingu, d\u00eda 4, de feries, festivales y fiestes para tolos p\u00fablicos.<\/p>\n<p><!--more--><\/p>\n<p>Cola hist\u00f3rica movilizaci\u00f3n del D\u00eda Internacional de losl Trabayadores, qu&#8217;angua\u00f1o los sindicatos asturianos treslladen a Mieres, coincide la tradicional <strong>Xira al Banz\u00e1u de Trasona.<\/strong> L&#8217;animaci\u00f3n va empezar a les 10 hores y va enllargase hasta les 21 hores, cuando ta previstu fin de fiesta del Pantanazo, que&#8217;l so cartelu ta encabez\u00e1u por H\u00e9ctor Llamazares ya incl\u00fai tami\u00e9n a Cristian Mer\u00edn, Llee-Nosh y Kekinnn.<\/p>\n<p>Tami\u00e9n asitiaes en redol al 1 de mayu t\u00e1n la<strong> Feria d&#8217;Amueses de Tin\u00e9u<\/strong>, referente comercial del Occidente d&#8217;Asturies; la <strong>Selmana del Floriamientu de los pumares<\/strong>, que se va desenvolver hasta&#8217;l domingu nos conceyos de la Contorna de la Sidra; y la popular <strong>Feria d&#8217;Abril d&#8217;Infiesto.<\/strong><\/p>\n<p>M\u00fasica y gastronom\u00eda. En Xix\u00f3n, l&#8217;axenda d&#8217;ociu tien dos propuestes destacaes: el <strong>Vespa World Days 2025<\/strong>, que mientres cuatro d\u00edes va axuntar na ciud\u00e1 a unes 3.000 motos procedentes de 37 pa\u00edses, y el <strong>LEV<\/strong>, que va esplegar les sos creaciones art\u00edstiques en distintos allugamientos y equipamientos culturales de la villa.<\/p>\n<p>La m\u00fasica y la gastronom\u00eda van ser los reclamos de les nales d&#8217;Asturies. En Llanes celebrar\u00e1 los d\u00edes 2 y 3 el <strong>Festival Vidiago Rock XXI<\/strong> y en Castropol va inaugurase ma\u00f1ana&#8217;l festival<strong> Somos la Ostra<\/strong>, una de les entraes m\u00e1s conoc\u00edes de l&#8217;axenda gastron\u00f3mica d&#8217;Asturies para estos d\u00edes.<\/p>\n<p>Nos conceyos de les cuenques y l&#8217;\u00e1rea central, pela so parte, l&#8217;ociu va ser de tradici\u00f3n col<strong> XXI Merc\u00e1u Quiros\u00e1n<\/strong>, que va tener llugar en B\u00e1rzana el s\u00e1badu (de 11 a 22 hores) y el domingu (de 11 a 20 hores), y el <strong>merc\u00e1u tradicional de Santo Marina, en Siero<\/strong>, que va celebrar una nueva edici\u00f3n de la so Merc\u00e1u Tradicional. Y los aficionaos al teatru tienen una cita en Villaviciosa, onde se va celebrar el <strong>Festival Acuto.<\/strong><\/p>\n<p style=\"text-align: center\"><span class=\"html-span xexx8yu x4uap5 x18d9i69 xkhd6sd x1hl2dhg x16tdsg8 x1vvkbs x3nfvp2 x1j61x8r x1fcty0u xdj266r xat24cr xgzva0m xhhsvwb xxymvpz xlup9mm x1kky2od\">\n<!-- iframe plugin v.6.0 wordpress.org\/plugins\/iframe\/ -->\n<iframe loading=\"lazy\" src=\"https:\/\/www.instagram.com\/reel\/DJJMF9_i5kG\/embed\" width=\"320\" height=\"500\" 0=\"\/iframe\" scrolling=\"yes\" class=\"iframe-class\" frameborder=\"0\"><\/iframe>\n<\/span><\/p>\n","protected":false},"excerpt":{"rendered":"<p>Una ponte del Primeru de Mayu apin\u00e1u de planes para esfrutar n&#8217;Asturies. Al marxe de la xornada reivindicativa del 1 de mayu y anque el vienres ye llaborable n&#8217;Asturies, l&#8217;axenda d&#8217;ociu ta llena hasta&#8217;l domingu de feries, festivales y fiestes para tolos p\u00fablicos. El Comercio Casi ensin tiempu para reponese de les celebraciones de Selmana [&hellip;]<\/p>\n","protected":false},"author":117,"featured_media":0,"comment_status":"open","ping_status":"open","sticky":false,"template":"","format":"standard","meta":{"footnotes":""},"categories":[167,21],"tags":[],"class_list":["post-47108","post","type-post","status-publish","format-standard","hentry","category-feries","category-fiestes"],"_links":{"self":[{"href":"https:\/\/edublog.educastur.es\/ixuxu\/wp-json\/wp\/v2\/posts\/47108","targetHints":{"allow":["GET"]}}],"collection":[{"href":"https:\/\/edublog.educastur.es\/ixuxu\/wp-json\/wp\/v2\/posts"}],"about":[{"href":"https:\/\/edublog.educastur.es\/ixuxu\/wp-json\/wp\/v2\/types\/post"}],"author":[{"embeddable":true,"href":"https:\/\/edublog.educastur.es\/ixuxu\/wp-json\/wp\/v2\/users\/117"}],"replies":[{"embeddable":true,"href":"https:\/\/edublog.educastur.es\/ixuxu\/wp-json\/wp\/v2\/comments?post=47108"}],"version-history":[{"count":2,"href":"https:\/\/edublog.educastur.es\/ixuxu\/wp-json\/wp\/v2\/posts\/47108\/revisions"}],"predecessor-version":[{"id":47249,"href":"https:\/\/edublog.educastur.es\/ixuxu\/wp-json\/wp\/v2\/posts\/47108\/revisions\/47249"}],"wp:attachment":[{"href":"https:\/\/edublog.educastur.es\/ixuxu\/wp-json\/wp\/v2\/media?parent=47108"}],"wp:term":[{"taxonomy":"category","embeddable":true,"href":"https:\/\/edublog.educastur.es\/ixuxu\/wp-json\/wp\/v2\/categories?post=47108"},{"taxonomy":"post_tag","embeddable":true,"href":"https:\/\/edublog.educastur.es\/ixuxu\/wp-json\/wp\/v2\/tags?post=47108"}],"curies":[{"name":"wp","href":"https:\/\/api.w.org\/{rel}","templated":true}]}}