{"id":47133,"date":"2025-05-01T12:10:26","date_gmt":"2025-05-01T10:10:26","guid":{"rendered":"https:\/\/edublog.educastur.es\/ixuxu\/?p=47133"},"modified":"2025-05-01T14:28:05","modified_gmt":"2025-05-01T12:28:05","slug":"la-hestoria-de-la-pantera-rosa","status":"publish","type":"post","link":"https:\/\/edublog.educastur.es\/ixuxu\/2025\/05\/la-hestoria-de-la-pantera-rosa\/","title":{"rendered":"Friz Freleng, creador de la Pantera Rosa"},"content":{"rendered":"<p style=\"text-align: center\"><span style=\"font-size: 24px;color: #008080\"><em>\u00abCuando naide quer\u00eda dame un trabayu\u2026 <\/em><\/span><br \/>\n<span style=\"font-size: 24px;color: #008080\"><em>decid\u00ed inventar un personaxe <\/em><\/span><br \/>\n<span style=\"font-size: 24px;color: #008080\"><em>qu&#8217;enxam\u00e1s pasara desapercib\u00edu.\u00bb\u00a0<\/em><\/span><\/p>\n<p style=\"text-align: center\"><span style=\"font-size: 24px;color: #008080\"><strong><em>\u00abNunca subestimes el poder<br \/>\nd&#8217;una idea simple,<br \/>\npero bien execut\u00e1.<br \/>\nLo que g\u00fcei paez raru\u2026<br \/>\nma\u00f1ana puede ser un cl\u00e1sicu.\u00bb\u00a0<\/em><\/strong><\/span><br \/>\n<span style=\"font-size: 24px;color: #000000\"><em>Friz Freleng<\/em><\/span><\/p>\n<p><!--more--><\/p>\n<p style=\"text-align: center\"><a href=\"https:\/\/artinsights.com\/wp-content\/uploads\/2023\/04\/Friz-Freleng-Pink-Panther-blog--1024x1024.jpeg\"><img loading=\"lazy\" decoding=\"async\" class=\"aligncenter size-large\" src=\"https:\/\/artinsights.com\/wp-content\/uploads\/2023\/04\/Friz-Freleng-Pink-Panther-blog--1024x1024.jpeg\" width=\"1024\" height=\"1024\" \/><\/a><\/p>\n<p style=\"text-align: left\">El mio nome ye <a href=\"https:\/\/es.wikipedia.org\/wiki\/Friz_Freleng\"><strong>Friz Freleng<\/strong><\/a>, y mientres a\u00f1os fui refug\u00e1u por estudios que cre\u00eden qu&#8217;el mio estilu yera \u00abdemasiao estra\u00f1u\u00bb. Pero no fondero, yo sab\u00eda qu&#8217;el mio humor ten\u00eda daqu\u00e9 distintu. Lo que nun sab\u00eda yera qu&#8217;esa diferencia ser\u00eda la clave pa dexar una buelga eterna nel mundu de l&#8217;animaci\u00f3n. \ud83d\udcad\u2728<\/p>\n<p>Tou empez\u00f3 con un encargu modestu<strong>: crear una secuencia d&#8217;apertura pa una pel\u00edcula llamada The Pink Panther<\/strong>. Pod\u00eda faer daqu\u00e9 simple\u2026 pero decid\u00ed arriesgame y crear una pantera elegante, silenciosa, risondera\u2026 y dafechu rosa. \u00a1Naide f\u00edzolo enantes! \ud83e\udd2f\ud83c\udfac<\/p>\n<p>Lo que vieno dempu\u00e9s nun lo esperaba nin nos mios sua\u00f1os m\u00e1s atrev\u00edos. El personaxe clis\u00f3 inclusive a la pel\u00edcula. La xente namorar del so estilu, la so forma de movese, el so misteriu. Pero detr\u00e1s del \u00e9situ hab\u00eda nueches enteres ensin dormir, bocetos rotos y burlles de colegues que dic\u00eden que&#8217;l rosa \u00abnun vend\u00eda\u00bb. \ud83d\udc94\ud83d\udd8d\ufe0f<\/p>\n<table class=\"infobox biography vcard\" style=\"width: 86.756%;height: 23px\">\n<tbody>\n<tr>\n<th scope=\"row\"><a title=\"Premios \u00d3scar\" href=\"https:\/\/es.wikipedia.org\/wiki\/Premios_%C3%93scar\">Premiu \u00d3scar<\/a><\/th>\n<td colspan=\"2\"><b><a title=\"Anexo:\u00d3scar al mejor cortometraje animado\" href=\"https:\/\/es.wikipedia.org\/wiki\/Anexo:%C3%93scar_al_mejor_cortometraje_animado\">Mejor cortometraje animado<\/a><\/b><br \/>\n1964\u00a0<i><a title=\"The Pink Phink\" href=\"https:\/\/es.wikipedia.org\/wiki\/The_Pink_Phink\">The Pink Phink<\/a><\/i><\/td>\n<\/tr>\n<\/tbody>\n<\/table>\n<p style=\"text-align: center\">\n<!-- iframe plugin v.6.0 wordpress.org\/plugins\/iframe\/ -->\n<iframe loading=\"lazy\" src=\"https:\/\/www.facebook.com\/plugins\/post.php?href=https%3A%2F%2Fwww.facebook.com%2Fgorguvideos%2Fposts%2Fpfbid0vgv7KiaJjW5AdwyUhsQv3ncGSwYyqe7vXCF2YWUKfwQinPanm1Vj2asZxvrrAuW6l&#038;show_text=false&#038;width=500\" width=\"500\" height=\"498\" style=\"border:none;overflow:hidden\" scrolling=\"no\" frameborder=\"0\" allowfullscreen=\"true\" 0=\"allow=&quot;autoplay;\" 1=\"clipboard-write;\" 2=\"encrypted-media;\" 3=\"picture-in-picture;\" 4=\"web-share&quot;\/iframe\" class=\"iframe-class\"><\/iframe>\n<\/p>\n<p style=\"text-align: center\">\n","protected":false},"excerpt":{"rendered":"<p>\u00abCuando naide quer\u00eda dame un trabayu\u2026 decid\u00ed inventar un personaxe qu&#8217;enxam\u00e1s pasara desapercib\u00edu.\u00bb\u00a0 \u00abNunca subestimes el poder d&#8217;una idea simple, pero bien execut\u00e1. Lo que g\u00fcei paez raru\u2026 ma\u00f1ana puede ser un cl\u00e1sicu.\u00bb\u00a0 Friz Freleng<\/p>\n","protected":false},"author":117,"featured_media":0,"comment_status":"open","ping_status":"open","sticky":false,"template":"","format":"standard","meta":{"footnotes":""},"categories":[99],"tags":[],"class_list":["post-47133","post","type-post","status-publish","format-standard","hentry","category-inventos"],"_links":{"self":[{"href":"https:\/\/edublog.educastur.es\/ixuxu\/wp-json\/wp\/v2\/posts\/47133","targetHints":{"allow":["GET"]}}],"collection":[{"href":"https:\/\/edublog.educastur.es\/ixuxu\/wp-json\/wp\/v2\/posts"}],"about":[{"href":"https:\/\/edublog.educastur.es\/ixuxu\/wp-json\/wp\/v2\/types\/post"}],"author":[{"embeddable":true,"href":"https:\/\/edublog.educastur.es\/ixuxu\/wp-json\/wp\/v2\/users\/117"}],"replies":[{"embeddable":true,"href":"https:\/\/edublog.educastur.es\/ixuxu\/wp-json\/wp\/v2\/comments?post=47133"}],"version-history":[{"count":7,"href":"https:\/\/edublog.educastur.es\/ixuxu\/wp-json\/wp\/v2\/posts\/47133\/revisions"}],"predecessor-version":[{"id":47195,"href":"https:\/\/edublog.educastur.es\/ixuxu\/wp-json\/wp\/v2\/posts\/47133\/revisions\/47195"}],"wp:attachment":[{"href":"https:\/\/edublog.educastur.es\/ixuxu\/wp-json\/wp\/v2\/media?parent=47133"}],"wp:term":[{"taxonomy":"category","embeddable":true,"href":"https:\/\/edublog.educastur.es\/ixuxu\/wp-json\/wp\/v2\/categories?post=47133"},{"taxonomy":"post_tag","embeddable":true,"href":"https:\/\/edublog.educastur.es\/ixuxu\/wp-json\/wp\/v2\/tags?post=47133"}],"curies":[{"name":"wp","href":"https:\/\/api.w.org\/{rel}","templated":true}]}}