{"id":47143,"date":"2025-05-01T11:21:16","date_gmt":"2025-05-01T09:21:16","guid":{"rendered":"https:\/\/edublog.educastur.es\/ixuxu\/?p=47143"},"modified":"2025-05-01T11:22:37","modified_gmt":"2025-05-01T09:22:37","slug":"asturies-sigue-ameyorando-los-sos-datos-turisticos-fora-de-temporada-alta","status":"publish","type":"post","link":"https:\/\/edublog.educastur.es\/ixuxu\/2025\/05\/asturies-sigue-ameyorando-los-sos-datos-turisticos-fora-de-temporada-alta\/","title":{"rendered":"Asturies sigue ameyorando los sos datos tur\u00edsticos fora de temporada alta"},"content":{"rendered":"<p><strong>Asturies sigue ameyorando los sos datos tur\u00edsticos fora de temporada alta<\/strong>: algama un rexistro r\u00e9cord para un primer trimestre que nun coincida coles vacaciones de Selmana Santa La estratexa del Princip\u00e1u para aumentar la captaci\u00f3n de visitantes d&#8217;otros pa\u00edses traducir nuna medr\u00eda del 17%.<\/p>\n<p style=\"text-align: center\"><a href=\"https:\/\/actualidad.asturias.es\/documents\/537115\/2538236\/2025_04_30-turismo-primer-trimestre.jpg\/c143c8b5-ab22-9394-fd94-99d256ebe8ad?t=1746016843832\"><img loading=\"lazy\" decoding=\"async\" class=\"aligncenter size-large\" src=\"https:\/\/actualidad.asturias.es\/documents\/537115\/2538236\/2025_04_30-turismo-primer-trimestre.jpg\/c143c8b5-ab22-9394-fd94-99d256ebe8ad?t=1746016843832\" width=\"1280\" height=\"1024\" \/><\/a><\/p>\n<ul>\n<li>Fonte: <a href=\"https:\/\/actualidad.asturias.es\/-\/asturias-sigue-mejorando-sus-datos-tur\u00edsticos-fuera-de-temporada-alta-alcanza-un-registro-r\u00e9cord-para-un-primer-trimestre-que-no-coincida-con-las-vacaciones-de-semana-santa?redirect=%2F\">Actualid\u00e1 Asturies<\/a> \/<\/li>\n<\/ul>\n<p><!--more--><\/p>\n<p><strong>Asturies consol\u00eddase como un dest\u00edn tur\u00edsticu<\/strong> en puxanza fora de la temporada alta. Los datos publicaos pol Institutu Nacional d&#8217;Estad\u00edstica (INE) reflexen que, mientres los tr\u00e9s primeros meses del a\u00f1u, Asturies recibi\u00f3 318.194 turistes y 615.331 estancies.<\/p>\n<p><strong>Los d\u00edes de Selmana Santa son consideraos temporada alta<\/strong>. Angua\u00f1o, esi per\u00edodu festivu coincidi\u00f3 n&#8217;abril y, poro, nun afect\u00f3 al balance del primer trimestre. L&#8217;\u00faltimu exerciciu qu&#8217;asocedi\u00f3 lo mesmo foi 2023. Si comparen dambos a\u00f1os, la medr\u00eda de visitantes algam\u00f3 un 9,9% y el d&#8217;estancies foi llixeramente cimera, un 10,1%. <strong>Con estos n\u00famberos, el primer trimestre de 2025 foi&#8217;l meyor de la hestoria del Princip\u00e1u (siempres que nun haya tao la Selmana Santa por mediu).<\/strong><\/p>\n<p>Estos datos fueron posibles gracies, en bona midida, a l&#8217;arribaci\u00f3n de turistes estranxeros, que respuende a la estratexa del gobiernu pa captar visitantes d&#8217;otros pa\u00edses. Asina, visitaron el Princip\u00e1u 18.404 persones de fora d&#8217;Espa\u00f1a, un 16,9% m\u00e1s que l&#8217;a\u00f1u pas\u00e1u<\/p>\n<p>Los datos de marzu, mes qu&#8217;angua\u00f1o nun incluy\u00f3 la Selmana Santa, reflexen tami\u00e9n <strong>una evoluci\u00f3n bien favorable, con alces del 10,2% en turistes<\/strong> (132.181) <strong>y del 16,3% en pernoctaciones<\/strong> (270.292), en comparanza col mesmu mes de 2023.<\/p>\n<p>Destaca la bona evoluci\u00f3n del turismu rural, con medr\u00edes del 35,4% en visitantes y del 67,5% n&#8217;estancies (hasta los 12.201 turistes y 31.328 pernoctaciones). Los hoteles tami\u00e9n esperimentaron meyores significatives, con un 5,8% m\u00e1s de turistes y un 2,8% m\u00e1s d&#8217;estancies.<\/p>\n<p>Estos n\u00famberos consoliden la desestacionalizaci\u00f3n del turismu, unu de los principales oxetivos del <strong>Executivu auton\u00f3micu, que busca atraer visitantes mientres tol a\u00f1u y promover un modelu sostenible.<\/strong><\/p>\n<p>Per otru llau, el indicadores de rentabilid\u00e1 hotelera van a l&#8217;alza. La tarifa media diaria aument\u00f3 un 14,6% y l&#8217;ingresu mediu per habitaci\u00f3n disponible facer un 26,9%, tami\u00e9n en comparanza con marzu de 2023.<\/p>\n<p>En materia d&#8217;empl\u00e9u, el sector tur\u00edsticu xener\u00f3 4.012 puestos de trabayu en marzu, una cantid\u00e1 qu&#8217;equival a una crecedera del 3,1% al respective de marzu de 2023.<\/p>\n","protected":false},"excerpt":{"rendered":"<p>Asturies sigue ameyorando los sos datos tur\u00edsticos fora de temporada alta: algama un rexistro r\u00e9cord para un primer trimestre que nun coincida coles vacaciones de Selmana Santa La estratexa del Princip\u00e1u para aumentar la captaci\u00f3n de visitantes d&#8217;otros pa\u00edses traducir nuna medr\u00eda del 17%. Fonte: Actualid\u00e1 Asturies \/<\/p>\n","protected":false},"author":117,"featured_media":0,"comment_status":"open","ping_status":"open","sticky":false,"template":"","format":"standard","meta":{"footnotes":""},"categories":[18],"tags":[],"class_list":["post-47143","post","type-post","status-publish","format-standard","hentry","category-turismu"],"_links":{"self":[{"href":"https:\/\/edublog.educastur.es\/ixuxu\/wp-json\/wp\/v2\/posts\/47143","targetHints":{"allow":["GET"]}}],"collection":[{"href":"https:\/\/edublog.educastur.es\/ixuxu\/wp-json\/wp\/v2\/posts"}],"about":[{"href":"https:\/\/edublog.educastur.es\/ixuxu\/wp-json\/wp\/v2\/types\/post"}],"author":[{"embeddable":true,"href":"https:\/\/edublog.educastur.es\/ixuxu\/wp-json\/wp\/v2\/users\/117"}],"replies":[{"embeddable":true,"href":"https:\/\/edublog.educastur.es\/ixuxu\/wp-json\/wp\/v2\/comments?post=47143"}],"version-history":[{"count":3,"href":"https:\/\/edublog.educastur.es\/ixuxu\/wp-json\/wp\/v2\/posts\/47143\/revisions"}],"predecessor-version":[{"id":47146,"href":"https:\/\/edublog.educastur.es\/ixuxu\/wp-json\/wp\/v2\/posts\/47143\/revisions\/47146"}],"wp:attachment":[{"href":"https:\/\/edublog.educastur.es\/ixuxu\/wp-json\/wp\/v2\/media?parent=47143"}],"wp:term":[{"taxonomy":"category","embeddable":true,"href":"https:\/\/edublog.educastur.es\/ixuxu\/wp-json\/wp\/v2\/categories?post=47143"},{"taxonomy":"post_tag","embeddable":true,"href":"https:\/\/edublog.educastur.es\/ixuxu\/wp-json\/wp\/v2\/tags?post=47143"}],"curies":[{"name":"wp","href":"https:\/\/api.w.org\/{rel}","templated":true}]}}