{"id":47157,"date":"2025-05-01T11:35:50","date_gmt":"2025-05-01T09:35:50","guid":{"rendered":"https:\/\/edublog.educastur.es\/ixuxu\/?p=47157"},"modified":"2025-05-01T15:17:27","modified_gmt":"2025-05-01T13:17:27","slug":"47157","status":"publish","type":"post","link":"https:\/\/edublog.educastur.es\/ixuxu\/2025\/05\/47157\/","title":{"rendered":"El Princip\u00e1u promociona&#8217;l so potencial tur\u00edstico y gastron\u00f3mico en Frankfurt (Alema\u00f1a)"},"content":{"rendered":"<ul>\n<li>Fonte: A<a href=\"https:\/\/actualidad.asturias.es\/-\/el-principado-promociona-su-potencial-tur\u00edstico-y-gastron\u00f3mico-en-la-feria-cider-world-de-frankfurt?redirect=%2Fnoticias%3Fp_p_id%3Dcom_liferay_asset_publi\">ctualid\u00e1 Asturies<\/a> \/<\/li>\n<\/ul>\n<p style=\"text-align: center\"><a href=\"https:\/\/actualidad.asturias.es\/documents\/537115\/2536472\/2025_04_28+Mesa+de+Asturias+en+Cider+World.jpg\/f6ffe138-35bc-aa43-2ed9-f1bb03573481?t=1745942036044\"><img loading=\"lazy\" decoding=\"async\" class=\"aligncenter size-large\" src=\"https:\/\/actualidad.asturias.es\/documents\/537115\/2536472\/2025_04_28+Mesa+de+Asturias+en+Cider+World.jpg\/f6ffe138-35bc-aa43-2ed9-f1bb03573481?t=1745942036044\" width=\"1498\" height=\"1127\" \/><\/a><\/p>\n<p><span style=\"color: #008080\">Asturies reforz\u00f3 la so proyecci\u00f3n internacional y promociona&#8217;l so potencial tur\u00edstico y gastron\u00f3mico na feria Cider World de Frankfurt la pasada fin de selmana.\u00a0 <\/span>Asturies refuerza asina la proyecci\u00f3n internacional de la cultura sidrera, apocay\u00e1 reconocida pola UNESCO.\u00a0El Princip\u00e1u foi protagonista del programa t\u00e9cnicu del eventu, consider\u00e1u una de les cites m\u00e1s relevantes del sector sidreru a nivel mundial.<\/p>\n<p><!--more--><\/p>\n<p>La participaci\u00f3n asturiana incluy\u00f3 una mesa informativa centrada na rex\u00f3n como dest\u00edn tur\u00edsticu, seg\u00fan dos presentaciones t\u00e9cniques que captaron l&#8217;inter\u00e9s del p\u00fablicu profesional internacional.<\/p>\n<p><strong>La primera<\/strong>, celebrada&#8217;l vienres nel marcu del Cider World Forum, tuvo dedicada a la reci\u00e9n declaraci\u00f3n de la Cultura Sidrera Asturiana como Patrimoniu Cultural Inmaterial de la Humanid\u00e1 per parte de la UNESCO. La esposici\u00f3n corri\u00f3 al cargu de representantes de la <span style=\"color: #008080\"><strong>Denominaci\u00f3n d&#8217;Orixe Protexida (DOP) Sidra d&#8217;Asturies<\/strong><\/span>, quien detallaron los valores cultural y social que sofiten esta reconocencia.<\/p>\n<p><strong>La segunda<\/strong> intervenci\u00f3n tuvo llugar el s\u00e1badu y sirvi\u00f3 para asitiar a Asturies como dest\u00edn gastron\u00f3micu, cola sidra como filo conductor. Esta sesi\u00f3n, una de les postreres del programa oficial, dex\u00f3 amosar \u00e9nte espertos internacionales los principales curiosos culinarios del Princip\u00e1u y la so ufierta como enclave tur\u00edsticu singular.<\/p>\n<p>Am\u00e1s, mientres tola feria, la presencia d&#8217;Asturies complementar con <strong>una campa\u00f1a de promoci\u00f3n esterior en soportes dixitales, centrada nel ic\u00f3nico xestu del escanci\u00e1u de la sidra natural, como s\u00edmbolu d&#8217;identid\u00e1 y tradici\u00f3n.<\/strong><\/p>\n<p>La participaci\u00f3n en Cider World 2025 forma parte de la estratexa del Gobiernu d&#8217;Asturies pa impulsar la internacionalizaci\u00f3n de la so cultura sidrera y aprovechar el so potencial como motor tur\u00edsticu.<\/p>\n<p><a href=\"https:\/\/actualidad.asturias.es\/documents\/537115\/2536472\/2025_04_28+Vista+general+de+Cider+World.jpg\/6aac185a-a4a7-8339-0307-0e2a6d7075fd?t=1745942036161\"><img loading=\"lazy\" decoding=\"async\" class=\"aligncenter size-large\" src=\"https:\/\/actualidad.asturias.es\/documents\/537115\/2536472\/2025_04_28+Vista+general+de+Cider+World.jpg\/6aac185a-a4a7-8339-0307-0e2a6d7075fd?t=1745942036161\" width=\"2048\" height=\"1536\" \/><\/a><\/p>\n<p style=\"text-align: center\">\n<!-- iframe plugin v.6.0 wordpress.org\/plugins\/iframe\/ -->\n<iframe loading=\"lazy\" src=\"https:\/\/www.facebook.com\/plugins\/post.php?href=https%3A%2F%2Fwww.facebook.com%2Fphoto.php%3Ffbid%3D985036547134845%26set%3Da.228420436129797%26type%3D3&#038;show_text=false&#038;width=500\" width=\"500\" height=\"786\" style=\"border:none;overflow:hidden\" scrolling=\"no\" frameborder=\"0\" allowfullscreen=\"true\" allow=\"autoplay; clipboard-write; encrypted-media; picture-in-picture; web-share\" 0=\"\/iframe\" class=\"iframe-class\"><\/iframe>\n<\/p>\n","protected":false},"excerpt":{"rendered":"<p>Fonte: Actualid\u00e1 Asturies \/ Asturies reforz\u00f3 la so proyecci\u00f3n internacional y promociona&#8217;l so potencial tur\u00edstico y gastron\u00f3mico na feria Cider World de Frankfurt la pasada fin de selmana.\u00a0 Asturies refuerza asina la proyecci\u00f3n internacional de la cultura sidrera, apocay\u00e1 reconocida pola UNESCO.\u00a0El Princip\u00e1u foi protagonista del programa t\u00e9cnicu del eventu, consider\u00e1u una de les cites [&hellip;]<\/p>\n","protected":false},"author":117,"featured_media":0,"comment_status":"open","ping_status":"open","sticky":false,"template":"","format":"standard","meta":{"footnotes":""},"categories":[156,18],"tags":[],"class_list":["post-47157","post","type-post","status-publish","format-standard","hentry","category-sidre","category-turismu"],"_links":{"self":[{"href":"https:\/\/edublog.educastur.es\/ixuxu\/wp-json\/wp\/v2\/posts\/47157","targetHints":{"allow":["GET"]}}],"collection":[{"href":"https:\/\/edublog.educastur.es\/ixuxu\/wp-json\/wp\/v2\/posts"}],"about":[{"href":"https:\/\/edublog.educastur.es\/ixuxu\/wp-json\/wp\/v2\/types\/post"}],"author":[{"embeddable":true,"href":"https:\/\/edublog.educastur.es\/ixuxu\/wp-json\/wp\/v2\/users\/117"}],"replies":[{"embeddable":true,"href":"https:\/\/edublog.educastur.es\/ixuxu\/wp-json\/wp\/v2\/comments?post=47157"}],"version-history":[{"count":4,"href":"https:\/\/edublog.educastur.es\/ixuxu\/wp-json\/wp\/v2\/posts\/47157\/revisions"}],"predecessor-version":[{"id":47226,"href":"https:\/\/edublog.educastur.es\/ixuxu\/wp-json\/wp\/v2\/posts\/47157\/revisions\/47226"}],"wp:attachment":[{"href":"https:\/\/edublog.educastur.es\/ixuxu\/wp-json\/wp\/v2\/media?parent=47157"}],"wp:term":[{"taxonomy":"category","embeddable":true,"href":"https:\/\/edublog.educastur.es\/ixuxu\/wp-json\/wp\/v2\/categories?post=47157"},{"taxonomy":"post_tag","embeddable":true,"href":"https:\/\/edublog.educastur.es\/ixuxu\/wp-json\/wp\/v2\/tags?post=47157"}],"curies":[{"name":"wp","href":"https:\/\/api.w.org\/{rel}","templated":true}]}}