{"id":47165,"date":"2025-05-01T11:40:31","date_gmt":"2025-05-01T09:40:31","guid":{"rendered":"https:\/\/edublog.educastur.es\/ixuxu\/?p=47165"},"modified":"2025-05-01T11:56:22","modified_gmt":"2025-05-01T09:56:22","slug":"47165","status":"publish","type":"post","link":"https:\/\/edublog.educastur.es\/ixuxu\/2025\/05\/47165\/","title":{"rendered":"Asturies refuerza la so estratexa de internacionalizaci\u00f3n tur\u00edstica"},"content":{"rendered":"<p><span style=\"color: #008080\"><strong>Asturies refuerza la so estratexa de internacionalizaci\u00f3n tur\u00edstica con operadores belgues especializaos en naturaleza.<\/strong><\/span> Nueve turoperadores del pa\u00eds percuerren los principales recursos de la comunid\u00e1, dientro de la estratexa de promoci\u00f3n en mercaos europeos con conex\u00f3n a\u00e9rea directa. M\u00e1s de 22.000 viaxeros belgues visitaron el Princip\u00e1u en 2024, un 3,4% m\u00e1s que l&#8217;a\u00f1u anterior.<\/p>\n<p style=\"text-align: center\"><a href=\"https:\/\/actualidad.asturias.es\/documents\/537115\/2520968\/2025_04_28+Turismo+operadores+belgas+1.jpg\/3dc47efa-4cae-268e-b79e-ce98b9d967b6?t=1745837444427\"><img loading=\"lazy\" decoding=\"async\" class=\"aligncenter size-large\" src=\"https:\/\/actualidad.asturias.es\/documents\/537115\/2520968\/2025_04_28+Turismo+operadores+belgas+1.jpg\/3dc47efa-4cae-268e-b79e-ce98b9d967b6?t=1745837444427\" width=\"1582\" height=\"1082\" \/><\/a><\/p>\n<ul>\n<li>Fonte: <a href=\"https:\/\/actualidad.asturias.es\/-\/asturias-refuerza-su-estrategia-de-internacionalizaci\u00f3n-tur\u00edstica-con-operadores-belgas-especializados-en-naturaleza?redirect=%2Fnoticias%3Fp_p_id%3Dcom_liferay_asset_publisher_web_portlet_AssetPublisherPortlet_INSTANCE_Pk4uPC5yniIC%26p_p_lifecycle%3D0%26p_p_state%3Dnormal%26p_p_mode%3Dview%26_com_liferay_asset_publisher_web_portlet_AssetPublisherPortlet_INSTANCE_Pk4uPC5yniIC_delta%3D10%26p_r_p_resetCur%3Dfalse%26_com_liferay_asset_publisher_web_portlet_AssetPublisherPortlet_INSTANCE_Pk4uPC5yniIC_cur%3D3\">Actualid\u00e1 Asturies<\/a> \/<\/li>\n<\/ul>\n<p><!--more--><\/p>\n<p>Asturies refuerza la so proyecci\u00f3n internacional como dest\u00edn de naturaleza y cultura cola visita de nueve operadores tur\u00edsticos belgues especializaos nesti segmentu. Mientres cuatro d\u00edes, los profesionales <strong>percorrieron dalgunos de los principales espacios naturales y urbanos de la comunid\u00e1, n&#8217;una acci\u00f3n coordinada cola Oficina Espa\u00f1ola de Turismu en Bruxeles.<\/strong><\/p>\n<p>La iniciativa forma parte de la estratexa del Gobiernu del Princip\u00e1u para consolidar Asturies como dest\u00edn de referencia en mercaos europeos con conex\u00f3n a\u00e9rea directa, como <strong>B\u00e9lxica, un pa\u00eds que cada vez apurre m\u00e1s turistes a la comunid\u00e1.<\/strong> Seg\u00fan datos del Institutu Nacional d&#8217;Estad\u00edstica (INE), m\u00e1s de 22.000 viaxeros belgues visitaron Asturies en 2024, lo que supon una medr\u00eda del 3,4% respectu al a\u00f1u anterior.<\/p>\n<p>El programa de visites dex\u00f3 a el operadores conocer enclaves emblem\u00e1ticos como&#8217;l Parque Nacional de los Picos d&#8217;Europa, la Reserva de la Biosfera de Redes o puntos singulares de la mari\u00f1a occidental. Coles mesmes, tuvieron ocasi\u00f3n d&#8217;afayar la ufierta cultural y urbano d&#8217;Uvi\u00e9u. Asina se destac\u00f3 la cercan\u00eda ente les redolaes naturales y les ciudaes, unu de los curiosos diferenciales d&#8217;Asturies.<\/p>\n<p style=\"text-align: center\"><a href=\"https:\/\/actualidad.asturias.es\/documents\/537115\/2520968\/2025_04_28+Turismo+operadores+belgas+3.jpg\/38fa41d2-b1f9-f365-15dd-38ea34ba0988?t=1745837444585\"><img loading=\"lazy\" decoding=\"async\" class=\"aligncenter \" src=\"https:\/\/actualidad.asturias.es\/documents\/537115\/2520968\/2025_04_28+Turismo+operadores+belgas+3.jpg\/38fa41d2-b1f9-f365-15dd-38ea34ba0988?t=1745837444585\" width=\"569\" height=\"707\" \/><\/a><\/p>\n<p><strong>La conectivid\u00e1 a\u00e9rea foi unu de los aspeutos valoraos polos participantes<\/strong>. La ufierta de tr\u00e9s vuelos selmanales directos ente Bruxeles y Asturies facilita la comercializaci\u00f3n de paquetes tur\u00edsticos n&#8217;orixe y refuerza les posibilidaes de captaci\u00f3n de visitantes internacionales.<\/p>\n<p>&nbsp;<\/p>\n<p>Como zarru de la so estancia, el operadores caltuvieron un alcuentru de trabayu con representantes de la <strong>Mesa de Turismu Rural<\/strong> y axentes tur\u00edsticos d&#8217;Asturies, col fin d&#8217;avanzar en futures collaboraciones comerciales y ampliar la presencia de la comunid\u00e1 nos cat\u00e1logos de viaxes belgues.<\/p>\n<p>Con acciones como esta, el Princip\u00e1u reafita&#8217;l so compromisu con un modelu tur\u00edsticu sostenible, empobin\u00e1u escontra un moldio de viaxeros que busquen autenticid\u00e1, naturaleza y cultura, y qu&#8217;atopa na comunid\u00e1 xuna propuesta diferencial dientro del panorama europ\u00e9u.<\/p>\n<p style=\"text-align: center\"><a href=\"https:\/\/actualidad.asturias.es\/documents\/537115\/2520968\/2025_04_28+Turismo+operadores+belgas+2.jpg\/5cd200ee-9002-c4f5-da1a-29097aaf69b6?t=1745837444508\"><img loading=\"lazy\" decoding=\"async\" class=\"aligncenter \" src=\"https:\/\/actualidad.asturias.es\/documents\/537115\/2520968\/2025_04_28+Turismo+operadores+belgas+2.jpg\/5cd200ee-9002-c4f5-da1a-29097aaf69b6?t=1745837444508\" width=\"669\" height=\"860\" \/><\/a><\/p>\n","protected":false},"excerpt":{"rendered":"<p>Asturies refuerza la so estratexa de internacionalizaci\u00f3n tur\u00edstica con operadores belgues especializaos en naturaleza. Nueve turoperadores del pa\u00eds percuerren los principales recursos de la comunid\u00e1, dientro de la estratexa de promoci\u00f3n en mercaos europeos con conex\u00f3n a\u00e9rea directa. M\u00e1s de 22.000 viaxeros belgues visitaron el Princip\u00e1u en 2024, un 3,4% m\u00e1s que l&#8217;a\u00f1u anterior. Fonte: [&hellip;]<\/p>\n","protected":false},"author":117,"featured_media":0,"comment_status":"open","ping_status":"open","sticky":false,"template":"","format":"standard","meta":{"footnotes":""},"categories":[18],"tags":[],"class_list":["post-47165","post","type-post","status-publish","format-standard","hentry","category-turismu"],"_links":{"self":[{"href":"https:\/\/edublog.educastur.es\/ixuxu\/wp-json\/wp\/v2\/posts\/47165","targetHints":{"allow":["GET"]}}],"collection":[{"href":"https:\/\/edublog.educastur.es\/ixuxu\/wp-json\/wp\/v2\/posts"}],"about":[{"href":"https:\/\/edublog.educastur.es\/ixuxu\/wp-json\/wp\/v2\/types\/post"}],"author":[{"embeddable":true,"href":"https:\/\/edublog.educastur.es\/ixuxu\/wp-json\/wp\/v2\/users\/117"}],"replies":[{"embeddable":true,"href":"https:\/\/edublog.educastur.es\/ixuxu\/wp-json\/wp\/v2\/comments?post=47165"}],"version-history":[{"count":4,"href":"https:\/\/edublog.educastur.es\/ixuxu\/wp-json\/wp\/v2\/posts\/47165\/revisions"}],"predecessor-version":[{"id":47169,"href":"https:\/\/edublog.educastur.es\/ixuxu\/wp-json\/wp\/v2\/posts\/47165\/revisions\/47169"}],"wp:attachment":[{"href":"https:\/\/edublog.educastur.es\/ixuxu\/wp-json\/wp\/v2\/media?parent=47165"}],"wp:term":[{"taxonomy":"category","embeddable":true,"href":"https:\/\/edublog.educastur.es\/ixuxu\/wp-json\/wp\/v2\/categories?post=47165"},{"taxonomy":"post_tag","embeddable":true,"href":"https:\/\/edublog.educastur.es\/ixuxu\/wp-json\/wp\/v2\/tags?post=47165"}],"curies":[{"name":"wp","href":"https:\/\/api.w.org\/{rel}","templated":true}]}}