{"id":47170,"date":"2025-05-01T08:30:34","date_gmt":"2025-05-01T06:30:34","guid":{"rendered":"https:\/\/edublog.educastur.es\/ixuxu\/?p=47170"},"modified":"2025-05-01T12:00:43","modified_gmt":"2025-05-01T10:00:43","slug":"el-tiempu-nasturies-el-comercio-9","status":"publish","type":"post","link":"https:\/\/edublog.educastur.es\/ixuxu\/2025\/05\/el-tiempu-nasturies-el-comercio-9\/","title":{"rendered":"El tiempu n&#8217;Asturies (El Comercio)"},"content":{"rendered":"<p style=\"text-align: center\"><a href=\"https:\/\/s2.ppllstatics.com\/elcomercio\/www\/multimedia\/2025\/04\/30\/prevision-tiempo-asturias-kG3B-U2301404163085IHH-1800x840@El%20Comercio.jpg\"><img loading=\"lazy\" decoding=\"async\" class=\"aligncenter size-large\" src=\"https:\/\/s2.ppllstatics.com\/elcomercio\/www\/multimedia\/2025\/04\/30\/prevision-tiempo-asturias-kG3B-U2301404163085IHH-1800x840@El%20Comercio.jpg\" width=\"1800\" height=\"840\" \/><\/a><\/p>\n<p><strong>Esperamos una ma\u00f1ana<\/strong> soleyera n&#8217;Asturies y presencia de mayor nubosidad de cara a la tarde. Van ser nubes d&#8217;evoluci\u00f3n que van empezar nel cordal y van estendese a otres zones de la rex\u00f3n. Esta nubosid\u00e1 podr\u00eda dexar dalg\u00fan bastiu esvalix\u00e1u especialmente nel sur. Comoquier, dellos modelos apunten a la posibilid\u00e1 de qu&#8217;estos bastios puedan afectar en mayor midida al sector oriental.<\/p>\n<p><strong>Los vientos<\/strong> van predominar de sur nel cordal con raches moderaes. Na mari\u00f1a van afitar de componente este a partir del mediud\u00eda.<\/p>\n<p><strong>Les temperatures<\/strong>, tres el pasu del frente fr\u00edu na tarde-nueche del mi\u00e9rcoles, van baxar de forma xeneralizada tanto nel casu de les m\u00e1ximes como nel de les m\u00ednimes. Am\u00e1s, el descensu va ser significativu cuidao que se preven m\u00e1ximes hasta 4 o 5 \u00baC menos que&#8217;l mi\u00e9rcoles en pr\u00e1cticamente toa Asturies.<\/p>\n<p><strong>El vienres<\/strong> va presentase xuna xornada inestable con probables bastios que, nesti casu, podr\u00eden aportar a localmente fuertes y acompa\u00f1aos de nube. Los vientos van soplar de sur con mayor intensid\u00e1 y les temperatures, eso s\u00ed, van xubir.<\/p>\n","protected":false},"excerpt":{"rendered":"<p>Esperamos una ma\u00f1ana soleyera n&#8217;Asturies y presencia de mayor nubosidad de cara a la tarde. Van ser nubes d&#8217;evoluci\u00f3n que van empezar nel cordal y van estendese a otres zones de la rex\u00f3n. Esta nubosid\u00e1 podr\u00eda dexar dalg\u00fan bastiu esvalix\u00e1u especialmente nel sur. Comoquier, dellos modelos apunten a la posibilid\u00e1 de qu&#8217;estos bastios puedan afectar [&hellip;]<\/p>\n","protected":false},"author":117,"featured_media":0,"comment_status":"open","ping_status":"open","sticky":false,"template":"","format":"standard","meta":{"footnotes":""},"categories":[5],"tags":[],"class_list":["post-47170","post","type-post","status-publish","format-standard","hentry","category-tiempu"],"_links":{"self":[{"href":"https:\/\/edublog.educastur.es\/ixuxu\/wp-json\/wp\/v2\/posts\/47170","targetHints":{"allow":["GET"]}}],"collection":[{"href":"https:\/\/edublog.educastur.es\/ixuxu\/wp-json\/wp\/v2\/posts"}],"about":[{"href":"https:\/\/edublog.educastur.es\/ixuxu\/wp-json\/wp\/v2\/types\/post"}],"author":[{"embeddable":true,"href":"https:\/\/edublog.educastur.es\/ixuxu\/wp-json\/wp\/v2\/users\/117"}],"replies":[{"embeddable":true,"href":"https:\/\/edublog.educastur.es\/ixuxu\/wp-json\/wp\/v2\/comments?post=47170"}],"version-history":[{"count":3,"href":"https:\/\/edublog.educastur.es\/ixuxu\/wp-json\/wp\/v2\/posts\/47170\/revisions"}],"predecessor-version":[{"id":47173,"href":"https:\/\/edublog.educastur.es\/ixuxu\/wp-json\/wp\/v2\/posts\/47170\/revisions\/47173"}],"wp:attachment":[{"href":"https:\/\/edublog.educastur.es\/ixuxu\/wp-json\/wp\/v2\/media?parent=47170"}],"wp:term":[{"taxonomy":"category","embeddable":true,"href":"https:\/\/edublog.educastur.es\/ixuxu\/wp-json\/wp\/v2\/categories?post=47170"},{"taxonomy":"post_tag","embeddable":true,"href":"https:\/\/edublog.educastur.es\/ixuxu\/wp-json\/wp\/v2\/tags?post=47170"}],"curies":[{"name":"wp","href":"https:\/\/api.w.org\/{rel}","templated":true}]}}