{"id":47216,"date":"2025-05-01T15:08:34","date_gmt":"2025-05-01T13:08:34","guid":{"rendered":"https:\/\/edublog.educastur.es\/ixuxu\/?p=47216"},"modified":"2025-05-03T11:59:01","modified_gmt":"2025-05-03T09:59:01","slug":"sablera-del-occidente-asturianu-escoyida-por-nutella-para-representar-a-asturies","status":"publish","type":"post","link":"https:\/\/edublog.educastur.es\/ixuxu\/2025\/05\/sablera-del-occidente-asturianu-escoyida-por-nutella-para-representar-a-asturies\/","title":{"rendered":"Sablera del Occidente asturianu escoyida por \u00abNutella\u00bb para representar a Asturies"},"content":{"rendered":"<ul>\n<li>Fonte: <a href=\"https:\/\/www.aquidiario.com\/articulo\/valdes\/es-playa-occidente-asturiano-elegida-nutella-representar-asturias-nueva-campana\/20250430114117024822.html?utm_medium=social&amp;fbclid=IwY2xjawKAUOdleHRuA2FlbQIxMQBicmlkETF0UGZCMHZ0VUl0TzF0RnlvAR7Gj4ceOgTAgPVbQJcL8T3jgQkTS4pqHZP6HhzvBuka5LAlPOXBm3eiKJZyFw_aem_ktsA3JXmen9C-_Mj7Q9F0g\">Aqu\u00edDiario<\/a> \/ <a href=\"https:\/\/www.nutella.com\/es\/es\/nutella-good-morning\/asturias\"><strong>NUTELLA<\/strong> <\/a>\/<\/li>\n<\/ul>\n<p style=\"text-align: center\"><a href=\"https:\/\/www.nutella.com\/es\/sites\/nutella20_es\/files\/styles\/scale_width_1040\/public\/2025-02\/asturias.png?t=1744723043\"><img loading=\"lazy\" decoding=\"async\" class=\"aligncenter \" src=\"https:\/\/www.nutella.com\/es\/sites\/nutella20_es\/files\/styles\/scale_width_1040\/public\/2025-02\/asturias.png?t=1744723043\" width=\"449\" height=\"627\" \/><\/a><\/p>\n<p>&nbsp;<\/p>\n<p>Esta ye la sablera del Occidente asturianu escoyida por \u00abNutella\u00bb para representar a Asturies na so nueva campa\u00f1a. <strong>Imaxe del<\/strong><br \/>\n<strong>tarru promocional sobro Asturies, cola Sablera de Campiechos (Vald\u00e9s)<\/strong>. El tarru asturianu de la marca de crema de chocolate forma parte d&#8217;una edici\u00f3n partir con imaxes d&#8217;amaneceres en tol pa\u00eds.<\/p>\n<p><!--more--><\/p>\n<p style=\"text-align: center\"><a href=\"https:\/\/www.aquidiario.com\/asset\/thumbnail,1920,1080,center,center\/media\/aquidiario\/images\/2025\/04\/30\/2025043011403916436.jpg\"><img loading=\"lazy\" decoding=\"async\" class=\"aligncenter size-large\" src=\"https:\/\/www.aquidiario.com\/asset\/thumbnail,1920,1080,center,center\/media\/aquidiario\/images\/2025\/04\/30\/2025043011403916436.jpg\" width=\"1200\" height=\"675\" \/><\/a><\/p>\n<p>&nbsp;<\/p>\n<p>Una vegada m\u00e1s, l&#8217;occidente asturianu representa a Asturies en campa\u00f1es publicitaries nacionales ya internacionales; nesti casu, na nueva promoci\u00f3n de la famosa marca de crema de chocolate \u00abNutella\u00bb, propied\u00e1 del Grupu Ferrero. <strong>Con un total de diecisiete imaxes d&#8217;amaneceres ic\u00f3nicos, xuna per cada comunid\u00e1 aut\u00f3noma espa\u00f1ola, el grupu cre\u00f3 xuna edici\u00f3n llindada del so popular tarru de 750 gramos, sol nome \u00abUn bon d\u00eda empieza en casa\u00bb.<\/strong> Y, nel casu asturianu, ye la Sablera de Campiechos, en Vald\u00e9s, la escoyida pa ilustrar la meyor naturaleza asturiana.<\/p>\n<p>Pr\u00f3xima al pueblu de Cadavedo (Pueblu Exemplar d&#8217;Asturies 2022), la sablera valdesana \u00abye un dest\u00edn de gran valor paisax\u00edsticu y xeol\u00f3xicu, especialmente conocida polos sos espectaculares formaciones predreses, ente les que destaquen cueves y arcos moldiaos pola erosi\u00f3n del mar\u00bb, destaca Ferrero, sobro una sablera que forma parte del Paisaxe Protex\u00edu de la Mari\u00f1a Occidental, \u00abcon vistes impresionantes del Cant\u00e1bricu\u00bb.<\/p>\n<p style=\"text-align: center\"><a href=\"https:\/\/www.aquidiario.com\/asset\/thumbnail,768,432,center,center\/media\/aquidiario\/images\/2025\/04\/30\/2025043011414616045.jpg\"><img loading=\"lazy\" decoding=\"async\" class=\"aligncenter size-large\" src=\"https:\/\/www.aquidiario.com\/asset\/thumbnail,768,432,center,center\/media\/aquidiario\/images\/2025\/04\/30\/2025043011414616045.jpg\" width=\"681\" height=\"432\" \/><\/a><br \/>\nSablera Campiecho, en Vald\u00e9s. Semeya: Turismo Asturies<\/p>\n<p>Seg\u00fan destaquen na \u00e1rea de Turismu d&#8217;Asturies, <strong>esti rinc\u00f3n valdesanu ye, am\u00e1s, un reclamu pa los aficionaos a la pesca y pa los senderistas<\/strong>.<em> \u00abUn estrechu cam\u00edn dexa l&#8217;accesu en coche hasta una cet\u00e1rea, al pie de la qu&#8217;esiste un pequenu aparcamientu, y delles construcciones rellacionaes cola pesca. Pa baxar a Campiechos s\u00e1lvase un desnivel d&#8217;ocho metros con una rampla, y ta nuna zona daqu\u00e9 aisllada, polo que ye un arenal pocu alleg\u00e1u\u00bb,<\/em> se\u00f1alen.<\/p>\n<p>Cola so campa\u00f1a, el Grupu Ferrero busca <em>\u00abredescubrir la so guapura dende lo cotidiano y potenciar el turismu local, porque se reflexa la diversid\u00e1 y el calter \u00fanicu de cada rinc\u00f3n del pa\u00eds\u00bb<\/em>. Rincones como la cercana al occidente asturianu sablera d&#8217;As Catedrais, en Ribadeo, escoyida tami\u00e9n por \u00abNutella\u00bb pa representar a la vecina comunid\u00e1 de Galicia.<\/p>\n<p style=\"text-align: center\"><img loading=\"lazy\" decoding=\"async\" class=\"alignnone size-large\" src=\"https:\/\/www.asturiasmundial.com\/noticias\/fotos\/\/140144_1_thumb.jpg\" width=\"770\" height=\"380\" \/><\/p>\n<p>Nel casu d&#8217;Asturies, el llugar escoy\u00edu foi la sablera de Campiechos, en Vald\u00e9s, un rinc\u00f3n singular de la mari\u00f1a occidental que combina cantiles, formaciones predreses y mar abiertu. Esti paisaxe, habitual entre senderistas y pescadores, representa l&#8217;esp\u00edritu del amanecer asturianu: serenu, potente y natural.<\/p>\n<p>La iniciativa busca convidar a mirar la nuesa redolada con nuevos g\u00fceyos, destacando la guapura que nos arrodia nel d\u00eda ente d\u00eda. Al travi\u00e9s d&#8217;esta colecci\u00f3n, Nutella pon en valor el turismu local y la conex\u00f3n emocional colos nuesos paisaxes cotidianos.<\/p>\n<p>Am\u00e1s de Campiechos, los tarros amuesen otros enclaves de gran valor paisax\u00edsticu y cultural: el Torcal de Antequera (Andaluc\u00eda), Alqu\u00e9zar (Arag\u00f3n), Portocolom (Baleares), les dunes de Maspalomas (Canaries), la sablera de la Arn\u00eda (Cantabria), Campu de Criptana (Castiella-La Mancha), el banz\u00e1u de Burguillo (Castiella y Lli\u00f3n), el Park G\u00fcell (Catalu\u00f1a), el parque del Retiru (Madrid), el cabu Cervera (Comunidad Valenciana), el meandro del Meleru (Estremadura), la sablera d&#8217;As Catedrais (Galicia), los vi\u00f1eos de La Rioxa, el Cam\u00edn de Santiago en Navarra, la badea de la Concha (Pa\u00eds Vascu) y Santiago de la Ribera (Murcia).<\/p>\n<p>Cada unu d&#8217;estos llugares apaez represent\u00e1u a l&#8217;amanecida, simbolizando un nuevu empiezu y record\u00e1ndonos que, dacuando, lo estraordinario ta m\u00e1s abargana de lo que pensamos. Y que, como diz la campa\u00f1a, los bonos d\u00edes empiecen en casa\u2026 o frente a un paisaxe que nos conecta colo que somos.<\/p>\n<p>Con esta campa\u00f1a, <strong>Nutella busca espertar la conex\u00f3n emocional cola nuesa redolada m\u00e1s cercana, reivindicando que nun fai falta viaxar llue\u00f1e para esfrutar de la guapura.<\/strong> L&#8217;oxetivu ye doble: promover el turismu de proximid\u00e1 y, coles mesmes, convertir cada almuerzu n&#8217;una esperiencia sensorial, emocional y cultural.<\/p>\n<p><span style=\"color: #008080\"><em><strong>\u201cUn bon d\u00eda empieza en casa nun ye solo un lema, ye una invitaci\u00f3n a mirar lo nueso con otros g\u00fceyos\u201d<\/strong><\/em><\/span>, espliquen dende Ferrero, grupu responsable de la marca. \u201cLos tarros convi\u00e9rtense asina en ventanes a lo estraordinario qu&#8217;hai xusto onde vivimos\u201d.<\/p>\n","protected":false},"excerpt":{"rendered":"<p>Fonte: Aqu\u00edDiario \/ NUTELLA \/ &nbsp; Esta ye la sablera del Occidente asturianu escoyida por \u00abNutella\u00bb para representar a Asturies na so nueva campa\u00f1a. Imaxe del tarru promocional sobro Asturies, cola Sablera de Campiechos (Vald\u00e9s). El tarru asturianu de la marca de crema de chocolate forma parte d&#8217;una edici\u00f3n partir con imaxes d&#8217;amaneceres en tol [&hellip;]<\/p>\n","protected":false},"author":117,"featured_media":0,"comment_status":"open","ping_status":"open","sticky":false,"template":"","format":"standard","meta":{"footnotes":""},"categories":[138,93],"tags":[],"class_list":["post-47216","post","type-post","status-publish","format-standard","hentry","category-alimentos","category-sableres"],"_links":{"self":[{"href":"https:\/\/edublog.educastur.es\/ixuxu\/wp-json\/wp\/v2\/posts\/47216","targetHints":{"allow":["GET"]}}],"collection":[{"href":"https:\/\/edublog.educastur.es\/ixuxu\/wp-json\/wp\/v2\/posts"}],"about":[{"href":"https:\/\/edublog.educastur.es\/ixuxu\/wp-json\/wp\/v2\/types\/post"}],"author":[{"embeddable":true,"href":"https:\/\/edublog.educastur.es\/ixuxu\/wp-json\/wp\/v2\/users\/117"}],"replies":[{"embeddable":true,"href":"https:\/\/edublog.educastur.es\/ixuxu\/wp-json\/wp\/v2\/comments?post=47216"}],"version-history":[{"count":9,"href":"https:\/\/edublog.educastur.es\/ixuxu\/wp-json\/wp\/v2\/posts\/47216\/revisions"}],"predecessor-version":[{"id":47225,"href":"https:\/\/edublog.educastur.es\/ixuxu\/wp-json\/wp\/v2\/posts\/47216\/revisions\/47225"}],"wp:attachment":[{"href":"https:\/\/edublog.educastur.es\/ixuxu\/wp-json\/wp\/v2\/media?parent=47216"}],"wp:term":[{"taxonomy":"category","embeddable":true,"href":"https:\/\/edublog.educastur.es\/ixuxu\/wp-json\/wp\/v2\/categories?post=47216"},{"taxonomy":"post_tag","embeddable":true,"href":"https:\/\/edublog.educastur.es\/ixuxu\/wp-json\/wp\/v2\/tags?post=47216"}],"curies":[{"name":"wp","href":"https:\/\/api.w.org\/{rel}","templated":true}]}}