{"id":47263,"date":"2025-05-02T08:30:44","date_gmt":"2025-05-02T06:30:44","guid":{"rendered":"https:\/\/edublog.educastur.es\/ixuxu\/?p=47263"},"modified":"2025-05-02T11:25:14","modified_gmt":"2025-05-02T09:25:14","slug":"tiempu-nasturies-el-comercio-4","status":"publish","type":"post","link":"https:\/\/edublog.educastur.es\/ixuxu\/2025\/05\/tiempu-nasturies-el-comercio-4\/","title":{"rendered":"Tiempu n&#8217;Asturies (El Comercio)"},"content":{"rendered":"<p style=\"text-align: center\"><a href=\"https:\/\/s1.ppllstatics.com\/elcomercio\/www\/multimedia\/2025\/05\/01\/prevision-tiempo-asturias-k19-U2301404163085IHH-1800x840@El%20Comercio.jpg\"><img loading=\"lazy\" decoding=\"async\" class=\"aligncenter size-large\" src=\"https:\/\/s1.ppllstatics.com\/elcomercio\/www\/multimedia\/2025\/05\/01\/prevision-tiempo-asturias-k19-U2301404163085IHH-1800x840@El%20Comercio.jpg\" width=\"1800\" height=\"840\" \/><\/a><\/p>\n<p><strong>Esperamos una xornada inestable anque tami\u00e9n va haber momentos para ver el sol.<\/strong> La cercana umbada alcontrada al oeste de la mari\u00f1a peninsular xenera inestabilid\u00e1 meteorol\u00f3xica n&#8217;Asturies. Tou apunta a que <strong>se preven bastios d&#8217;orixe tormentosu<\/strong> antes del mediud\u00eda de forma local e irregularmente part\u00edos.<\/p>\n<p>Ello ye que l&#8217;<strong>Axencia Estatal de Meteorolox\u00eda<\/strong> va activar l&#8217;<strong>avisu mariellu a partir del mediud\u00eda<\/strong> por posibilid\u00e1 de rexistrar hasta 15 llitros per metro cuadr\u00e1u n&#8217;una hora en cualquier puntu de la rex\u00f3n. Am\u00e1s, esti avisu tami\u00e9n destaca la presencia d&#8217;aparatu el\u00e9ctricu.<\/p>\n<p><strong>Tocantes a los vientos,<\/strong> van soplar de componente sur moderaos nel interior, con posibilid\u00e1 de dalguna racha fuerte en zones altes del cordal, ente que na mari\u00f1a van predominar de componente este.<\/p>\n<p><strong>Les temperatures<\/strong>, tres el descensu del xueves, van recuperase llixeramente salvu na mari\u00f1a occidental y na oriental onde van xubir de forma daqu\u00e9 m\u00e1s significativa.<\/p>\n<p><strong>Pa la fin de selmana<\/strong> tami\u00e9n esperamos inestabilid\u00e1 con bastios que van ser m\u00e1s frecuentes mientres la segunda parte d&#8217;acald\u00eda.<\/p>\n<p>&nbsp;<\/p>\n","protected":false},"excerpt":{"rendered":"<p>Esperamos una xornada inestable anque tami\u00e9n va haber momentos para ver el sol. La cercana umbada alcontrada al oeste de la mari\u00f1a peninsular xenera inestabilid\u00e1 meteorol\u00f3xica n&#8217;Asturies. Tou apunta a que se preven bastios d&#8217;orixe tormentosu antes del mediud\u00eda de forma local e irregularmente part\u00edos. Ello ye que l&#8217;Axencia Estatal de Meteorolox\u00eda va activar l&#8217;avisu [&hellip;]<\/p>\n","protected":false},"author":117,"featured_media":0,"comment_status":"open","ping_status":"open","sticky":false,"template":"","format":"standard","meta":{"footnotes":""},"categories":[5],"tags":[],"class_list":["post-47263","post","type-post","status-publish","format-standard","hentry","category-tiempu"],"_links":{"self":[{"href":"https:\/\/edublog.educastur.es\/ixuxu\/wp-json\/wp\/v2\/posts\/47263","targetHints":{"allow":["GET"]}}],"collection":[{"href":"https:\/\/edublog.educastur.es\/ixuxu\/wp-json\/wp\/v2\/posts"}],"about":[{"href":"https:\/\/edublog.educastur.es\/ixuxu\/wp-json\/wp\/v2\/types\/post"}],"author":[{"embeddable":true,"href":"https:\/\/edublog.educastur.es\/ixuxu\/wp-json\/wp\/v2\/users\/117"}],"replies":[{"embeddable":true,"href":"https:\/\/edublog.educastur.es\/ixuxu\/wp-json\/wp\/v2\/comments?post=47263"}],"version-history":[{"count":4,"href":"https:\/\/edublog.educastur.es\/ixuxu\/wp-json\/wp\/v2\/posts\/47263\/revisions"}],"predecessor-version":[{"id":47267,"href":"https:\/\/edublog.educastur.es\/ixuxu\/wp-json\/wp\/v2\/posts\/47263\/revisions\/47267"}],"wp:attachment":[{"href":"https:\/\/edublog.educastur.es\/ixuxu\/wp-json\/wp\/v2\/media?parent=47263"}],"wp:term":[{"taxonomy":"category","embeddable":true,"href":"https:\/\/edublog.educastur.es\/ixuxu\/wp-json\/wp\/v2\/categories?post=47263"},{"taxonomy":"post_tag","embeddable":true,"href":"https:\/\/edublog.educastur.es\/ixuxu\/wp-json\/wp\/v2\/tags?post=47263"}],"curies":[{"name":"wp","href":"https:\/\/api.w.org\/{rel}","templated":true}]}}