{"id":47268,"date":"2025-05-02T11:27:52","date_gmt":"2025-05-02T09:27:52","guid":{"rendered":"https:\/\/edublog.educastur.es\/ixuxu\/?p=47268"},"modified":"2025-05-02T11:27:52","modified_gmt":"2025-05-02T09:27:52","slug":"asturies-preparase-para-otru-anu-de-record-turisticu","status":"publish","type":"post","link":"https:\/\/edublog.educastur.es\/ixuxu\/2025\/05\/asturies-preparase-para-otru-anu-de-record-turisticu\/","title":{"rendered":"Asturies prep\u00e1rase para otru a\u00f1u de r\u00e9cord tur\u00edsticu"},"content":{"rendered":"<p style=\"text-align: center\"><a href=\"https:\/\/s2.ppllstatics.com\/elcomercio\/www\/multimedia\/2025\/05\/02\/turismo-oviedo%20(15)-kzYD--562x393@El%20Comercio.jpg\"><img loading=\"lazy\" decoding=\"async\" class=\"aligncenter size-large\" src=\"https:\/\/s2.ppllstatics.com\/elcomercio\/www\/multimedia\/2025\/05\/02\/turismo-oviedo%20(15)-kzYD--562x393@El%20Comercio.jpg\" width=\"561\" height=\"393\" \/><\/a><\/p>\n<ul>\n<li><a href=\"https:\/\/www.elcomercio.es\/asturias\/asturias-turismo-prevision-crecimiento-visitantes-record-20250502093530-nt.html\">El Comercio<\/a> \/<\/li>\n<\/ul>\n<p>Asturies prep\u00e1rase para otru a\u00f1u de r\u00e9cord tur\u00edsticu: va crecer m\u00e1s que Canaries o Valencia. El sector espera vender <strong>un 6,6% m\u00e1s que l&#8217;a\u00f1u pas\u00e1u<\/strong>, tasa solo superada pol Pa\u00eds Vascu y Madrid, seg\u00fan l&#8217;informe d&#8217;Exceltur. M\u00e1s qu&#8217;Andaluc\u00eda o Canaries. Inclusive que Baleares o la Comunidad Valenciana.<\/p>\n","protected":false},"excerpt":{"rendered":"<p>El Comercio \/ Asturies prep\u00e1rase para otru a\u00f1u de r\u00e9cord tur\u00edsticu: va crecer m\u00e1s que Canaries o Valencia. El sector espera vender un 6,6% m\u00e1s que l&#8217;a\u00f1u pas\u00e1u, tasa solo superada pol Pa\u00eds Vascu y Madrid, seg\u00fan l&#8217;informe d&#8217;Exceltur. M\u00e1s qu&#8217;Andaluc\u00eda o Canaries. Inclusive que Baleares o la Comunidad Valenciana.<\/p>\n","protected":false},"author":117,"featured_media":0,"comment_status":"open","ping_status":"open","sticky":false,"template":"","format":"standard","meta":{"footnotes":""},"categories":[18],"tags":[],"class_list":["post-47268","post","type-post","status-publish","format-standard","hentry","category-turismu"],"_links":{"self":[{"href":"https:\/\/edublog.educastur.es\/ixuxu\/wp-json\/wp\/v2\/posts\/47268","targetHints":{"allow":["GET"]}}],"collection":[{"href":"https:\/\/edublog.educastur.es\/ixuxu\/wp-json\/wp\/v2\/posts"}],"about":[{"href":"https:\/\/edublog.educastur.es\/ixuxu\/wp-json\/wp\/v2\/types\/post"}],"author":[{"embeddable":true,"href":"https:\/\/edublog.educastur.es\/ixuxu\/wp-json\/wp\/v2\/users\/117"}],"replies":[{"embeddable":true,"href":"https:\/\/edublog.educastur.es\/ixuxu\/wp-json\/wp\/v2\/comments?post=47268"}],"version-history":[{"count":1,"href":"https:\/\/edublog.educastur.es\/ixuxu\/wp-json\/wp\/v2\/posts\/47268\/revisions"}],"predecessor-version":[{"id":47269,"href":"https:\/\/edublog.educastur.es\/ixuxu\/wp-json\/wp\/v2\/posts\/47268\/revisions\/47269"}],"wp:attachment":[{"href":"https:\/\/edublog.educastur.es\/ixuxu\/wp-json\/wp\/v2\/media?parent=47268"}],"wp:term":[{"taxonomy":"category","embeddable":true,"href":"https:\/\/edublog.educastur.es\/ixuxu\/wp-json\/wp\/v2\/categories?post=47268"},{"taxonomy":"post_tag","embeddable":true,"href":"https:\/\/edublog.educastur.es\/ixuxu\/wp-json\/wp\/v2\/tags?post=47268"}],"curies":[{"name":"wp","href":"https:\/\/api.w.org\/{rel}","templated":true}]}}