{"id":47293,"date":"2025-05-03T08:30:17","date_gmt":"2025-05-03T06:30:17","guid":{"rendered":"https:\/\/edublog.educastur.es\/ixuxu\/?p=47293"},"modified":"2025-05-03T10:26:33","modified_gmt":"2025-05-03T08:26:33","slug":"tiempu-nasturies-el-comercio-5","status":"publish","type":"post","link":"https:\/\/edublog.educastur.es\/ixuxu\/2025\/05\/tiempu-nasturies-el-comercio-5\/","title":{"rendered":"Tiempu n&#8217;Asturies (El Comercio)"},"content":{"rendered":"<p style=\"text-align: center\"><a href=\"https:\/\/s1.ppllstatics.com\/elcomercio\/www\/multimedia\/2025\/05\/02\/prevision-tiempo-asturias-kdpD-U2301404163085IHH-1800x840@El%20Comercio.jpg\"><img loading=\"lazy\" decoding=\"async\" class=\"aligncenter size-large\" src=\"https:\/\/s1.ppllstatics.com\/elcomercio\/www\/multimedia\/2025\/05\/02\/prevision-tiempo-asturias-kdpD-U2301404163085IHH-1800x840@El%20Comercio.jpg\" width=\"1800\" height=\"837\" \/><\/a><\/p>\n<p>Esti s\u00e1badu <strong>esperamos una ma\u00f1ana soleyera en tol Princip\u00e1u d&#8217;Asturies.<\/strong><\/p>\n<p><strong>A partir del mediud\u00eda<\/strong>, vamos empezar a reparar la entrada de nubosidad que va llegar dende&#8217;l sur polo que la previsi\u00f3n meteorol\u00f3xica de cara a la tarde va ser bien distinta. Estes nubes van poder dexar bastios d&#8217;orixe tormentosu que van ser irregularmente part\u00edos ya intermitentes. L&#8217;Axencia Estatal de Meteorolox\u00eda va activar <strong>a partir del mediud\u00eda<\/strong> en tolos sectores de la rex\u00f3n l<strong>&#8216;avisu mariellu por posibilid\u00e1 de fuertes ag\u00fces<\/strong> (hasta 15 llitros per metro cuadr\u00e1u nuna hora) y la presencia de xarazo.<\/p>\n<p><!--more--><\/p>\n<p>A priori, l&#8217;occidente asturianu va ser el m\u00e1s afect\u00e1u cuidao que, emprestando atenci\u00f3n a los modelos meteorol\u00f3xicos, va ser onde m\u00e1s precipitaci\u00f3n se rexistre. Los vientos van soplar de sur nel cordal y otres zones del interior, siendo variables na mari\u00f1a.<\/p>\n<p><strong>Les temperatures m\u00e1ximes<\/strong> van baxar llixeramente y les m\u00ednimes apenes van variar. <strong>El domingu<\/strong> vamos tener m\u00e1s nubosidad y\u00e1 dende pela ma\u00f1ana pero, en principiu, los bastios volver\u00e1n ser m\u00e1s frecuentes de cara a la segunda met\u00e1 del d\u00eda. <strong>Los vientos<\/strong>, anque van empezar de sur, van acabar predominando de norte. <strong>Les temperatures van baxar en tola Comunid\u00e1 Aut\u00f3noma<\/strong>. Para&#8217;l llunes y el martes espera un nuevu descensu t\u00e9rmicu y nieve a partir de los 1500 metros d&#8217;altor.<\/p>\n","protected":false},"excerpt":{"rendered":"<p>Esti s\u00e1badu esperamos una ma\u00f1ana soleyera en tol Princip\u00e1u d&#8217;Asturies. A partir del mediud\u00eda, vamos empezar a reparar la entrada de nubosidad que va llegar dende&#8217;l sur polo que la previsi\u00f3n meteorol\u00f3xica de cara a la tarde va ser bien distinta. Estes nubes van poder dexar bastios d&#8217;orixe tormentosu que van ser irregularmente part\u00edos ya [&hellip;]<\/p>\n","protected":false},"author":117,"featured_media":0,"comment_status":"open","ping_status":"open","sticky":false,"template":"","format":"standard","meta":{"footnotes":""},"categories":[5],"tags":[],"class_list":["post-47293","post","type-post","status-publish","format-standard","hentry","category-tiempu"],"_links":{"self":[{"href":"https:\/\/edublog.educastur.es\/ixuxu\/wp-json\/wp\/v2\/posts\/47293","targetHints":{"allow":["GET"]}}],"collection":[{"href":"https:\/\/edublog.educastur.es\/ixuxu\/wp-json\/wp\/v2\/posts"}],"about":[{"href":"https:\/\/edublog.educastur.es\/ixuxu\/wp-json\/wp\/v2\/types\/post"}],"author":[{"embeddable":true,"href":"https:\/\/edublog.educastur.es\/ixuxu\/wp-json\/wp\/v2\/users\/117"}],"replies":[{"embeddable":true,"href":"https:\/\/edublog.educastur.es\/ixuxu\/wp-json\/wp\/v2\/comments?post=47293"}],"version-history":[{"count":1,"href":"https:\/\/edublog.educastur.es\/ixuxu\/wp-json\/wp\/v2\/posts\/47293\/revisions"}],"predecessor-version":[{"id":47294,"href":"https:\/\/edublog.educastur.es\/ixuxu\/wp-json\/wp\/v2\/posts\/47293\/revisions\/47294"}],"wp:attachment":[{"href":"https:\/\/edublog.educastur.es\/ixuxu\/wp-json\/wp\/v2\/media?parent=47293"}],"wp:term":[{"taxonomy":"category","embeddable":true,"href":"https:\/\/edublog.educastur.es\/ixuxu\/wp-json\/wp\/v2\/categories?post=47293"},{"taxonomy":"post_tag","embeddable":true,"href":"https:\/\/edublog.educastur.es\/ixuxu\/wp-json\/wp\/v2\/tags?post=47293"}],"curies":[{"name":"wp","href":"https:\/\/api.w.org\/{rel}","templated":true}]}}