{"id":47295,"date":"2025-05-03T10:28:08","date_gmt":"2025-05-03T08:28:08","guid":{"rendered":"https:\/\/edublog.educastur.es\/ixuxu\/?p=47295"},"modified":"2025-05-05T12:24:58","modified_gmt":"2025-05-05T10:24:58","slug":"reabrel-mirador-del-fitu-tres-delles-selmanes-cerrau-por-riesgu-daccidentes","status":"publish","type":"post","link":"https:\/\/edublog.educastur.es\/ixuxu\/2025\/05\/reabrel-mirador-del-fitu-tres-delles-selmanes-cerrau-por-riesgu-daccidentes\/","title":{"rendered":"Reabre&#8217;l mirador del Fitu tres delles selmanes cerr\u00e1u por riesgu d&#8217;accidentes"},"content":{"rendered":"<p>Reabre&#8217;l <span style=\"color: #008080\"><strong>mirador del Fitu<\/strong> <\/span>tres delles selmanes cerr\u00e1u por riesgu d&#8217;accidentes. L&#8217;emblem\u00e1ticu enclave sufri\u00f3 numberosos actos vand\u00e1licos que y\u00e1 fueron reparaos gracies a una inversi\u00f3n que supera los 5.600 euros.<\/p>\n<ul>\n<li>Fonte: <a href=\"https:\/\/actualidad.asturias.es\/-\/medio-rural-reabre-el-acceso-al-mirador-del-fitu-tras-reparar-los-elementos-vandalizados?redirect=%2Fnoticias%3Fp_p_id%3Dcom_liferay_asset_publisher_web_portlet_AssetPublisherPortlet_INSTANCE_Pk4uPC5yniIC%26p_p_lifecycle%3D0%26p_p_state%3Dnormal%26p_p_mode%3Dview%26_com_liferay_asset_publisher_web_portlet_AssetPublisherPortlet_INSTANCE_Pk4uPC5yniIC_delta%3D10%26p_r_p_resetCur%3Dfalse%26_com_liferay_asset_publisher_web_portlet_AssetPublisherPortlet_INSTANCE_Pk4uPC5yniIC_cur%3D2\">Actualid\u00e1 Asturies\u00a0<\/a> \/\u00a0<a href=\"https:\/\/www.elcomercio.es\/planes\/mirador-fitu-planes-asturias-20250502095315-nt.html\">El Comercio<\/a><\/li>\n<\/ul>\n<p style=\"text-align: center\"><a href=\"https:\/\/s2.ppllstatics.com\/elcomercio\/www\/multimedia\/2025\/05\/02\/mirador-fitu-asturias-kwQ-U230164177801817C-1200x840@El%20Comercio.jpg\"><img loading=\"lazy\" decoding=\"async\" class=\"aligncenter size-large\" src=\"https:\/\/s2.ppllstatics.com\/elcomercio\/www\/multimedia\/2025\/05\/02\/mirador-fitu-asturias-kwQ-U230164177801817C-1200x840@El%20Comercio.jpg\" width=\"1200\" height=\"840\" \/><\/a><\/p>\n<p><!--more--><\/p>\n<p><strong>El mirador del Fitu, en Parres, reabri\u00f3 al p\u00fablicu tres delles selmanes cerr\u00e1u por culpa de los v\u00e1ndalos<\/strong>. L&#8217;emblem\u00e1ticu enclave, dende&#8217;l que se puede otear Sierra del Sueve, el Parque Natural de Ponga y los Picos d&#8217;Europa, sufri\u00f3 numberosos desperfectos que pon\u00eden en xaque la segurid\u00e1 de los visitantes. Dempu\u00e9s d&#8217;una inversi\u00f3n de 5.651 euros executada pola empresa Tinastur, la Conseyer\u00eda de Mediu Rural y Pol\u00edtica Agraria d&#8217;Asturies el xueves a la fin pudo volvese a xubir les sos emblem\u00e1tiques escaleres.<\/p>\n<p>Seg\u00fan esplic\u00f3&#8217;l Princip\u00e1u, repar\u00f3se la barandiella y retir\u00e1ronse les valles que torgaben el pasu. Am\u00e1s, llimpi\u00f3se&#8217;l mirador y retir\u00f3se basura y elementos cortantes. Tami\u00e9n se roz\u00f3 la redolada, l&#8217;aparcamientu y el cam\u00edn d&#8217;accesu.<\/p>\n<p style=\"text-align: center\"><span class=\"html-span xexx8yu x4uap5 x18d9i69 xkhd6sd x1hl2dhg x16tdsg8 x1vvkbs x3nfvp2 x1j61x8r x1fcty0u xdj266r xat24cr xgzva0m xhhsvwb xxymvpz xlup9mm x1kky2od\">\n<!-- iframe plugin v.6.0 wordpress.org\/plugins\/iframe\/ -->\n<iframe loading=\"lazy\" src=\"https:\/\/www.instagram.com\/reel\/DJJaXB3PMf5\/embed\" width=\"360\" height=\"500\" 0=\"\/iframe\" scrolling=\"yes\" class=\"iframe-class\" frameborder=\"0\"><\/iframe>\n<\/span><\/p>\n<p>Mediu Rural trabaya, am\u00e1s, pa impulsar una actuaci\u00f3n forestal de mayor algame, que va incluyir la llimpieza de senderos, la eliminaci\u00f3n d&#8217;\u00e1rboles al\u00f3ctonos que torguen la visi\u00f3n dende&#8217;l mirador y la llimpieza integral de la caseta.<\/p>\n<p>La Xunta Alministrativa de Cofi\u00f1u, entid\u00e1 xestora de la propied\u00e1 del monte \u2014que pertenez a los ocho pueblos del conceyu de Parres, Cofi\u00f1u, Bodes, La Vita, Montealea, Villar, Pandiellu, Fios y Villanueva de F\u00edos\u2014 adopt\u00f3 la decisi\u00f3n de cerrar el mirador<em> \u00abcomo midida prioritaria pa salvaguardar la segurid\u00e1 de tolos visitantes\u00bb.<\/em> Los continuos actos vand\u00e1licos nesta redolada estropiaron elementos clave, como les barandielles del senderu d&#8217;accesu \u00abponiendo en peligru la integrid\u00e1 f\u00edsica de quien transiten por \u00e9l\u00bb.<\/p>\n<p style=\"text-align: center\"><a href=\"https:\/\/actualidad.asturias.es\/documents\/537115\/2539831\/original-E9C1EDEF-BDD7-44B0-9386-0056F031D672.jpeg\/0e35f674-b2d4-13af-aa55-9b2641e533bc?t=1746109518125\"><img loading=\"lazy\" decoding=\"async\" class=\"aligncenter size-large\" src=\"https:\/\/actualidad.asturias.es\/documents\/537115\/2539831\/original-E9C1EDEF-BDD7-44B0-9386-0056F031D672.jpeg\/0e35f674-b2d4-13af-aa55-9b2641e533bc?t=1746109518125\" width=\"720\" height=\"1600\" \/><\/a><\/p>\n","protected":false},"excerpt":{"rendered":"<p>Reabre&#8217;l mirador del Fitu tres delles selmanes cerr\u00e1u por riesgu d&#8217;accidentes. L&#8217;emblem\u00e1ticu enclave sufri\u00f3 numberosos actos vand\u00e1licos que y\u00e1 fueron reparaos gracies a una inversi\u00f3n que supera los 5.600 euros. Fonte: Actualid\u00e1 Asturies\u00a0 \/\u00a0El Comercio<\/p>\n","protected":false},"author":117,"featured_media":0,"comment_status":"open","ping_status":"open","sticky":false,"template":"","format":"standard","meta":{"footnotes":""},"categories":[311],"tags":[],"class_list":["post-47295","post","type-post","status-publish","format-standard","hentry","category-montes"],"_links":{"self":[{"href":"https:\/\/edublog.educastur.es\/ixuxu\/wp-json\/wp\/v2\/posts\/47295","targetHints":{"allow":["GET"]}}],"collection":[{"href":"https:\/\/edublog.educastur.es\/ixuxu\/wp-json\/wp\/v2\/posts"}],"about":[{"href":"https:\/\/edublog.educastur.es\/ixuxu\/wp-json\/wp\/v2\/types\/post"}],"author":[{"embeddable":true,"href":"https:\/\/edublog.educastur.es\/ixuxu\/wp-json\/wp\/v2\/users\/117"}],"replies":[{"embeddable":true,"href":"https:\/\/edublog.educastur.es\/ixuxu\/wp-json\/wp\/v2\/comments?post=47295"}],"version-history":[{"count":7,"href":"https:\/\/edublog.educastur.es\/ixuxu\/wp-json\/wp\/v2\/posts\/47295\/revisions"}],"predecessor-version":[{"id":47632,"href":"https:\/\/edublog.educastur.es\/ixuxu\/wp-json\/wp\/v2\/posts\/47295\/revisions\/47632"}],"wp:attachment":[{"href":"https:\/\/edublog.educastur.es\/ixuxu\/wp-json\/wp\/v2\/media?parent=47295"}],"wp:term":[{"taxonomy":"category","embeddable":true,"href":"https:\/\/edublog.educastur.es\/ixuxu\/wp-json\/wp\/v2\/categories?post=47295"},{"taxonomy":"post_tag","embeddable":true,"href":"https:\/\/edublog.educastur.es\/ixuxu\/wp-json\/wp\/v2\/tags?post=47295"}],"curies":[{"name":"wp","href":"https:\/\/api.w.org\/{rel}","templated":true}]}}