{"id":47299,"date":"2025-05-02T09:05:12","date_gmt":"2025-05-02T07:05:12","guid":{"rendered":"https:\/\/edublog.educastur.es\/ixuxu\/?p=47299"},"modified":"2025-05-03T12:01:08","modified_gmt":"2025-05-03T10:01:08","slug":"un-decretu-para-regular-la-prevencion-deteccion-y-erradicacion-del-acoso-escolar","status":"publish","type":"post","link":"https:\/\/edublog.educastur.es\/ixuxu\/2025\/05\/un-decretu-para-regular-la-prevencion-deteccion-y-erradicacion-del-acoso-escolar\/","title":{"rendered":"Un decretu para regular la prevenci\u00f3n, detecci\u00f3n y erradicaci\u00f3n del acoso escolar"},"content":{"rendered":"<div class=\"html-div xdj266r x11i5rnm xat24cr x1mh8g0r xexx8yu x1a8lsjc x1swvt13 x1pi30zi\">\n<div class=\"html-div xdj266r x11i5rnm xat24cr x1mh8g0r xexx8yu x4uap5 x18d9i69 xkhd6sd x1jx94hy x78zum5 x1q0g3np\">\n<div class=\"x78zum5 xdt5ytf xz62fqu x16ldp7u\">\n<div class=\"xu06os2 x1ok221b\">\n<div class=\"html-div xdj266r x11i5rnm xat24cr x1mh8g0r xexx8yu x4uap5 x18d9i69 xkhd6sd\" data-ad-rendering-role=\"profile_name\">\n<ul>\n<li class=\"html-h3 x11i5rnm xat24cr x1mh8g0r xexx8yu x4uap5 x18d9i69 xkhd6sd x1vvkbs x1heor9g x1qlqyl8 x1pd3egz x1a2a7pz x1gslohp x1yc453h\"><span class=\"x1lliihq x6ikm8r x10wlt62 x1n2onr6\"><span class=\"xt0psk2\"><a class=\"x1i10hfl xjbqb8w x1ejq31n xd10rxx x1sy0etr x17r0tee x972fbf xcfux6l x1qhh985 xm0m39n x9f619 x1ypdohk xt0psk2 xe8uvvx xdj266r x11i5rnm xat24cr x1mh8g0r xexx8yu x4uap5 x18d9i69 xkhd6sd x16tdsg8 x1hl2dhg xggy1nq x1a2a7pz xkrqix3 x1sur9pj xzsf02u x1s688f\" role=\"link\" href=\"https:\/\/www.facebook.com\/educastur?__cft__[0]=AZU-KPP98NO73vm4bsfpqOh-23oB-GlOmnZ2zcI564Mfr1nmU_qXxs_hYQmsbkbj62a-cZnOzcvuAS1s65bMmklW-fyPCvPEyNRjursheYRxywGpTtyZBR8V_Io6rVlQG9tfshVzD1deOrxg9l2RMBnrKEztOOybomVD5M8WhysibJd-Wd73qq6N6tY2wiZStzwg8A777i-6A6jJFzwKAX_BS0gHYMgW108aTCURo5NVYA&amp;__tn__=-UC%2CP-y-R\"><strong class=\"html-strong xdj266r x11i5rnm xat24cr x1mh8g0r xexx8yu x4uap5 x18d9i69 xkhd6sd x1hl2dhg x16tdsg8 x1vvkbs x1s688f\"><span class=\"html-span xdj266r x11i5rnm xat24cr x1mh8g0r xexx8yu x4uap5 x18d9i69 xkhd6sd x1hl2dhg x16tdsg8 x1vvkbs\">Consejer\u00eda de Educaci\u00f3n del Principado<\/span><\/strong><\/a><\/span><\/span>\/<a href=\"https:\/\/l.facebook.com\/l.php?u=https%3A%2F%2Facortar.link%2Fpmlkh7%3Ffbclid%3DIwZXh0bgNhZW0CMTAAYnJpZBExdFBmQjB2dFVJdE8xdEZ5bwEee2egB2zQs2-UeSP8mIRZxBIatdzVwjuZeW8WR53c_LnwOUoDPR_Bb1qZSG4_aem_wjhZNUp6rIshjF6tx5otWg&amp;h=AT2QWAi96Hj3Af51UMyzgDs-o6MTleNs7o6JnJ7ZKjHZaz-GcOxgeXewwqvQttP0bT_YlaPQExPvW0RUmsdjqSROqTQMJOg8cFPmKQyzBkv3cKXyrcwzUyz7Cy4hxoglQfWqkLzWlnleVY3hRR66s3QwqDhUxw&amp;__tn__=-UK-y-R&amp;c[0]=AT3alRdO1DZ6508l9i5tcEc0Nc97Obj3spQFol36f-hcgP2RXpSmQAZjO2Gkzn4sJApkmR1zuotkZq38MaawOUGSIZ6aqFPjP7yGMXHYrk7_sGZWKVnUIGiVd1ThBKgoBqwk1FPs7tJytXu8EhrvzBXgbRw0Nv3fO_OjetQlnzfhoxjO5fd9QkCL-6fGMPMHBBnqQZgfpyR58Ce1CNTzbYL2TV2zLxPTjGAyfwSkfZz55EA2Alg\"><strong> Actualid\u00e1 Asturies<\/strong> <\/a>\/<\/li>\n<\/ul>\n<p style=\"text-align: center\"><a href=\"https:\/\/actualidad.asturias.es\/documents\/537115\/2542236\/ACOSO+ESCOLAR+3.jpg\/8121277b-e0e1-8364-fb70-75c38a05e672?t=1746195411574\"><img loading=\"lazy\" decoding=\"async\" class=\"aligncenter size-large\" src=\"https:\/\/actualidad.asturias.es\/documents\/537115\/2542236\/ACOSO+ESCOLAR+3.jpg\/8121277b-e0e1-8364-fb70-75c38a05e672?t=1746195411574\" width=\"7640\" height=\"5096\" \/><\/a><\/p>\n<\/div>\n<\/div>\n<\/div>\n<\/div>\n<\/div>\n<div class=\"html-div xdj266r x11i5rnm xat24cr x1mh8g0r xexx8yu x4uap5 x18d9i69 xkhd6sd\" dir=\"auto\">\n<div class=\"html-div xdj266r x11i5rnm xat24cr x1mh8g0r xexx8yu x4uap5 x18d9i69 xkhd6sd\" dir=\"auto\">\n<div class=\"html-div xdj266r x11i5rnm xat24cr x1mh8g0r xexx8yu x4uap5 x18d9i69 xkhd6sd\" data-ad-rendering-role=\"story_message\">\n<div class=\"x1l90r2v x1iorvi4 x1ye3gou xn6708d\" data-ad-comet-preview=\"message\" data-ad-preview=\"message\">\n<div class=\"x78zum5 xdt5ytf xz62fqu x16ldp7u\">\n<div class=\"xu06os2 x1ok221b\">\n<div class=\"xdj266r x11i5rnm xat24cr x1mh8g0r x1vvkbs x126k92a\">\n<div dir=\"auto\"><span class=\"html-span xexx8yu x4uap5 x18d9i69 xkhd6sd x1hl2dhg x16tdsg8 x1vvkbs x3nfvp2 x1j61x8r x1fcty0u xdj266r xat24cr xgzva0m xhhsvwb xxymvpz xlup9mm x1kky2od\"><img loading=\"lazy\" decoding=\"async\" class=\"xz74otr x168nmei x13lgxp2 x5pf9jr xo71vjh\" src=\"https:\/\/static.xx.fbcdn.net\/images\/emoji.php\/v9\/t28\/1\/16\/1f3eb.png\" alt=\"\ud83c\udfeb\" width=\"16\" height=\"16\" \/><\/span> El <span class=\"html-span xdj266r x11i5rnm xat24cr x1mh8g0r xexx8yu x4uap5 x18d9i69 xkhd6sd x1hl2dhg x16tdsg8 x1vvkbs\"><a class=\"x1i10hfl xjbqb8w x1ejq31n xd10rxx x1sy0etr x17r0tee x972fbf xcfux6l x1qhh985 xm0m39n x9f619 x1ypdohk xt0psk2 xe8uvvx xdj266r x11i5rnm xat24cr x1mh8g0r xexx8yu x4uap5 x18d9i69 xkhd6sd x16tdsg8 x1hl2dhg xggy1nq x1a2a7pz xkrqix3 x1sur9pj x1fey0fg x1s688f\" role=\"link\" href=\"https:\/\/www.facebook.com\/gobiernodeasturias?__cft__[0]=AZU-KPP98NO73vm4bsfpqOh-23oB-GlOmnZ2zcI564Mfr1nmU_qXxs_hYQmsbkbj62a-cZnOzcvuAS1s65bMmklW-fyPCvPEyNRjursheYRxywGpTtyZBR8V_Io6rVlQG9tfshVzD1deOrxg9l2RMBnrKEztOOybomVD5M8WhysibJd-Wd73qq6N6tY2wiZStzwg8A777i-6A6jJFzwKAX_BS0gHYMgW108aTCURo5NVYA&amp;__tn__=-]K-y-R\"><span class=\"xt0psk2\"><span class=\"xjp7ctv\">Princip\u00e1u d&#8217;Asturies<\/span><\/span><\/a>\u00a0va ellaborar un decretu para regular la prevenci\u00f3n, detecci\u00f3n y erradicaci\u00f3n del acoso escolar, que va incluyir: Un plan cuatrienal con actuaciones concretes, la regulaci\u00f3n de los protocolos d&#8217;actuaci\u00f3n vixentes y la creaci\u00f3n d&#8217;un observatoriu contra l&#8217;acoso escolar.<\/span><\/div>\n<div dir=\"auto\"><!--more--><\/div>\n<div dir=\"auto\"><span class=\"html-span xdj266r x11i5rnm xat24cr x1mh8g0r xexx8yu x4uap5 x18d9i69 xkhd6sd x1hl2dhg x16tdsg8 x1vvkbs\"><br \/>\nLa conseyera d&#8217;Educaci\u00f3n, Lydia Espina, unvi\u00f3 g\u00fcei una carta a la ministra del ramu, Pilar Allegr\u00eda, para tresllada-y les iniciatives auton\u00f3miques y solicitar una entrevista na que s&#8217;enceten nueves mid\u00edes para atayar esti grave problema social.<\/span><\/div>\n<div dir=\"auto\">\n<p>La iniciativa auton\u00f3mica \u2013que s&#8217;anuncia coincidiendo col D\u00eda Internacional contra l&#8217;Acoso Escolar\u2013 <strong>va traer el camb\u00e9u del plan normativu del Princip\u00e1u para 2025.<\/strong><\/p>\n<p><em>\u201cEl Gobiernu d&#8217;Asturies va desenvolver toes aquelles mid\u00edes contra l&#8217;acoso escolar qu&#8217;entren dientro de les nueses competencies auton\u00f3miques, porque&#8217;l nuesu oxetivu ye poder erradicar esta lacra social. Que naide tenga la menor dulda: nun vamos remacariar esfuerzos y recursos pa tratar de consiguilo\u201d.<\/em><\/p>\n<p>El Princip\u00e1u cunta con un protocolu d&#8217;actuaci\u00f3n contra esti problema, que s&#8217;actualiz\u00f3 en tr\u00e9s causes pa incluyir el ciberacoso, les conductes qu&#8217;atenten contra la orientaci\u00f3n ya identid\u00e1 sexual o pa escuchar les suxerencies de les direcciones de los centros educativos.<\/p>\n<p>Tami\u00e9n impuls\u00f3 otres iniciatives como les distintes campa\u00f1es informatives de sofitu a les v\u00edctimes, l&#8217;alcuerdu col Colexu de Psicolox\u00eda o la contrataci\u00f3n del programa<strong> Tutor\u00eda ente Iguales (TEI),<\/strong> que va faer qu&#8217;Asturies se convierta na primer comunid\u00e1 n&#8217;incorporalo a tol sistema educativu.<\/p>\n<\/div>\n<\/div>\n<div class=\"x11i5rnm xat24cr x1mh8g0r x1vvkbs xtlvy1s x126k92a\">\n<div dir=\"auto\"><span class=\"html-span xexx8yu x4uap5 x18d9i69 xkhd6sd x1hl2dhg x16tdsg8 x1vvkbs x3nfvp2 x1j61x8r x1fcty0u xdj266r xat24cr xgzva0m xhhsvwb xxymvpz xlup9mm x1kky2od\"><img loading=\"lazy\" decoding=\"async\" class=\"xz74otr x168nmei x13lgxp2 x5pf9jr xo71vjh\" src=\"https:\/\/static.xx.fbcdn.net\/images\/emoji.php\/v9\/t28\/1\/16\/1f3eb.png\" alt=\"\ud83c\udfeb\" width=\"16\" height=\"16\" \/><\/span><span class=\"html-span xexx8yu x4uap5 x18d9i69 xkhd6sd x1hl2dhg x16tdsg8 x1vvkbs x3nfvp2 x1j61x8r x1fcty0u xdj266r xat24cr xgzva0m xhhsvwb xxymvpz xlup9mm x1kky2od\"><img loading=\"lazy\" decoding=\"async\" class=\"xz74otr x168nmei x13lgxp2 x5pf9jr xo71vjh\" src=\"https:\/\/static.xx.fbcdn.net\/images\/emoji.php\/v9\/t6c\/1\/16\/2764.png\" alt=\"\u2764\ufe0f\" width=\"16\" height=\"16\" \/><\/span> <span class=\"html-span xdj266r x11i5rnm xat24cr x1mh8g0r xexx8yu x4uap5 x18d9i69 xkhd6sd x1hl2dhg x16tdsg8 x1vvkbs\"><a class=\"x1i10hfl xjbqb8w x1ejq31n xd10rxx x1sy0etr x17r0tee x972fbf xcfux6l x1qhh985 xm0m39n x9f619 x1ypdohk xt0psk2 xe8uvvx xdj266r x11i5rnm xat24cr x1mh8g0r xexx8yu x4uap5 x18d9i69 xkhd6sd x16tdsg8 x1hl2dhg xggy1nq x1a2a7pz xkrqix3 x1sur9pj x1fey0fg x1s688f\" role=\"link\" href=\"https:\/\/www.facebook.com\/hashtag\/d%C3%ADainternacionalcontraelacosoescolar?__eep__=6&amp;__cft__[0]=AZU-KPP98NO73vm4bsfpqOh-23oB-GlOmnZ2zcI564Mfr1nmU_qXxs_hYQmsbkbj62a-cZnOzcvuAS1s65bMmklW-fyPCvPEyNRjursheYRxywGpTtyZBR8V_Io6rVlQG9tfshVzD1deOrxg9l2RMBnrKEztOOybomVD5M8WhysibJd-Wd73qq6N6tY2wiZStzwg8A777i-6A6jJFzwKAX_BS0gHYMgW108aTCURo5NVYA&amp;__tn__=*NK-y-R\">#D\u00edaInternacionalContraElAcosoEscolar<\/a><\/span><\/div>\n<\/div>\n<div class=\"x11i5rnm xat24cr x1mh8g0r x1vvkbs xtlvy1s x126k92a\">\n<div dir=\"auto\"><\/div>\n<\/div>\n<\/div>\n<\/div>\n<\/div>\n<\/div>\n<\/div>\n<\/div>\n<p>&nbsp;<\/p>\n","protected":false},"excerpt":{"rendered":"<p>Consejer\u00eda de Educaci\u00f3n del Principado\/ Actualid\u00e1 Asturies \/ El Princip\u00e1u d&#8217;Asturies\u00a0va ellaborar un decretu para regular la prevenci\u00f3n, detecci\u00f3n y erradicaci\u00f3n del acoso escolar, que va incluyir: Un plan cuatrienal con actuaciones concretes, la regulaci\u00f3n de los protocolos d&#8217;actuaci\u00f3n vixentes y la creaci\u00f3n d&#8217;un observatoriu contra l&#8217;acoso escolar.<\/p>\n","protected":false},"author":117,"featured_media":0,"comment_status":"open","ping_status":"open","sticky":false,"template":"","format":"standard","meta":{"footnotes":""},"categories":[132],"tags":[],"class_list":["post-47299","post","type-post","status-publish","format-standard","hentry","category-educastur"],"_links":{"self":[{"href":"https:\/\/edublog.educastur.es\/ixuxu\/wp-json\/wp\/v2\/posts\/47299","targetHints":{"allow":["GET"]}}],"collection":[{"href":"https:\/\/edublog.educastur.es\/ixuxu\/wp-json\/wp\/v2\/posts"}],"about":[{"href":"https:\/\/edublog.educastur.es\/ixuxu\/wp-json\/wp\/v2\/types\/post"}],"author":[{"embeddable":true,"href":"https:\/\/edublog.educastur.es\/ixuxu\/wp-json\/wp\/v2\/users\/117"}],"replies":[{"embeddable":true,"href":"https:\/\/edublog.educastur.es\/ixuxu\/wp-json\/wp\/v2\/comments?post=47299"}],"version-history":[{"count":4,"href":"https:\/\/edublog.educastur.es\/ixuxu\/wp-json\/wp\/v2\/posts\/47299\/revisions"}],"predecessor-version":[{"id":47340,"href":"https:\/\/edublog.educastur.es\/ixuxu\/wp-json\/wp\/v2\/posts\/47299\/revisions\/47340"}],"wp:attachment":[{"href":"https:\/\/edublog.educastur.es\/ixuxu\/wp-json\/wp\/v2\/media?parent=47299"}],"wp:term":[{"taxonomy":"category","embeddable":true,"href":"https:\/\/edublog.educastur.es\/ixuxu\/wp-json\/wp\/v2\/categories?post=47299"},{"taxonomy":"post_tag","embeddable":true,"href":"https:\/\/edublog.educastur.es\/ixuxu\/wp-json\/wp\/v2\/tags?post=47299"}],"curies":[{"name":"wp","href":"https:\/\/api.w.org\/{rel}","templated":true}]}}