{"id":47305,"date":"2025-05-01T10:30:24","date_gmt":"2025-05-01T08:30:24","guid":{"rendered":"https:\/\/edublog.educastur.es\/ixuxu\/?p=47305"},"modified":"2025-05-03T10:49:39","modified_gmt":"2025-05-03T08:49:39","slug":"bienveniu-mes-de-mayu","status":"publish","type":"post","link":"https:\/\/edublog.educastur.es\/ixuxu\/2025\/05\/bienveniu-mes-de-mayu\/","title":{"rendered":"\u00a1\u00a1\u00a1Bienven\u00edu mes de Mayu!!!"},"content":{"rendered":"<div class=\"html-div xdj266r x11i5rnm xat24cr x1mh8g0r xexx8yu x1a8lsjc x1swvt13 x1pi30zi\">\n<div class=\"html-div xdj266r x11i5rnm xat24cr x1mh8g0r xexx8yu x4uap5 x18d9i69 xkhd6sd x1jx94hy x78zum5 x1q0g3np\">\n<div class=\"x78zum5 xdt5ytf xz62fqu x16ldp7u\">\n<div class=\"xu06os2 x1ok221b\">\n<div class=\"html-div xdj266r x11i5rnm xat24cr x1mh8g0r xexx8yu x4uap5 x18d9i69 xkhd6sd\" data-ad-rendering-role=\"profile_name\">\n<ul>\n<li class=\"html-h3 x11i5rnm xat24cr x1mh8g0r xexx8yu x4uap5 x18d9i69 xkhd6sd x1vvkbs x1heor9g x1qlqyl8 x1pd3egz x1a2a7pz x1gslohp x1yc453h\"><span class=\"x1lliihq x6ikm8r x10wlt62 x1n2onr6\"><span class=\"xt0psk2\"><a class=\"x1i10hfl xjbqb8w x1ejq31n xd10rxx x1sy0etr x17r0tee x972fbf xcfux6l x1qhh985 xm0m39n x9f619 x1ypdohk xt0psk2 xe8uvvx xdj266r x11i5rnm xat24cr x1mh8g0r xexx8yu x4uap5 x18d9i69 xkhd6sd x16tdsg8 x1hl2dhg xggy1nq x1a2a7pz xkrqix3 x1sur9pj xzsf02u x1s688f\" role=\"link\" href=\"https:\/\/www.facebook.com\/eduardo.nigma.56?__cft__[0]=AZXdPcKdPrD4IlepA80C2n6k-fA-QK_5PvcD224PMO4BB8x7TOwZ1n0uKVypSrrISjoEEQjlSSUhuSRSu7H6jh81Pf-tyHe1n1wXN_0_G1_MxWUenuBgq7falPvK1wNnDkG6sO0aNHOJhRnUPJ8cjMd1Yhswh5hONGat0BWJ4TKNzAhlUKpO364vpsCzO31DAGE&amp;__tn__=-UC%2CP-y-R\"><strong class=\"html-strong xdj266r x11i5rnm xat24cr x1mh8g0r xexx8yu x4uap5 x18d9i69 xkhd6sd x1hl2dhg x16tdsg8 x1vvkbs x1s688f\"><span class=\"html-span xdj266r x11i5rnm xat24cr x1mh8g0r xexx8yu x4uap5 x18d9i69 xkhd6sd x1hl2dhg x16tdsg8 x1vvkbs\">Eduardo Nigma <\/span><\/strong><\/a><\/span><\/span>\/ calendario de:\u00a0 <a href=\"https:\/\/www.liveworksheets.com\/es\/u\/mayestrinaina\"><strong>mayestrinaina<\/strong><\/a>\u00a0\/ <a href=\"https:\/\/www.liveworksheets.com\/w\/at\/llingua-asturiana\/2203364#google_vignette\">Activid\u00e1<\/a> \/<\/li>\n<\/ul>\n<\/div>\n<\/div>\n<div class=\"html-div xdj266r x11i5rnm xat24cr x1mh8g0r xexx8yu x4uap5 x18d9i69 xkhd6sd x1q0g3np\" style=\"text-align: center\"><a href=\"https:\/\/www.liveworksheets.com\/sites\/default\/files\/styles\/worksheet\/public\/def_files\/2022\/11\/7\/211071001131484614\/211071001131484614001.jpg?itok=ZHB4TxFF\"><img loading=\"lazy\" decoding=\"async\" class=\"aligncenter \" src=\"https:\/\/www.liveworksheets.com\/sites\/default\/files\/styles\/worksheet\/public\/def_files\/2022\/11\/7\/211071001131484614\/211071001131484614001.jpg?itok=ZHB4TxFF\" width=\"587\" height=\"831\" \/><\/a><\/div>\n<\/div>\n<\/div>\n<\/div>\n<div class=\"html-div xdj266r x11i5rnm xat24cr x1mh8g0r xexx8yu x4uap5 x18d9i69 xkhd6sd\" dir=\"auto\">\n<div class=\"html-div xdj266r x11i5rnm xat24cr x1mh8g0r xexx8yu x4uap5 x18d9i69 xkhd6sd\" dir=\"auto\">\n<div class=\"html-div xdj266r x11i5rnm xat24cr x1mh8g0r xexx8yu x4uap5 x18d9i69 xkhd6sd\" data-ad-rendering-role=\"story_message\">\n<div class=\"x1l90r2v x1iorvi4 x1ye3gou xn6708d\" data-ad-comet-preview=\"message\" data-ad-preview=\"message\">\n<div class=\"x78zum5 xdt5ytf xz62fqu x16ldp7u\">\n<div class=\"xu06os2 x1ok221b\">\n<div class=\"x11i5rnm xat24cr x1mh8g0r x1vvkbs xtlvy1s x126k92a\">\n<div dir=\"auto\"><\/div>\n<div dir=\"auto\">Mayu ye&#8217;l quintu mes del a\u00f1u nel calendariu gregorianu y tien 31 d\u00edes; pero <strong>yera&#8217;l tercer mes nel antiguu calendariu romanu<\/strong> onde xineru y febreru taben a la fin del a\u00f1u.<\/div>\n<div dir=\"auto\"><!--more--><\/div>\n<div dir=\"auto\"><strong>L&#8217;orixe del so nome ye inciertu. <\/strong>Puede derivar de la diosa romana Maia, tami\u00e9n conocida como Bona Dea, que&#8217;l so festival los romanos celebraben esti mes que llamaben Maius. Tami\u00e9n podr\u00eda provenir de la ninfa Maya, f\u00eda d&#8217;Atles y Pleione y madre de Hermes.<br \/>\nUna tercer opci\u00f3n del so orixe podr\u00eda ser del temino Maius Juppiter, unu amenorgamientu de maximus, el m\u00e1s grande.<\/div>\n<ul>\n<li dir=\"auto\">Na antigua Grecia&#8217;l so equivalente ye&#8217;l mes de Targeli\u00f3n.<\/li>\n<li dir=\"auto\">Quintilis foi originalmente el nome del quintu mes (que dempu\u00e9s foi camud\u00e1u de llugar para ocupar el s\u00e9ptimu) nel calendariu romanu, taba allug\u00e1u dempu\u00e9s de xunu y antes de sextili.<\/li>\n<\/ul>\n<p><em><span style=\"color: #008080\"><strong>Refraneru mes de Mayu:<\/strong><\/span><\/em><\/p>\n<ul>\n<li><em><span style=\"color: #008080\">\u00abMarzu airosu y abril lluviosu faen a mayu flor\u00edu y formosu\u00bb.<\/span><\/em><\/li>\n<li><em><span style=\"color: #008080\">\u00abN&#8217;abril y en mayu non dexes en casa el sayu.<\/span><\/em><\/li>\n<li><em><span style=\"color: #008080\">\u00abMayu regl\u00e1u, nin fr\u00edu nin escachiz\u00e1u, nin bien secu nin bien moy\u00e1u\u00bb<\/span><\/em><\/li>\n<li><em><span style=\"color: #008080\">\u00abY\u00e1 vien mayu por eses ca\u00f1aes, espigando los trigos y granando cebaes\u00bb.<\/span><\/em><\/li>\n<li><em><span style=\"color: #008080\">\u00abMayu fai&#8217;l trigu y agostu fai&#8217;l vinu\u00bb.<\/span><\/em><\/li>\n<li><em><span style=\"color: #008080\">\u00abDe los tos tochos mil, guarda cien p&#8217;abril; y por si acasu guarda dalgunos pa mayu&#8230;\u00bb<\/span><\/em><\/li>\n<li><em><span style=\"color: #008080\">\u00abMayu entr\u00e1u, un xard\u00edn en cada prau\u00bb.<\/span><\/em><\/li>\n<li><em><span style=\"color: #008080\">\u00abMayu flor\u00edu, en flor el olivo y granaos los trigos\u00bb.<\/span><\/em><\/li>\n<li><em><span style=\"color: #008080\">\u00abAm\u00e1s de otres coses, n&#8217;abril les liles y en mayu les roses\u00bb.<\/span><\/em><\/li>\n<li><em><span style=\"color: #008080\">\u00abEn mayo embalse llenos, son preludiu de nubes y truenos\u00bb<\/span><\/em><\/li>\n<li><em><span style=\"color: #008080\">\u00abCola agua de nube, crez el tarmu\u00bb.<\/span><\/em><\/li>\n<li><em><span style=\"color: #008080\">\u00abMayu caliente y bayurosu, ufierta bienes bayurosos\u00bb.<\/span><\/em><\/li>\n<li><em><span style=\"color: #008080\">\u00abSi en mayu nun vieres folla, dalo por perd\u00edu tou&#8230;\u00bb<\/span><\/em><\/li>\n<li><em><span style=\"color: #008080\">\u00abMayu fr\u00edu, enforma trigu&#8230;\u00bb<\/span><\/em><\/li>\n<li><em><span style=\"color: #008080\">\u00abMayu airosu ye pal llabrador formosu&#8230;\u00bb<\/span><\/em><\/li>\n<li><em><span style=\"color: #008080\">\u00abSi mayu bien llovi\u00f3, secu a xunu sac\u00f3&#8230;\u00bb<\/span><\/em><\/li>\n<li><em><span style=\"color: #008080\">\u00abSi en mayu llueve y fai calor, tol campu cubre de verdor\u00bb.<\/span><\/em><\/li>\n<li><em><span style=\"color: #008080\">\u00abEn xineru borrines, en mayo lluvia ciertes&#8230;\u00bb<\/span><\/em><\/li>\n<li><em><span style=\"color: #008080\">\u00abEl que n&#8217;abril riega, en mayu siega&#8230;\u00bb<\/span><\/em><\/li>\n<li><em><span style=\"color: #008080\">\u00abL&#8217;abiyota que nun se ve en mayu, nun se ve en tol a\u00f1u\u00bb<\/span><\/em><\/li>\n<li><em><span style=\"color: #008080\">\u00abPer mayu llueve a rayos&#8230;\u00bb<\/span><\/em><\/li>\n<li><em><span style=\"color: #008080\">\u00abEl bon maderu, pa mayu querer&#8230;\u00bb<\/span><\/em><\/li>\n<li><em><span style=\"color: #008080\">\u00abSema perexil en mayu, y vas tener tol a\u00f1u&#8230;\u00bb<\/span><\/em><\/li>\n<\/ul>\n<\/div>\n<\/div>\n<\/div>\n<\/div>\n<\/div>\n<\/div>\n<\/div>\n<p>&nbsp;<\/p>\n","protected":false},"excerpt":{"rendered":"<p>Eduardo Nigma \/ calendario de:\u00a0 mayestrinaina\u00a0\/ Activid\u00e1 \/ Mayu ye&#8217;l quintu mes del a\u00f1u nel calendariu gregorianu y tien 31 d\u00edes; pero yera&#8217;l tercer mes nel antiguu calendariu romanu onde xineru y febreru taben a la fin del a\u00f1u.<\/p>\n","protected":false},"author":117,"featured_media":0,"comment_status":"open","ping_status":"open","sticky":false,"template":"","format":"standard","meta":{"footnotes":""},"categories":[73],"tags":[],"class_list":["post-47305","post","type-post","status-publish","format-standard","hentry","category-calendariu"],"_links":{"self":[{"href":"https:\/\/edublog.educastur.es\/ixuxu\/wp-json\/wp\/v2\/posts\/47305","targetHints":{"allow":["GET"]}}],"collection":[{"href":"https:\/\/edublog.educastur.es\/ixuxu\/wp-json\/wp\/v2\/posts"}],"about":[{"href":"https:\/\/edublog.educastur.es\/ixuxu\/wp-json\/wp\/v2\/types\/post"}],"author":[{"embeddable":true,"href":"https:\/\/edublog.educastur.es\/ixuxu\/wp-json\/wp\/v2\/users\/117"}],"replies":[{"embeddable":true,"href":"https:\/\/edublog.educastur.es\/ixuxu\/wp-json\/wp\/v2\/comments?post=47305"}],"version-history":[{"count":2,"href":"https:\/\/edublog.educastur.es\/ixuxu\/wp-json\/wp\/v2\/posts\/47305\/revisions"}],"predecessor-version":[{"id":47307,"href":"https:\/\/edublog.educastur.es\/ixuxu\/wp-json\/wp\/v2\/posts\/47305\/revisions\/47307"}],"wp:attachment":[{"href":"https:\/\/edublog.educastur.es\/ixuxu\/wp-json\/wp\/v2\/media?parent=47305"}],"wp:term":[{"taxonomy":"category","embeddable":true,"href":"https:\/\/edublog.educastur.es\/ixuxu\/wp-json\/wp\/v2\/categories?post=47305"},{"taxonomy":"post_tag","embeddable":true,"href":"https:\/\/edublog.educastur.es\/ixuxu\/wp-json\/wp\/v2\/tags?post=47305"}],"curies":[{"name":"wp","href":"https:\/\/api.w.org\/{rel}","templated":true}]}}