{"id":47319,"date":"2025-05-01T10:25:18","date_gmt":"2025-05-01T08:25:18","guid":{"rendered":"https:\/\/edublog.educastur.es\/ixuxu\/?p=47319"},"modified":"2025-05-03T11:40:01","modified_gmt":"2025-05-03T09:40:01","slug":"repasamos-los-meses-del-anu","status":"publish","type":"post","link":"https:\/\/edublog.educastur.es\/ixuxu\/2025\/05\/repasamos-los-meses-del-anu\/","title":{"rendered":"Repasu: meses del a\u00f1u y d\u00edes de la selmana"},"content":{"rendered":"<p style=\"text-align: center\"><a href=\"https:\/\/blogger.googleusercontent.com\/img\/b\/R29vZ2xl\/AVvXsEgmU58OGvFUkcAwKYcbiJGABGtQlPdAzg2sdeROgN_D6jZy5RF4aWZgH-xCVsreH7AE3qAL2532HcLm_0L4xMXM5p6068ycG2RgSx8DQZpDTs79qURRSGPlx8o5u1jqwMPerPmJLXADVAUn\/s1600\/FotorCreated.png\"><img loading=\"lazy\" decoding=\"async\" class=\"aligncenter size-large\" src=\"https:\/\/blogger.googleusercontent.com\/img\/b\/R29vZ2xl\/AVvXsEgmU58OGvFUkcAwKYcbiJGABGtQlPdAzg2sdeROgN_D6jZy5RF4aWZgH-xCVsreH7AE3qAL2532HcLm_0L4xMXM5p6068ycG2RgSx8DQZpDTs79qURRSGPlx8o5u1jqwMPerPmJLXADVAUn\/s1600\/FotorCreated.png\" width=\"851\" height=\"100\" \/><\/a><\/p>\n<ul>\n<li>Fonte: <a href=\"https:\/\/llinguanelaulamarin.blogspot.com\/2016\/03\/los-meses-del-anu.html\">Entrada<\/a> \/<\/li>\n<li><b>XERES: <\/b>Vamos catar nesta sopa de lletres los meses del a\u00f1u:<a href=\"https:\/\/drive.google.com\/file\/d\/0ByXggn4BOpCdeUdxSG1mZURDeVU\/view?usp=sharing\" target=\"_blank\" rel=\"noopener\"><i> Baxar ficha sopa de lletres<\/i><\/a><\/li>\n<\/ul>\n<p style=\"text-align: center\"><span style=\"color: #008080;font-size: 20px\"><em>Af\u00e1yase\u00a0<b><u>XINERU<\/u><\/b><br \/>\ny yes regalu que de guah.e enxam\u00e1s sua\u00f1\u00e9<\/em><\/span><br \/>\n<span style=\"color: #008080;font-size: 20px\"><em><b><u>FEBRERU<\/u><\/b>\u00a0trai l&#8217;antroxu<br \/>\npas\u00edes ensin disfraz: comu yes<\/em><\/span><br \/>\n<span style=\"color: #008080;font-size: 20px\"><em>fi\u00e9rvete la sangre en\u00a0<b><u>MARZU<br \/>\n<\/u><\/b>\u00a0y andamos llocos toos!<\/em><\/span><br \/>\n<span style=\"color: #008080;font-size: 20px\"><em>n&#8217;<u><b>ABRIL<\/b><\/u>\u00a0ando a niales,<br \/>\ny nellos atopo siempre un cachiqu\u00edn de t\u00ed<\/em><\/span><\/p>\n<p style=\"text-align: center\"><span style=\"color: #008080;font-size: 20px\"><em><b><u>MAYU<\/u><\/b>\u00a0m\u00fadate la piel,<br \/>\nflores que xorrecen, como&#8217;l d\u00eda aquel<\/em><\/span><br \/>\n<span style=\"color: #008080;font-size: 20px\"><em><b><u>XUNU<\/u><\/b>\u00a0ye pa ver estrelles,<br \/>\nna nueches de San Xuan na fonte tas<\/em><\/span><br \/>\n<span style=\"color: #008080;font-size: 20px\"><em>en\u00a0<b><u>XUNETU<\/u><\/b>\u00a0p\u00f3rtesme a conocer<br \/>\nllugares que nun sospech\u00e9<\/em><\/span><br \/>\n<span style=\"color: #008080;font-size: 20px\"><em>ba\u00f1\u00e1monos n&#8217;<b><u>AGOSTU<\/u><\/b>\u00a0refr\u00e9squenos la mar.<\/em><\/span><\/p>\n<p style=\"text-align: center\"><span style=\"color: #008080;font-size: 20px\"><em>Tornamos a la realid\u00e1.<br \/>\n<b><u>SETIEMBRE<\/u><\/b>\u00a0ye perguapu si tas t\u00fa<\/em><\/span><br \/>\n<span style=\"color: #008080;font-size: 20px\"><em>ab\u00farreste n&#8217;<b><u>OCHOBRE<\/u><\/b><br \/>\nY pintes los folleros de dor\u00e1u y miel<\/em><\/span><br \/>\n<span style=\"color: #008080;font-size: 20px\"><em>fr\u00edu vien\u00a0<b><u>PAYARES<br \/>\n<\/u><\/b>\u00a0tu yes el mio abellugu: tan calent\u00edn!<\/em><\/span><br \/>\n<span style=\"color: #008080;font-size: 20px\"><em>n&#8217;<b><u>AVIENTU<\/u><\/b>\u00a0traes de torna a los que fueron llo\u00f1e:<br \/>\ntamos toos equ\u00ed!<\/em><\/span><br \/>\n<!--more--><br \/>\n<a href=\"https:\/\/blogger.googleusercontent.com\/img\/b\/R29vZ2xl\/AVvXsEjMxqdcFdbD3vXjaCnNoP4-KAjivx3t912SCfb1eYUGgXVVErt-0uwUTmsjfFsIuUvpLHust6uiGP8zEYPIGFCfo9qT6oXmQfNkLU8bGs_lGQp7fVXWy34ntE8-rvVD3XwW5678B8yh1rMZ\/s640\/sopameses%25C3%25B1au.png\"><img loading=\"lazy\" decoding=\"async\" class=\"aligncenter size-large\" src=\"https:\/\/blogger.googleusercontent.com\/img\/b\/R29vZ2xl\/AVvXsEjMxqdcFdbD3vXjaCnNoP4-KAjivx3t912SCfb1eYUGgXVVErt-0uwUTmsjfFsIuUvpLHust6uiGP8zEYPIGFCfo9qT6oXmQfNkLU8bGs_lGQp7fVXWy34ntE8-rvVD3XwW5678B8yh1rMZ\/s640\/sopameses%25C3%25B1au.png\" width=\"437\" height=\"640\" \/><\/a><\/p>\n<ul>\n<li>Escueye&#8217;l mes del to cumplea\u00f1os y ponlu n&#8217;asturianu y depu\u00e9s vamos pintal:\u00a0<a href=\"https:\/\/drive.google.com\/file\/d\/0ByXggn4BOpCdOHJZUFMyMElwcHM\/edit?usp=sharing\"><i>Fiches de los meses del a\u00f1u (pa pintar)<\/i><\/a><\/li>\n<li>Escucha el cantar y completa les raleres:<a href=\"https:\/\/drive.google.com\/file\/d\/0ByXggn4BOpCdYjJqRzh4bGxVS3c\/edit?usp=sharing\"><i> Lletra \u00abal xirar el sol\u00bb<\/i><\/a><\/li>\n<li>El grupu: <b><a href=\"https:\/\/es-la.facebook.com\/Skanda34\" target=\"_blank\" rel=\"noopener\">SKANDA<\/a><\/b><\/li>\n<\/ul>\n<p style=\"text-align: center\">\n<!-- iframe plugin v.6.0 wordpress.org\/plugins\/iframe\/ -->\n<iframe loading=\"lazy\" width=\"640\" height=\"300\" src=\"https:\/\/www.youtube.com\/embed\/xyW-xu3H_TQ\" title=\"meses del a\u00f1u asturianu\" frameborder=\"0\" allow=\"accelerometer; autoplay; clipboard-write; encrypted-media; gyroscope; picture-in-picture; web-share\" referrerpolicy=\"strict-origin-when-cross-origin\" 0=\"allowfullscreen\" 1=\"\/iframe\" scrolling=\"yes\" class=\"iframe-class\"><\/iframe>\n<\/p>\n<ul>\n<li><b>REPASU: <\/b>\u00bfA qu\u00e9 xueguen los d\u00edes de la selmana?<br \/>\nVamos catar nesta sopa de lletres los d\u00edes de la selmana:<\/li>\n<li><i><a href=\"https:\/\/www.blogger.com\/Vamos%20catar%20nesta%20sopa%20de%20lletres%20los%20meses%20del%20a%C3%B1u:%20Baxar%20ficha%20sopa%20de%20lletres\" target=\"_blank\" rel=\"noopener\">Baxar ficha d\u00edes sopa de lletres<\/a><\/i><\/li>\n<li>Escueye&#8217;l d\u00eda de la selmana que m\u00e1s te preste y p\u00edntalu curiosu: <a href=\"https:\/\/drive.google.com\/file\/d\/0ByXggn4BOpCdOHJZUFMyMElwcHM\/edit?usp=sharing\"><i>Fiches de los d\u00edes de la selmana (pa pintar)<\/i><\/a><\/li>\n<\/ul>\n<p style=\"text-align: center\"><a href=\"https:\/\/blogger.googleusercontent.com\/img\/b\/R29vZ2xl\/AVvXsEihpkfAJwvMjjIKHiAiVhoxn2l6qQabeP5h1t1v5gvz8FKCR8pIDHb0_UvAGN3ki4sWcRioSXva8ryUoWivF_QOWMDC6bmCj58ZtClyccxzXxt728Y7OAvRS9_5mVjopaYxiQtw9sNQQVAI\/s640\/wordsearch.png\"><img loading=\"lazy\" decoding=\"async\" class=\"aligncenter size-large\" src=\"https:\/\/blogger.googleusercontent.com\/img\/b\/R29vZ2xl\/AVvXsEihpkfAJwvMjjIKHiAiVhoxn2l6qQabeP5h1t1v5gvz8FKCR8pIDHb0_UvAGN3ki4sWcRioSXva8ryUoWivF_QOWMDC6bmCj58ZtClyccxzXxt728Y7OAvRS9_5mVjopaYxiQtw9sNQQVAI\/s640\/wordsearch.png\" width=\"572\" height=\"640\" \/><\/a><\/p>\n<p style=\"text-align: center\">\n<!-- iframe plugin v.6.0 wordpress.org\/plugins\/iframe\/ -->\n<iframe loading=\"lazy\" src=\"https:\/\/drive.google.com\/file\/d\/0ByXggn4BOpCdOHJZUFMyMElwcHM\/preview?resourcekey=0-ixepGJT5UfCyoatNvKuvXw\" width=\"640\" height=\"480\" allow=\"autoplay\" 0=\"\/iframe\" scrolling=\"yes\" class=\"iframe-class\" frameborder=\"0\"><\/iframe>\n<\/p>\n<p style=\"text-align: center\">\n<!-- iframe plugin v.6.0 wordpress.org\/plugins\/iframe\/ -->\n<iframe loading=\"lazy\" src=\"https:\/\/drive.google.com\/file\/d\/0ByXggn4BOpCdOHJZUFMyMElwcHM\/preview?resourcekey=0-ixepGJT5UfCyoatNvKuvXw\" width=\"640\" height=\"480\" allow=\"autoplay\" 0=\"\/iframe\" scrolling=\"yes\" class=\"iframe-class\" frameborder=\"0\"><\/iframe>\n<\/p>\n","protected":false},"excerpt":{"rendered":"<p>Fonte: Entrada \/ XERES: Vamos catar nesta sopa de lletres los meses del a\u00f1u: Baxar ficha sopa de lletres Af\u00e1yase\u00a0XINERU y yes regalu que de guah.e enxam\u00e1s sua\u00f1\u00e9 FEBRERU\u00a0trai l&#8217;antroxu pas\u00edes ensin disfraz: comu yes fi\u00e9rvete la sangre en\u00a0MARZU \u00a0y andamos llocos toos! n&#8217;ABRIL\u00a0ando a niales, y nellos atopo siempre un cachiqu\u00edn de t\u00ed MAYU\u00a0m\u00fadate [&hellip;]<\/p>\n","protected":false},"author":117,"featured_media":0,"comment_status":"open","ping_status":"open","sticky":false,"template":"","format":"standard","meta":{"footnotes":""},"categories":[73],"tags":[],"class_list":["post-47319","post","type-post","status-publish","format-standard","hentry","category-calendariu"],"_links":{"self":[{"href":"https:\/\/edublog.educastur.es\/ixuxu\/wp-json\/wp\/v2\/posts\/47319","targetHints":{"allow":["GET"]}}],"collection":[{"href":"https:\/\/edublog.educastur.es\/ixuxu\/wp-json\/wp\/v2\/posts"}],"about":[{"href":"https:\/\/edublog.educastur.es\/ixuxu\/wp-json\/wp\/v2\/types\/post"}],"author":[{"embeddable":true,"href":"https:\/\/edublog.educastur.es\/ixuxu\/wp-json\/wp\/v2\/users\/117"}],"replies":[{"embeddable":true,"href":"https:\/\/edublog.educastur.es\/ixuxu\/wp-json\/wp\/v2\/comments?post=47319"}],"version-history":[{"count":6,"href":"https:\/\/edublog.educastur.es\/ixuxu\/wp-json\/wp\/v2\/posts\/47319\/revisions"}],"predecessor-version":[{"id":47325,"href":"https:\/\/edublog.educastur.es\/ixuxu\/wp-json\/wp\/v2\/posts\/47319\/revisions\/47325"}],"wp:attachment":[{"href":"https:\/\/edublog.educastur.es\/ixuxu\/wp-json\/wp\/v2\/media?parent=47319"}],"wp:term":[{"taxonomy":"category","embeddable":true,"href":"https:\/\/edublog.educastur.es\/ixuxu\/wp-json\/wp\/v2\/categories?post=47319"},{"taxonomy":"post_tag","embeddable":true,"href":"https:\/\/edublog.educastur.es\/ixuxu\/wp-json\/wp\/v2\/tags?post=47319"}],"curies":[{"name":"wp","href":"https:\/\/api.w.org\/{rel}","templated":true}]}}