{"id":47339,"date":"2025-05-01T15:12:04","date_gmt":"2025-05-01T13:12:04","guid":{"rendered":"https:\/\/edublog.educastur.es\/ixuxu\/?p=47339"},"modified":"2025-05-03T12:09:59","modified_gmt":"2025-05-03T10:09:59","slug":"limpresionante-amanecer-nuna-sablera-asturiana","status":"publish","type":"post","link":"https:\/\/edublog.educastur.es\/ixuxu\/2025\/05\/limpresionante-amanecer-nuna-sablera-asturiana\/","title":{"rendered":"L&#8217;impresionante amanecer n&#8217;una sablera asturiana que protagoniza una campa\u00f1a de publicid\u00e1."},"content":{"rendered":"<ul>\n<li>Fonte: <a href=\"https:\/\/www.lne.es\/asturias\/2025\/05\/03\/impresionante-amanecer-playa-asturiana-protagoniza-116987259.html?utm_medium=Social&amp;utm_campaign=Echobox&amp;utm_source=Facebook&amp;fbclid=IwY2xjawKCyAtleHRuA2FlbQIxMQBicmlkETF0UGZCMHZ0VUl0TzF0RnlvAR5H7pzAY8BLfhoswGov1PbnYYq5fhNAC91Ein7fhw3Grq3TjgBmcTYnSHqKmA_aem_3BSfH8lP5HiI1nEMAVtYFQ#Echobox=1746261138\">LNE<\/a> \/<\/li>\n<li>Sablera de Campiechos (Vald\u00e9s):<a href=\"https:\/\/es.wikipedia.org\/wiki\/Playa_de_Campiechos\"> wikipedia<\/a> \/ <a href=\"https:\/\/www.turismoasturias.es\/descubre\/costa\/playas\/playa-de-campiechos\">Turismo Asturies<\/a> \/<\/li>\n<\/ul>\n<p>L&#8217;impresionante amanecer n&#8217;una sablera asturiana que protagoniza una campa\u00f1a de publicid\u00e1.<span style=\"color: #008080\"><strong> \u00abUn <\/strong><\/span><span style=\"color: #008080\"><strong>bon d\u00eda empieza en casa\u00bb<\/strong><\/span>, reza&#8217;l eslogan. <strong>Un total de 17 llugares d&#8217;Espa\u00f1a protagonicen la nueva campa\u00f1a de Nutella.<\/strong> Han estamp\u00e1u 17 amaneceres nos sos tarros de crema de cac\u00e1u. Asturies ye la protagonista d&#8217;una remesa d&#8217;estos nuevos botes insipirados nel amanecer onde puede lleese \u00abBonos d\u00edes\u00bb.<\/p>\n<p style=\"text-align: center\"><a href=\"https:\/\/www.turismoasturias.es\/documents\/39908\/4e805ed6-0425-0ed3-ba5f-7902976f8b2a?t=1674171340715\"><img loading=\"lazy\" decoding=\"async\" class=\"aligncenter size-large\" src=\"https:\/\/www.turismoasturias.es\/documents\/39908\/4e805ed6-0425-0ed3-ba5f-7902976f8b2a?t=1674171340715\" width=\"708\" height=\"449\" \/><\/a><\/p>\n<p><!--more--><\/p>\n<p>La sablera de Campiechos <strong>ta asitiada nel occidente del Princip\u00e1u d&#8217;Asturies (Espa\u00f1a), nel conceyu de Vald\u00e9s y pertenez a la localid\u00e1 de Cadaveu<\/strong>. Forma parte de la Mari\u00f1a Occidental d&#8217;Asturies, nel tramu que s&#8217;enmarca nel conoc\u00edu Paisaxe Protex\u00edu de la Mari\u00f1a Occidental d&#8217;Asturies.<\/p>\n<p style=\"text-align: center\"><a href=\"https:\/\/estaticos-cdn.prensaiberica.es\/clip\/fcbf6812-fc90-4b5f-a197-f67888bd2b29_alta-libre-aspect-ratio_default_0.jpg\"><img loading=\"lazy\" decoding=\"async\" class=\"aligncenter size-large\" src=\"https:\/\/estaticos-cdn.prensaiberica.es\/clip\/fcbf6812-fc90-4b5f-a197-f67888bd2b29_alta-libre-aspect-ratio_default_0.jpg\" width=\"1200\" height=\"1200\" \/><\/a><\/p>\n<p><strong>\u00abUn bon d\u00eda empieza en casa\u00bb<\/strong> ye la nueva campa\u00f1a de Nutella, que convida a redescubrir la riqueza de la nuesa redolada al travi\u00e9s de los sos paisaxes a l&#8217;amanecida. Ye una invitaci\u00f3n a mirar el nuesu territoriu con nuevos g\u00fceyos y a redescubrir la so guapura dende lo cotidiano. L&#8217;acci\u00f3n pon en valor el turismu local al travi\u00e9s d&#8217;una colecci\u00f3n de 17 tarros, cada unu decor\u00e1u con una imaxe del amanecer captada nun enclave especial de cada comunid\u00e1 aut\u00f3noma.<\/p>\n<p>Esta selecci\u00f3n de paisaxes naturales, culturales y urbanos\u2014 reflexa la diversid\u00e1 y el calter \u00fanicu de cada rinc\u00f3n del pa\u00eds. Los amaneceres convi\u00e9rtense asina nel s\u00edmbolu d&#8217;un nuevu empiezu, y los tarros de Nutella, n&#8217;una ventana a l&#8217;alma del nuesu territoriu.<\/p>\n\n<!-- iframe plugin v.6.0 wordpress.org\/plugins\/iframe\/ -->\n<iframe loading=\"lazy\" width=\"100%\" height=\"387\" src=\"https:\/\/www.youtube.com\/embed\/a_TJMatqDTw\" title=\"Playa de Campiechos. Vald\u00e9s. Playas de Asturias. 4K.\" frameborder=\"0\" allow=\"accelerometer; autoplay; clipboard-write; encrypted-media; gyroscope; picture-in-picture; web-share\" referrerpolicy=\"strict-origin-when-cross-origin\" 0=\"allowfullscreen\" 1=\"\/iframe\" scrolling=\"yes\" class=\"iframe-class\"><\/iframe>\n\n<p>Nel casu d&#8217;Asturies l&#8217;enclave escoy\u00edu foi la <span style=\"color: #008080\"><strong>Sablera de Campiechos en Vald\u00e9s.<\/strong><\/span> Un llugar \u00fanicu pol contraste ente la sablera y cantiles que lu arrodien, ensin mentar de xac\u00edu les impresionantes vistas qu&#8217;ufierten les sos formaciones predreses. Esta pequena xoya de la mari\u00f1a asturiana convirti\u00f3se nun puntu de referencia tanto pa los amantes de la pesca como pa los aficionaos al senderismo.<\/p>\n<p style=\"text-align: center\"><a href=\"https:\/\/cloud.inspain.org\/imgwbp\/playas\/9\/0\/4\/65yydrigrk6mmbxqndnnjwhzhi_2000.webp\"><img loading=\"lazy\" decoding=\"async\" class=\"aligncenter size-large\" src=\"https:\/\/cloud.inspain.org\/imgwbp\/playas\/9\/0\/4\/65yydrigrk6mmbxqndnnjwhzhi_2000.webp\" width=\"2000\" height=\"1333\" \/><\/a><\/p>\n<p><strong>C\u00f3mo ye la sablera:<\/strong><br \/>\nLlargor: 450 metros<br \/>\nAnchura: 26 metros<br \/>\nEntorno: Acantilado<br \/>\nComposici\u00f3n: Bolos<br \/>\nCondiciones de ba\u00f1u: Aguaxe fuerte<br \/>\nGrau d&#8217;urbanizaci\u00f3n: Aisllada<br \/>\n<strong>Caracter\u00edstiques medioambientales<\/strong><br \/>\nTratar d&#8217;una zona protexida Paisaxe Protex\u00edu \/<br \/>\nZEPA (Zones d&#8217;Especial Protecci\u00f3n para les Aves) \/ LIC (Llugares d&#8217;Importancia Comu\u00f1al)<br \/>\nLa zona presenta vexetaci\u00f3n<\/p>\n<p style=\"text-align: center\"><a href=\"https:\/\/i.ytimg.com\/vi\/zdseX_Ccbhw\/maxresdefault.jpg\"><img loading=\"lazy\" decoding=\"async\" class=\"aligncenter size-large\" src=\"https:\/\/i.ytimg.com\/vi\/zdseX_Ccbhw\/maxresdefault.jpg\" width=\"1280\" height=\"720\" \/><\/a><\/p>\n<p>&nbsp;<\/p>\n","protected":false},"excerpt":{"rendered":"<p>Fonte: LNE \/ Sablera de Campiechos (Vald\u00e9s): wikipedia \/ Turismo Asturies \/ L&#8217;impresionante amanecer n&#8217;una sablera asturiana que protagoniza una campa\u00f1a de publicid\u00e1. \u00abUn bon d\u00eda empieza en casa\u00bb, reza&#8217;l eslogan. Un total de 17 llugares d&#8217;Espa\u00f1a protagonicen la nueva campa\u00f1a de Nutella. Han estamp\u00e1u 17 amaneceres nos sos tarros de crema de cac\u00e1u. Asturies [&hellip;]<\/p>\n","protected":false},"author":117,"featured_media":0,"comment_status":"open","ping_status":"open","sticky":false,"template":"","format":"standard","meta":{"footnotes":""},"categories":[143,93],"tags":[],"class_list":["post-47339","post","type-post","status-publish","format-standard","hentry","category-publicida","category-sableres"],"_links":{"self":[{"href":"https:\/\/edublog.educastur.es\/ixuxu\/wp-json\/wp\/v2\/posts\/47339","targetHints":{"allow":["GET"]}}],"collection":[{"href":"https:\/\/edublog.educastur.es\/ixuxu\/wp-json\/wp\/v2\/posts"}],"about":[{"href":"https:\/\/edublog.educastur.es\/ixuxu\/wp-json\/wp\/v2\/types\/post"}],"author":[{"embeddable":true,"href":"https:\/\/edublog.educastur.es\/ixuxu\/wp-json\/wp\/v2\/users\/117"}],"replies":[{"embeddable":true,"href":"https:\/\/edublog.educastur.es\/ixuxu\/wp-json\/wp\/v2\/comments?post=47339"}],"version-history":[{"count":6,"href":"https:\/\/edublog.educastur.es\/ixuxu\/wp-json\/wp\/v2\/posts\/47339\/revisions"}],"predecessor-version":[{"id":47346,"href":"https:\/\/edublog.educastur.es\/ixuxu\/wp-json\/wp\/v2\/posts\/47339\/revisions\/47346"}],"wp:attachment":[{"href":"https:\/\/edublog.educastur.es\/ixuxu\/wp-json\/wp\/v2\/media?parent=47339"}],"wp:term":[{"taxonomy":"category","embeddable":true,"href":"https:\/\/edublog.educastur.es\/ixuxu\/wp-json\/wp\/v2\/categories?post=47339"},{"taxonomy":"post_tag","embeddable":true,"href":"https:\/\/edublog.educastur.es\/ixuxu\/wp-json\/wp\/v2\/tags?post=47339"}],"curies":[{"name":"wp","href":"https:\/\/api.w.org\/{rel}","templated":true}]}}