{"id":47347,"date":"2025-05-03T09:00:32","date_gmt":"2025-05-03T07:00:32","guid":{"rendered":"https:\/\/edublog.educastur.es\/ixuxu\/?p=47347"},"modified":"2025-05-03T12:16:30","modified_gmt":"2025-05-03T10:16:30","slug":"dia-mundial-de-la-lliberta-de-prensa","status":"publish","type":"post","link":"https:\/\/edublog.educastur.es\/ixuxu\/2025\/05\/dia-mundial-de-la-lliberta-de-prensa\/","title":{"rendered":"D\u00eda Mundial de la Llibert\u00e1 de Prensa"},"content":{"rendered":"<p style=\"text-align: center\"><a href=\"https:\/\/www.cedro.org\/images\/default-source\/0noticias\/dia-de-la-libertad-de-prensa.jpg?sfvrsn=4e2141a6_2\"><img loading=\"lazy\" decoding=\"async\" class=\"aligncenter \" src=\"https:\/\/www.cedro.org\/images\/default-source\/0noticias\/dia-de-la-libertad-de-prensa.jpg?sfvrsn=4e2141a6_2\" width=\"465\" height=\"278\" \/><\/a><\/p>\n<p>El D\u00eda Mundial de la Llibert\u00e1 de Prensa, celebr\u00e1u&#8217;l 3 de mayu, foi establec\u00edu pola ONU en 1993 <strong>para resaltar la importancia de la llibert\u00e1 d&#8217;informaci\u00f3n<\/strong>. Angua\u00f1o, la conmemoraci\u00f3n global va centrase na fonda influencia de la intelixencia artificial (IA) nel periodismu y los medios de comunicaci\u00f3n, sol lema: <em><span style=\"color: #008080\"><strong>Informar nun mundu griespu \u2013 L&#8217;impactu de la intelixencia artificial na llibert\u00e1 de prensa y los medios de comunicaci\u00f3n.<\/strong><\/span><\/em><\/p>\n<p><!--more--><a href=\"https:\/\/www.unesco.org\/sites\/default\/files\/styles\/paragraph_medium_desktop\/public\/2025-04\/WPFD2025_Backdrop_4K_English.jpg.webp?itok=pXDd5NN8\"><img loading=\"lazy\" decoding=\"async\" class=\"aligncenter size-large\" src=\"https:\/\/www.unesco.org\/sites\/default\/files\/styles\/paragraph_medium_desktop\/public\/2025-04\/WPFD2025_Backdrop_4K_English.jpg.webp?itok=pXDd5NN8\" width=\"610\" height=\"343\" \/><\/a><\/p>\n<p>En munchos pa\u00edses, como Espa\u00f1a, ent\u00e1mense conferencies y eventos period\u00edsticos que busquen concenciar sobro esti derechu fundamental y la so relevancia na socied\u00e1 actual.<\/p>\n<p>Esta fecha tami\u00e9n<strong> sirve pa evaluar l&#8217;est\u00e1u de la llibert\u00e1 de prensa a nivel global, defender a los periodistes d&#8217;ataques a la so independencia y rindir homenaxe a aquellos que perdieron la vida nel exerciciu del so llabor.<\/strong> La llibert\u00e1 de prensa ye esencial pa una democracia saludable, dexando que los medios informen ensin medrana a represalies.<\/p>\n<p>El 3 de mayu coincide col aniversariu de la Declaraci\u00f3n de Windhoek, qu&#8217;establez principios fundamentales pa una prensa llibre ya independiente. Esti d\u00eda ye un recordatoriu de la necesid\u00e1 de protexer l&#8217;autonom\u00eda de los medios de comunicaci\u00f3n frente a cualquier tipu de control o censura per parte de los poderes p\u00fablicos.<\/p>\n<p style=\"text-align: center\"><a href=\"https:\/\/eldiainternacional.com\/wp-content\/uploads\/2023\/07\/dia-mundial-de-la-libertad-de-expresion.jpg\"><img loading=\"lazy\" decoding=\"async\" class=\"aligncenter size-large\" src=\"https:\/\/eldiainternacional.com\/wp-content\/uploads\/2023\/07\/dia-mundial-de-la-libertad-de-expresion.jpg\" width=\"1417\" height=\"737\" \/><\/a><\/p>\n","protected":false},"excerpt":{"rendered":"<p>El D\u00eda Mundial de la Llibert\u00e1 de Prensa, celebr\u00e1u&#8217;l 3 de mayu, foi establec\u00edu pola ONU en 1993 para resaltar la importancia de la llibert\u00e1 d&#8217;informaci\u00f3n. Angua\u00f1o, la conmemoraci\u00f3n global va centrase na fonda influencia de la intelixencia artificial (IA) nel periodismu y los medios de comunicaci\u00f3n, sol lema: Informar nun mundu griespu \u2013 L&#8217;impactu [&hellip;]<\/p>\n","protected":false},"author":117,"featured_media":0,"comment_status":"open","ping_status":"open","sticky":false,"template":"","format":"standard","meta":{"footnotes":""},"categories":[6,416],"tags":[],"class_list":["post-47347","post","type-post","status-publish","format-standard","hentry","category-dia-de","category-prensa"],"_links":{"self":[{"href":"https:\/\/edublog.educastur.es\/ixuxu\/wp-json\/wp\/v2\/posts\/47347","targetHints":{"allow":["GET"]}}],"collection":[{"href":"https:\/\/edublog.educastur.es\/ixuxu\/wp-json\/wp\/v2\/posts"}],"about":[{"href":"https:\/\/edublog.educastur.es\/ixuxu\/wp-json\/wp\/v2\/types\/post"}],"author":[{"embeddable":true,"href":"https:\/\/edublog.educastur.es\/ixuxu\/wp-json\/wp\/v2\/users\/117"}],"replies":[{"embeddable":true,"href":"https:\/\/edublog.educastur.es\/ixuxu\/wp-json\/wp\/v2\/comments?post=47347"}],"version-history":[{"count":6,"href":"https:\/\/edublog.educastur.es\/ixuxu\/wp-json\/wp\/v2\/posts\/47347\/revisions"}],"predecessor-version":[{"id":47353,"href":"https:\/\/edublog.educastur.es\/ixuxu\/wp-json\/wp\/v2\/posts\/47347\/revisions\/47353"}],"wp:attachment":[{"href":"https:\/\/edublog.educastur.es\/ixuxu\/wp-json\/wp\/v2\/media?parent=47347"}],"wp:term":[{"taxonomy":"category","embeddable":true,"href":"https:\/\/edublog.educastur.es\/ixuxu\/wp-json\/wp\/v2\/categories?post=47347"},{"taxonomy":"post_tag","embeddable":true,"href":"https:\/\/edublog.educastur.es\/ixuxu\/wp-json\/wp\/v2\/tags?post=47347"}],"curies":[{"name":"wp","href":"https:\/\/api.w.org\/{rel}","templated":true}]}}