{"id":47367,"date":"2025-05-03T13:18:40","date_gmt":"2025-05-03T11:18:40","guid":{"rendered":"https:\/\/edublog.educastur.es\/ixuxu\/?p=47367"},"modified":"2025-05-03T13:19:43","modified_gmt":"2025-05-03T11:19:43","slug":"recital-poeticu-versovera-en-cancienes-corvera","status":"publish","type":"post","link":"https:\/\/edublog.educastur.es\/ixuxu\/2025\/05\/recital-poeticu-versovera-en-cancienes-corvera\/","title":{"rendered":"Recital po\u00e9ticu \u00abVersovera\u00bb en Cancienes (Corvera)"},"content":{"rendered":"<div>El pr\u00f3ximu mi\u00e9rcoles 7 de mayu, a les 18:00 hores en La Lechera de Cancienes (Corvera), va celebrase una nueva edici\u00f3n del <strong>VERSOVERA, el recital po\u00e9ticu<\/strong> que dende va una d\u00e9cada se fai en Corvera con motivu de la Selmana de les Lletres Asturianes, en La Lechera de Cancienes. <a href=\"https:\/\/www.formientu.com\/wp-content\/uploads\/2025\/05\/VERSOVERA--1068x1511.png\"><strong>Cartelu<\/strong><\/a><\/div>\n<div style=\"text-align: center\"><\/div>\n<div style=\"text-align: center\">\n<!-- iframe plugin v.6.0 wordpress.org\/plugins\/iframe\/ -->\n<iframe loading=\"lazy\" src=\"https:\/\/www.facebook.com\/plugins\/post.php?href=https%3A%2F%2Fwww.facebook.com%2Fformientu%2Fposts%2Fpfbid0u2GQQpuxosE1G2oFh6cn6EKLoJ3wyf5XwdUkV7CkQA9k1GmnDZNPN7AUna6YuMU1l&#038;show_text=true&#038;width=500\" width=\"500\" height=\"384\" style=\"border:none;overflow:hidden\" scrolling=\"no\" frameborder=\"0\" allowfullscreen=\"true\" allow=\"autoplay; clipboard-write; encrypted-media; picture-in-picture; web-share\" 0=\"\/iframe\" class=\"iframe-class\"><\/iframe>\n<\/div>\n<div>Nesta edici\u00f3n van recitar los y les poetes <strong>Berto Garc\u00eda, Aida Escudero, Jos\u00e9 Luis Rendueles, \u00c1nxela G. d\u2019\u00c1vila\u00a0y Pablo Rodriguez\u00a0Medina<\/strong>. N\u2019acabando\u2019l recital va actuar<span style=\"color: #008080\"><strong> Mostru l\u2019horru (rap n\u2019ast)<\/strong><\/span>. Igual que n\u2019anteriores ediciones <strong><span style=\"color: #008080\">b\u00fascase mostrar y compartir la diversid\u00e1 y la bayura de la poes\u00eda asturiana \u00faltima mesmo que de la m\u00fasica d\u2019espresi\u00f3n asturiana<\/span><\/strong>.<\/div>\n","protected":false},"excerpt":{"rendered":"<p>El pr\u00f3ximu mi\u00e9rcoles 7 de mayu, a les 18:00 hores en La Lechera de Cancienes (Corvera), va celebrase una nueva edici\u00f3n del VERSOVERA, el recital po\u00e9ticu que dende va una d\u00e9cada se fai en Corvera con motivu de la Selmana de les Lletres Asturianes, en La Lechera de Cancienes. Cartelu Nesta edici\u00f3n van recitar los [&hellip;]<\/p>\n","protected":false},"author":117,"featured_media":0,"comment_status":"open","ping_status":"open","sticky":false,"template":"","format":"standard","meta":{"footnotes":""},"categories":[214,35,39],"tags":[],"class_list":["post-47367","post","type-post","status-publish","format-standard","hentry","category-cartelos","category-musica","category-poesia"],"_links":{"self":[{"href":"https:\/\/edublog.educastur.es\/ixuxu\/wp-json\/wp\/v2\/posts\/47367","targetHints":{"allow":["GET"]}}],"collection":[{"href":"https:\/\/edublog.educastur.es\/ixuxu\/wp-json\/wp\/v2\/posts"}],"about":[{"href":"https:\/\/edublog.educastur.es\/ixuxu\/wp-json\/wp\/v2\/types\/post"}],"author":[{"embeddable":true,"href":"https:\/\/edublog.educastur.es\/ixuxu\/wp-json\/wp\/v2\/users\/117"}],"replies":[{"embeddable":true,"href":"https:\/\/edublog.educastur.es\/ixuxu\/wp-json\/wp\/v2\/comments?post=47367"}],"version-history":[{"count":2,"href":"https:\/\/edublog.educastur.es\/ixuxu\/wp-json\/wp\/v2\/posts\/47367\/revisions"}],"predecessor-version":[{"id":47369,"href":"https:\/\/edublog.educastur.es\/ixuxu\/wp-json\/wp\/v2\/posts\/47367\/revisions\/47369"}],"wp:attachment":[{"href":"https:\/\/edublog.educastur.es\/ixuxu\/wp-json\/wp\/v2\/media?parent=47367"}],"wp:term":[{"taxonomy":"category","embeddable":true,"href":"https:\/\/edublog.educastur.es\/ixuxu\/wp-json\/wp\/v2\/categories?post=47367"},{"taxonomy":"post_tag","embeddable":true,"href":"https:\/\/edublog.educastur.es\/ixuxu\/wp-json\/wp\/v2\/tags?post=47367"}],"curies":[{"name":"wp","href":"https:\/\/api.w.org\/{rel}","templated":true}]}}