{"id":47377,"date":"2025-05-03T13:30:21","date_gmt":"2025-05-03T11:30:21","guid":{"rendered":"https:\/\/edublog.educastur.es\/ixuxu\/?p=47377"},"modified":"2025-05-03T13:47:22","modified_gmt":"2025-05-03T11:47:22","slug":"2025-anu-internacional-del-caltenimientu-de-los-glaciares","status":"publish","type":"post","link":"https:\/\/edublog.educastur.es\/ixuxu\/2025\/05\/2025-anu-internacional-del-caltenimientu-de-los-glaciares\/","title":{"rendered":"2025: A\u00f1u Internacional del Caltenimientu de los Glaciares."},"content":{"rendered":"<div class=\"html-div xdj266r x11i5rnm xat24cr x1mh8g0r xexx8yu x4uap5 x18d9i69 xkhd6sd\">\n<div class=\"html-div xdj266r x11i5rnm x1mh8g0r x18d9i69 x1cy8zhl x78zum5 x1q0g3np xod5an3 xz9dl7a x1ye3gou xn6708d\">\n<div class=\"html-div xdj266r x11i5rnm xat24cr x1mh8g0r xexx8yu x4uap5 x18d9i69 xkhd6sd x1iyjqo2 xeuugli\">\n<div class=\"x78zum5 xdt5ytf xz62fqu x16ldp7u\">\n<div class=\"xu06os2 x1ok221b\">\n<div class=\"html-div xdj266r x11i5rnm xat24cr x1mh8g0r xexx8yu x4uap5 x18d9i69 xkhd6sd\" data-ad-rendering-role=\"profile_name\">\n<ul>\n<li id=\"\u00abr1m1\u00bb\" class=\"html-h2 x11i5rnm xat24cr x1mh8g0r xexx8yu x4uap5 x18d9i69 xkhd6sd x1vvkbs x1heor9g x1qlqyl8 x1pd3egz x1a2a7pz x1gslohp x1yc453h\"><span class=\"xt0psk2\"><a class=\"x1i10hfl xjbqb8w x1ejq31n xd10rxx x1sy0etr x17r0tee x972fbf xcfux6l x1qhh985 xm0m39n x9f619 x1ypdohk xt0psk2 xe8uvvx xdj266r x11i5rnm xat24cr x1mh8g0r xexx8yu x4uap5 x18d9i69 xkhd6sd x16tdsg8 x1hl2dhg xggy1nq x1a2a7pz xkrqix3 x1sur9pj xzsf02u x1s688f\" role=\"link\" href=\"https:\/\/www.facebook.com\/fundacionbiodiversidad?__cft__[0]=AZVBtEHhdEA0pTJMo8p-YxIAyyF5pVvWOh29FpfApIhP65RjZBM3IlOT8adjnSBAoIwi58-gcpQMgsyo1fSe8ZeQUCyZVwAPs3kiVSoO0MXFMHasVhYuQuJW_Wu1hz4EOV-jKZ8RnlKF0XGN6nCeMrmcraO2Vnk6fX-Q7bGa9i0sUEAuhjIfgAlHW59jImuu78D3cuG_WCoyayWXYKPuWkDB&amp;__tn__=-UC%2CP-R\"><strong class=\"html-strong xdj266r x11i5rnm xat24cr x1mh8g0r xexx8yu x4uap5 x18d9i69 xkhd6sd x1hl2dhg x16tdsg8 x1vvkbs x1s688f\"><span class=\"html-span xdj266r x11i5rnm xat24cr x1mh8g0r xexx8yu x4uap5 x18d9i69 xkhd6sd x1hl2dhg x16tdsg8 x1vvkbs\">Fundaci\u00f3n Biodiversidad<\/span><\/strong><\/a><\/span>\/ <a href=\"https:\/\/scontent-bcn1-1.xx.fbcdn.net\/v\/t39.30808-6\/494382622_1103530341812111_2559368982339898209_n.jpg?_nc_cat=104&amp;ccb=1-7&amp;_nc_sid=127cfc&amp;_nc_ohc=7duettKHJQMQ7kNvwHteDly&amp;_nc_oc=AdkFqKTITdCMJcKLdJiQvPR8LTHok8NbbMEMpxyvEfI-CcVo2vA94qC8Y-0W4dtjPgtVbh-opnQz3ExHXSrgptEt&amp;_nc_zt=23&amp;_nc_ht=scontent-bcn1-1.xx&amp;_nc_gid=LIQqvAmyOpOcJV1fRkFIwg&amp;oh=00_AfHmRPjKl7T3aA9csliHQjuKURqRcBv_h3-83t_5mp0jfA&amp;oe=681BD3C5\">imaxe<\/a><\/li>\n<li><strong><a href=\"https:\/\/www.un-glaciers.org\/es\">https:\/\/www.un-glaciers.org\/es<\/a><\/strong> \/ <a href=\"https:\/\/www.unesco.org\/es\/articles\/la-unesco-y-la-omm-inauguran-el-ano-internacional-de-la-conservacion-de-los-glaciares-2025\">UNESCO<\/a> \/ <span lang=\"ES\">\u00a0<\/span><a href=\"https:\/\/www.un-glaciers.org\/es\/homepage\" target=\"_blank\" rel=\"noopener\"><span lang=\"ES\">www.un-glaciers.org<\/span><\/a> \/ <a href=\"http:\/\/www.wmo.int\">www.wmo.int<\/a> \/ <a href=\"https:\/\/x.com\/i\/status\/1902987851564028346\">VIDEU<\/a><\/li>\n<li><span class=\"css-1jxf684 r-bcqeeo r-1ttztb7 r-qvutc0 r-poiln3\">\u00a0<\/span><a class=\"css-1jxf684 r-bcqeeo r-1ttztb7 r-qvutc0 r-poiln3 r-1loqt21\" dir=\"ltr\" role=\"link\" href=\"https:\/\/t.co\/Ubwr3IpOSj\" target=\"_blank\" rel=\"noopener noreferrer nofollow\"><span class=\"css-1jxf684 r-bcqeeo r-1ttztb7 r-qvutc0 r-poiln3 r-qlhcfr r-qvk6io\" aria-hidden=\"true\">https:\/\/<\/span>un-glaciers.org\/en<\/a> <span class=\"r-18u37iz\"><a class=\"css-1jxf684 r-bcqeeo r-1ttztb7 r-qvutc0 r-poiln3 r-b88u0q r-1loqt21\" dir=\"ltr\" role=\"link\" href=\"https:\/\/x.com\/hashtag\/IYGP?src=hashtag_click\">#IYGP<\/a><\/span> <span class=\"r-18u37iz\"><a class=\"css-1jxf684 r-bcqeeo r-1ttztb7 r-qvutc0 r-poiln3 r-1loqt21\" dir=\"ltr\" role=\"link\" href=\"https:\/\/x.com\/hashtag\/Glaciers2025?src=hashtag_click\">#Glaciers2025<\/a><\/span><\/li>\n<\/ul>\n<p style=\"text-align: center\"><a href=\"https:\/\/www.un-glaciers.org\/sites\/default\/files\/2024-11\/logo_dark_header_es.png\"><img loading=\"lazy\" decoding=\"async\" class=\"aligncenter \" src=\"https:\/\/www.un-glaciers.org\/sites\/default\/files\/2024-11\/logo_dark_header_es.png\" width=\"669\" height=\"290\" \/><\/a><\/p>\n<\/div>\n<\/div>\n<\/div>\n<\/div>\n<div class=\"xqcrz7y x78zum5 x1qx5ct2 x1y1aw1k x1sxyh0 xwib8y2 xurb0ha xw4jnvo\">\n<div>\n<div class=\"x1ey2m1c xds687c x17qophe xg01cxk x47corl x10l6tqk x13vifvy x1ebt8du x19991ni x1dhq9h xzolkzo x12go9s9 x1rnf11y xprq8jg\" role=\"none\" data-visualcompletion=\"ignore\"><\/div>\n<\/div>\n<\/div>\n<\/div>\n<\/div>\n<div class=\"html-div xdj266r x11i5rnm xat24cr x1mh8g0r xexx8yu x4uap5 x18d9i69 xkhd6sd\">\n<div class=\"html-div xdj266r x11i5rnm xat24cr x1mh8g0r xexx8yu x4uap5 x18d9i69 xkhd6sd\" dir=\"auto\">\n<div class=\"html-div xdj266r x11i5rnm xat24cr x1mh8g0r xexx8yu x4uap5 x18d9i69 xkhd6sd\" data-ad-rendering-role=\"story_message\">\n<div id=\"\u00abr1m3\u00bb\" class=\"x1l90r2v x1iorvi4 x1ye3gou xn6708d\" data-ad-comet-preview=\"message\" data-ad-preview=\"message\">\n<div class=\"x78zum5 xdt5ytf xz62fqu x16ldp7u\">\n<div class=\"xu06os2 x1ok221b\">\n<div class=\"xdj266r x11i5rnm xat24cr x1mh8g0r x1vvkbs x126k92a\">\n<div dir=\"auto\"><span class=\"html-span xexx8yu x4uap5 x18d9i69 xkhd6sd x1hl2dhg x16tdsg8 x1vvkbs x3nfvp2 x1j61x8r x1fcty0u xdj266r xat24cr xgzva0m xhhsvwb xxymvpz xlup9mm x1kky2od\"><img loading=\"lazy\" decoding=\"async\" class=\"xz74otr x168nmei x13lgxp2 x5pf9jr xo71vjh\" src=\"https:\/\/static.xx.fbcdn.net\/images\/emoji.php\/v9\/tef\/1\/16\/1f9ca.png\" alt=\"\ud83e\uddca\" width=\"16\" height=\"16\" \/><\/span><span class=\"html-span xexx8yu x4uap5 x18d9i69 xkhd6sd x1hl2dhg x16tdsg8 x1vvkbs x3nfvp2 x1j61x8r x1fcty0u xdj266r xat24cr xgzva0m xhhsvwb xxymvpz xlup9mm x1kky2od\"><img loading=\"lazy\" decoding=\"async\" class=\"xz74otr x168nmei x13lgxp2 x5pf9jr xo71vjh\" src=\"https:\/\/static.xx.fbcdn.net\/images\/emoji.php\/v9\/t3f\/1\/16\/1f30d.png\" alt=\"\ud83c\udf0d\" width=\"16\" height=\"16\" \/><\/span> La <span class=\"html-span xdj266r x11i5rnm xat24cr x1mh8g0r xexx8yu x4uap5 x18d9i69 xkhd6sd x1hl2dhg x16tdsg8 x1vvkbs\"><a class=\"x1i10hfl xjbqb8w x1ejq31n xd10rxx x1sy0etr x17r0tee x972fbf xcfux6l x1qhh985 xm0m39n x9f619 x1ypdohk xt0psk2 xe8uvvx xdj266r x11i5rnm xat24cr x1mh8g0r xexx8yu x4uap5 x18d9i69 xkhd6sd x16tdsg8 x1hl2dhg xggy1nq x1a2a7pz xkrqix3 x1sur9pj x1fey0fg x1s688f\" role=\"link\" href=\"https:\/\/www.facebook.com\/unitednations?__cft__[0]=AZVBtEHhdEA0pTJMo8p-YxIAyyF5pVvWOh29FpfApIhP65RjZBM3IlOT8adjnSBAoIwi58-gcpQMgsyo1fSe8ZeQUCyZVwAPs3kiVSoO0MXFMHasVhYuQuJW_Wu1hz4EOV-jKZ8RnlKF0XGN6nCeMrmcraO2Vnk6fX-Q7bGa9i0sUEAuhjIfgAlHW59jImuu78D3cuG_WCoyayWXYKPuWkDB&amp;__tn__=-]K-R\"><span class=\"xt0psk2\"><span class=\"xjp7ctv\">United Nations<\/span><\/span><\/a><\/span> declar\u00f3&#8217;l 2025<span style=\"color: #008080\"><strong> A\u00f1u Internacional del Caltenimientu de los Glaciares. Los glaciares apurren agua duce a m\u00e1s de la met\u00e1 de la humanid\u00e1. S\u00f3lo&#8217;l 3% d&#8217;agua ye duce.\u00a0 <\/strong><\/span>El 50% de los glaciares de la Tierra, inclusive&#8217;l m\u00e1s pequenu, t\u00e1n condergaos a sumir a finales del sieglu deb\u00edu al camb\u00e9u clim\u00e1ticu. <strong>Alredor del 70 % de l&#8217;agua duce mundial almac\u00e9nase en glaciares y capes de xelu.\u00a0 <span style=\"color: #008080\">La preservaci\u00f3n de los glaciares ye unu de los retos m\u00e1s apremiantes de la humanid\u00e1. <\/span><\/strong><\/div>\n<div dir=\"auto\"><!--more--><\/div>\n<div dir=\"auto\"><\/div>\n<div dir=\"auto\" style=\"text-align: center\">\n<!-- iframe plugin v.6.0 wordpress.org\/plugins\/iframe\/ -->\n<iframe loading=\"lazy\" src=\"https:\/\/www.facebook.com\/plugins\/post.php?href=https%3A%2F%2Fwww.facebook.com%2Ffundacionbiodiversidad%2Fposts%2Fpfbid02KsQMLU33QoULtH4ihrtDSSAeWKrgRJPyv5J6aFoC7oiTvnrrsLVSLsYvC19Jsf9Fl&#038;show_text=false&#038;width=500\" width=\"500\" height=\"498\" style=\"border:none;overflow:hidden\" scrolling=\"no\" frameborder=\"0\" allowfullscreen=\"true\" allow=\"autoplay; clipboard-write; encrypted-media; picture-in-picture; web-share\" 0=\"\/iframe\" class=\"iframe-class\"><\/iframe>\n<\/div>\n<div dir=\"auto\"><\/div>\n<div dir=\"auto\" style=\"text-align: left\">La <strong>UNESCO<\/strong> y l&#8217;<strong>Organizaci\u00f3n Meteorol\u00f3xica Mundial (OMM)<\/strong> inauguren oficialmente l&#8217;<strong>A\u00f1u Internacional del Caltenimientu de los Glaciares<\/strong>, que marca un finxu crucial nos esfuerzos mundiales para protexer el xelu, recursu vital qu&#8217;abastez d&#8217;agua duce a m\u00e1s de dos mil millones de persones. Esta iniciativa global y coordinao a lo llargo del a\u00f1u va buscar destacar la funci\u00f3n cr\u00edtica de los glaciares y va encetar los desaf\u00edos urxentes que plantega&#8217;l destemple aceler\u00e1u de los glaciares.<\/div>\n<div dir=\"auto\">\n<p><strong>Alredor del 70 % de l&#8217;agua duce mundial almac\u00e9nase en glaciares y capes de xelu<\/strong>; sicas\u00ed, estes formaciones de xelu t\u00e1n menguando r\u00e1pido deb\u00edu al camb\u00e9u clim\u00e1ticu. Caltener estos recursos cruciales ye esencial para la sostenibilid\u00e1 ambiental, la estabilid\u00e1 econ\u00f3mica y la salvaguardia de cultures y medios de vida.<\/p>\n<p style=\"text-align: center\"><a href=\"https:\/\/condesan.org\/wp-content\/uploads\/2025\/01\/foto-AICG.jpg\"><img loading=\"lazy\" decoding=\"async\" class=\"aligncenter size-large\" src=\"https:\/\/condesan.org\/wp-content\/uploads\/2025\/01\/foto-AICG.jpg\" width=\"995\" height=\"736\" \/><\/a><\/p>\n<p>L&#8217;Asamblea Xeneral de les Naciones Xun\u00edes declar\u00f3&#8217;l 2025 A\u00f1u Internacional del Caltenimientu de los Glaciares <span style=\"color: #008080\"><strong>para crear conciencia sobro la funci\u00f3n vital que desempe\u00f1en los glaciares, la nieve y el xelu nel sistema clim\u00e1ticu y el ciclu de l&#8217;agua, seg\u00fan los impactos de gran algame del destemple aceler\u00e1u de los glaciares.<\/strong><\/span><\/p>\n<p>La UNESCO y la OMM son los principales organismos que coordinen estos esfuerzos internacionales col sofitu de m\u00e1s de 75 organizaciones internacionales y 35 pa\u00edses. La OMM acoy\u00f3 l&#8217;actu de inauguraci\u00f3nen la so see de Xinebra&#8217;l 21 de xineru, ente que la UNESCO va acoyer les celebraciones del primer D\u00eda Mundial de los Glaciares na so see de Par\u00eds los d\u00edes 20 y 21 de marzu. Nesta ocasi\u00f3n, la UNESCO va dedicar el so Informe Mundial sobro l&#8217;Agua a los glaciares, con nuevos datos sobro la so desapaici\u00f3n y les mid\u00edes adoptaes pa faer frente a esti desaf\u00edu.<\/p>\n<p><span style=\"color: #008080\"><strong>La preservaci\u00f3n de los glaciares ye unu de los retos m\u00e1s apremiantes de la humanid\u00e1.<\/strong> <\/span>Estes antig\u00fces formaciones de xelu nun son solo agua conxelao, son el guardianes de la hestoria clim\u00e1tica del nuesu planeta, la fonte de vida de miles de millones de persones y llugares sagraos pa munches cultures. La so r\u00e1pida desapaici\u00f3n ye un crudu recordatoriu de que tenemos d&#8217;actuar agora.<\/p>\n<p>La OMM confirm\u00f3 apocay\u00e1 qu<span style=\"color: #008080\"><strong>&#8216;el 2024 foi l&#8217;a\u00f1u m\u00e1s templ\u00e1u rexistr\u00e1u<\/strong><\/span> y emiti\u00f3 repit\u00edes alertes coloraes sobro l&#8217;est\u00e1u del clima y el retrocesu de los glaciares. En 2023, los glaciares sufrieron la mayor perda de masa nes cinco d\u00e9cades de les que se tienen rexistros. Foi&#8217;l segundu a\u00f1u consecutivu en que toles rexones del mundu con glaciares reportaron perdes de xelu. El derretimiento del xelu y de los glaciares pon en xaque la segurid\u00e1 h\u00eddrica al llargu plazu pa munchos millones de persones.<\/p>\n<p style=\"text-align: center\">\n<!-- iframe plugin v.6.0 wordpress.org\/plugins\/iframe\/ -->\n<iframe loading=\"lazy\" width=\"100%\" height=\"387\" src=\"https:\/\/www.youtube.com\/embed\/Ti9NRFq9uvw\" title=\"2025: A\u00f1o Internacional de la Conservaci\u00f3n de los Glaciares\" frameborder=\"0\" allow=\"accelerometer; autoplay; clipboard-write; encrypted-media; gyroscope; picture-in-picture; web-share\" referrerpolicy=\"strict-origin-when-cross-origin\" 0=\"allowfullscreen\" 1=\"\/iframe\" scrolling=\"yes\" class=\"iframe-class\"><\/iframe>\n<\/p>\n<p><span style=\"color: #008080\"><strong>L&#8217;A\u00f1u Internacional del Caltenimientu de los Glaciares va centrar en delles \u00e1rees cr\u00edtiques:<\/strong><\/span><\/p>\n<ul>\n<li><span style=\"color: #008080\">ampliaci\u00f3n de los sistemes mundiales de vixilancia de glaciares p&#8217;ameyorar la escoyeta y l&#8217;anal\u00eds de datos<\/span><\/li>\n<li><span style=\"color: #008080\">desenvolvimientu de sistemes d&#8217;alerta temprano pa los peligros rellacionaos colos glaciares<\/span><\/li>\n<li><span style=\"color: #008080\">promover la xesti\u00f3n sostenible de los recursos h\u00eddricos nes rexones que dependen de los glaciares<\/span><\/li>\n<li><span style=\"color: #008080\">caltener el patrimoniu cultural y les conocencies tradicionales rellacionaos coles redolaes glaciares<\/span><\/li>\n<li><span style=\"color: #008080\">arreyar a los mozos nos esfuerzos de caltenimientu de los glaciares y na acci\u00f3n clim\u00e1tica.<\/span><\/li>\n<\/ul>\n<p><strong>\u00abTorres d&#8217;agua del mundu\u00bb<\/strong><\/p>\n<p><span style=\"color: #008080\">Los glaciares apurren agua duce a m\u00e1s de la met\u00e1 de la humanid\u00e1<\/span>. A midida que reculen, alterien la disponibilidad de l&#8217;agua y la so calid\u00e1 enag\u00fces embaxo, con consecuencies pa los ecosistemes acu\u00e1ticos y pa sectores como l&#8217;agricultura y l&#8217;enerx\u00eda hidroel\u00e9ctrica. Esto va acompa\u00f1\u00e1u d&#8217;un aumentu al curtiu plazu de fanes de tierra, \u00e1banos, hinchentes y seques, seg\u00fan xuna amenaza al llargu plazu pa la segurid\u00e1 del suministru d&#8217;agua pa miles de millones de persones.<\/p>\n<p>Como c\u00e1psules de tiempu conxel\u00e1u del pas\u00e1u de la tierra,<span style=\"color: #008080\"> los glaciares apurren a los cient\u00edficos datos de valor incalculable sobro el patrones hist\u00f3ricos del clima, la composici\u00f3n atmosf\u00e9rica ya inclusive l&#8217;activid\u00e1 humana a lo llargo de miles d&#8217;a\u00f1os.<\/span> La so desapaici\u00f3n tami\u00e9n trai la perda d&#8217;ecosistemes \u00fanicos y de la biodiversid\u00e1 qu&#8217;evolucionaron nestes redolaes especializaes.<\/p>\n<p style=\"text-align: center\"><a href=\"https:\/\/interactivos.eluniversal.com.mx\/2025\/ciencia\/conservacion-glaciares\/info\/img-info\/info.jpg\"><img loading=\"lazy\" decoding=\"async\" class=\"aligncenter size-large\" src=\"https:\/\/interactivos.eluniversal.com.mx\/2025\/ciencia\/conservacion-glaciares\/info\/img-info\/info.jpg\" width=\"1020\" height=\"1028\" \/><\/a><\/p>\n<p><span style=\"color: #008080\">Pa los pueblos ind\u00edxenes en particular, los glaciares tienen un fondu signific\u00e1u cultural y espiritual, y de cutiu consid\u00e9rense espacios sagraos y morada de deidaes.<\/span> La perda d&#8217;estes formaciones de xelu supondr\u00eda la desapaici\u00f3n irreversible de llugares fundamentales pal patrimoniu cultural y de pr\u00e1ctiques espirituales reconoc\u00edes pola UNESCO como Patrimoniu Cultural Inmaterial de la Humanid\u00e1.<\/p>\n<p style=\"text-align: center\"><a href=\"https:\/\/pbs.twimg.com\/media\/GmlswEraEAAdK1Z?format=jpg&amp;name=medium\"><img loading=\"lazy\" decoding=\"async\" class=\"aligncenter \" src=\"https:\/\/pbs.twimg.com\/media\/GmlswEraEAAdK1Z?format=jpg&amp;name=medium\" width=\"539\" height=\"539\" \/><\/a><\/p>\n<p>L&#8217;A\u00f1u Internacional del Caltenimientu de los Glaciares 2025 va movilizar a gobiernos, instituciones cient\u00edfiques, organizaciones del sector priv\u00e1u y socied\u00e1 civil p&#8217;<span style=\"color: #008080\">amenorgar urxentemente les emisiones de gases d&#8217;efectu invernaderu y poner en marcha estrategia efectives d&#8217;adaptaci\u00f3n.<\/span> Solo al travi\u00e9s de l&#8217;acci\u00f3n colaborativa y una mayor conciencia van caltenese estos recursos vitales pa les xeneraciones futures.<\/p>\n<p style=\"text-align: center\">\n<!-- iframe plugin v.6.0 wordpress.org\/plugins\/iframe\/ -->\n<iframe loading=\"lazy\" width=\"100%\" height=\"406\" src=\"https:\/\/www.youtube.com\/embed\/GUnVEs4Jx6c\" title=\"Introduction to the International Year of Glaciers\u2019 Preservation, 2025\" frameborder=\"0\" allow=\"accelerometer; autoplay; clipboard-write; encrypted-media; gyroscope; picture-in-picture; web-share\" referrerpolicy=\"strict-origin-when-cross-origin\" 0=\"allowfullscreen\" 1=\"\/iframe\" scrolling=\"yes\" class=\"iframe-class\"><\/iframe>\n<\/p>\n<p style=\"text-align: center\"><a href=\"https:\/\/pbs.twimg.com\/media\/GmlsxKJaAAABj6z?format=jpg&amp;name=medium\"><img loading=\"lazy\" decoding=\"async\" class=\"aligncenter \" src=\"https:\/\/pbs.twimg.com\/media\/GmlsxKJaAAABj6z?format=jpg&amp;name=medium\" width=\"531\" height=\"531\" \/><\/a><\/p>\n<p style=\"text-align: center\"><a href=\"https:\/\/pbs.twimg.com\/media\/Gmj3gL2aEAkEZYW?format=jpg&amp;name=large\"><img loading=\"lazy\" decoding=\"async\" class=\"aligncenter size-large\" src=\"https:\/\/pbs.twimg.com\/media\/Gmj3gL2aEAkEZYW?format=jpg&amp;name=large\" width=\"921\" height=\"1638\" \/><\/a><\/p>\n<\/div>\n<\/div>\n<\/div>\n<\/div>\n<\/div>\n<\/div>\n<\/div>\n<\/div>\n<p>&nbsp;<\/p>\n","protected":false},"excerpt":{"rendered":"<p>Fundaci\u00f3n Biodiversidad\/ imaxe https:\/\/www.un-glaciers.org\/es \/ UNESCO \/ \u00a0www.un-glaciers.org \/ www.wmo.int \/ VIDEU \u00a0https:\/\/un-glaciers.org\/en #IYGP #Glaciers2025 La United Nations declar\u00f3&#8217;l 2025 A\u00f1u Internacional del Caltenimientu de los Glaciares. Los glaciares apurren agua duce a m\u00e1s de la met\u00e1 de la humanid\u00e1. S\u00f3lo&#8217;l 3% d&#8217;agua ye duce.\u00a0 El 50% de los glaciares de la Tierra, inclusive&#8217;l m\u00e1s [&hellip;]<\/p>\n","protected":false},"author":117,"featured_media":0,"comment_status":"open","ping_status":"open","sticky":false,"template":"","format":"standard","meta":{"footnotes":""},"categories":[174,1],"tags":[],"class_list":["post-47377","post","type-post","status-publish","format-standard","hentry","category-anu-de","category-sin-categoria"],"_links":{"self":[{"href":"https:\/\/edublog.educastur.es\/ixuxu\/wp-json\/wp\/v2\/posts\/47377","targetHints":{"allow":["GET"]}}],"collection":[{"href":"https:\/\/edublog.educastur.es\/ixuxu\/wp-json\/wp\/v2\/posts"}],"about":[{"href":"https:\/\/edublog.educastur.es\/ixuxu\/wp-json\/wp\/v2\/types\/post"}],"author":[{"embeddable":true,"href":"https:\/\/edublog.educastur.es\/ixuxu\/wp-json\/wp\/v2\/users\/117"}],"replies":[{"embeddable":true,"href":"https:\/\/edublog.educastur.es\/ixuxu\/wp-json\/wp\/v2\/comments?post=47377"}],"version-history":[{"count":12,"href":"https:\/\/edublog.educastur.es\/ixuxu\/wp-json\/wp\/v2\/posts\/47377\/revisions"}],"predecessor-version":[{"id":47389,"href":"https:\/\/edublog.educastur.es\/ixuxu\/wp-json\/wp\/v2\/posts\/47377\/revisions\/47389"}],"wp:attachment":[{"href":"https:\/\/edublog.educastur.es\/ixuxu\/wp-json\/wp\/v2\/media?parent=47377"}],"wp:term":[{"taxonomy":"category","embeddable":true,"href":"https:\/\/edublog.educastur.es\/ixuxu\/wp-json\/wp\/v2\/categories?post=47377"},{"taxonomy":"post_tag","embeddable":true,"href":"https:\/\/edublog.educastur.es\/ixuxu\/wp-json\/wp\/v2\/tags?post=47377"}],"curies":[{"name":"wp","href":"https:\/\/api.w.org\/{rel}","templated":true}]}}