{"id":474,"date":"2020-05-07T09:20:12","date_gmt":"2020-05-07T09:20:12","guid":{"rendered":"https:\/\/edublog.educastur.es\/ixuxu\/?p=474"},"modified":"2020-08-19T15:21:38","modified_gmt":"2020-08-19T15:21:38","slug":"llega-en-mayu-la-superlluna-de-les-flores","status":"publish","type":"post","link":"https:\/\/edublog.educastur.es\/ixuxu\/2020\/05\/llega-en-mayu-la-superlluna-de-les-flores\/","title":{"rendered":"Llega en mayu: la superlluna de les flores"},"content":{"rendered":"<p><a href=\"https:\/\/s.yimg.com\/ny\/api\/res\/1.2\/J.yGURICNlpzUhSl4HQPng--~A\/YXBwaWQ9aGlnaGxhbmRlcjtzbT0xO3c9ODAw\/https:\/\/media.zenfs.com\/es\/bbc_news_spain_349\/e3ff81a9f47708d587f3c6d55e7bc0a8\" target=\"_blank\" rel=\"noopener noreferrer\"><img loading=\"lazy\" decoding=\"async\" class=\"\" src=\"https:\/\/s.yimg.com\/ny\/api\/res\/1.2\/J.yGURICNlpzUhSl4HQPng--~A\/YXBwaWQ9aGlnaGxhbmRlcjtzbT0xO3c9ODAw\/https:\/\/media.zenfs.com\/es\/bbc_news_spain_349\/e3ff81a9f47708d587f3c6d55e7bc0a8\" width=\"446\" height=\"251\" \/><\/a><\/p>\n<p>Esta madrugada p\u00fadose ver la \u00faltima superluna de 2020, nun va haber otra hasta abril de 2021.<\/p>\n<p><img loading=\"lazy\" decoding=\"async\" class=\"\" src=\"https:\/\/imagenes.20minutos.es\/files\/article_amp\/uploads\/2020\/05\/07\/luna-en-flor.jpeg\" width=\"303\" height=\"171\" \/><\/p>\n<p><span style=\"font-size: 20px\"><strong><em>\u00a1El 7 de mayu de 2020 hai lluna llena! <\/em><\/strong>Un fen\u00f3menu que nesti mes de mayu recibe\u2019l nome de \u201c<span style=\"color: #800080\"><em><u>superluna de les flores<\/u><\/em><\/span>\u201c \u00bfPor qu\u00e9 \u201clluna de les flores\u201d?<\/span><\/p>\n<p><span style=\"font-size: 20px\"><a href=\"https:\/\/s.yimg.com\/ny\/api\/res\/1.2\/vFdXo3SUVQnnACSCyKZ24w--~A\/YXBwaWQ9aGlnaGxhbmRlcjtzbT0xO3c9OTc2O2g9NTQ5\/https:\/\/media.zenfs.com\/es\/bbc_news_spain_349\/3d7b491ccd29c26bf7cba7a2fb9c6b94\" target=\"_blank\" rel=\"noopener noreferrer\"><img loading=\"lazy\" decoding=\"async\" src=\"https:\/\/s.yimg.com\/ny\/api\/res\/1.2\/vFdXo3SUVQnnACSCyKZ24w--~A\/YXBwaWQ9aGlnaGxhbmRlcjtzbT0xO3c9OTc2O2g9NTQ5\/https:\/\/media.zenfs.com\/es\/bbc_news_spain_349\/3d7b491ccd29c26bf7cba7a2fb9c6b94\" width=\"390\" height=\"220\" \/><\/a><\/span><\/p>\n<p><span style=\"font-size: 20px\"><strong><em>Una superluna vese ente 7% y 15% m\u00e1s brillosa que xuna lluna llena com\u00fan. <\/em><\/strong>Esti nome nun implica que vaigamos ver al nuesu sat\u00e9lite llar\u00e1u de p\u00e9talos o que la so presencia ayude al floriamientu. La <u><em>lluna llena de mayu <\/em><\/u>recibe esti nome porque c<strong>oincide con un periodu bien flor\u00edu nel hemisferiu norte. <\/strong>Cuando la Lluna ta barganal del puntu m\u00e1s cercanu a la Tierra y, am\u00e1s, coincide cola so fase llena, d\u00e1se-y el nome de<u><em> superluna<\/em><\/u>.<\/span><\/p>\n","protected":false},"excerpt":{"rendered":"<p>Esta madrugada p\u00fadose ver la \u00faltima superluna de 2020, nun va haber otra hasta abril de 2021. \u00a1El 7 de mayu de 2020 hai lluna llena! Un fen\u00f3menu que nesti mes de mayu recibe\u2019l nome de \u201csuperluna de les flores\u201c \u00bfPor qu\u00e9 \u201clluna de les flores\u201d? Una superluna vese ente 7% y 15% m\u00e1s brillosa [&hellip;]<\/p>\n","protected":false},"author":117,"featured_media":0,"comment_status":"closed","ping_status":"open","sticky":false,"template":"","format":"standard","meta":{"footnotes":""},"categories":[4],"tags":[],"class_list":["post-474","post","type-post","status-publish","format-standard","hentry","category-natura"],"_links":{"self":[{"href":"https:\/\/edublog.educastur.es\/ixuxu\/wp-json\/wp\/v2\/posts\/474","targetHints":{"allow":["GET"]}}],"collection":[{"href":"https:\/\/edublog.educastur.es\/ixuxu\/wp-json\/wp\/v2\/posts"}],"about":[{"href":"https:\/\/edublog.educastur.es\/ixuxu\/wp-json\/wp\/v2\/types\/post"}],"author":[{"embeddable":true,"href":"https:\/\/edublog.educastur.es\/ixuxu\/wp-json\/wp\/v2\/users\/117"}],"replies":[{"embeddable":true,"href":"https:\/\/edublog.educastur.es\/ixuxu\/wp-json\/wp\/v2\/comments?post=474"}],"version-history":[{"count":2,"href":"https:\/\/edublog.educastur.es\/ixuxu\/wp-json\/wp\/v2\/posts\/474\/revisions"}],"predecessor-version":[{"id":476,"href":"https:\/\/edublog.educastur.es\/ixuxu\/wp-json\/wp\/v2\/posts\/474\/revisions\/476"}],"wp:attachment":[{"href":"https:\/\/edublog.educastur.es\/ixuxu\/wp-json\/wp\/v2\/media?parent=474"}],"wp:term":[{"taxonomy":"category","embeddable":true,"href":"https:\/\/edublog.educastur.es\/ixuxu\/wp-json\/wp\/v2\/categories?post=474"},{"taxonomy":"post_tag","embeddable":true,"href":"https:\/\/edublog.educastur.es\/ixuxu\/wp-json\/wp\/v2\/tags?post=474"}],"curies":[{"name":"wp","href":"https:\/\/api.w.org\/{rel}","templated":true}]}}