{"id":47428,"date":"2025-05-17T09:00:52","date_gmt":"2025-05-17T07:00:52","guid":{"rendered":"https:\/\/edublog.educastur.es\/ixuxu\/?p=47428"},"modified":"2025-05-18T21:47:39","modified_gmt":"2025-05-18T19:47:39","slug":"dia-internacional-contra-la-lgtbifobia","status":"publish","type":"post","link":"https:\/\/edublog.educastur.es\/ixuxu\/2025\/05\/dia-internacional-contra-la-lgtbifobia\/","title":{"rendered":"D\u00eda Internacional contra la LGTBIfobia"},"content":{"rendered":"<p>La violencia f\u00edsica o verbal contra persones LGTBI+ dobl\u00f3se en solo un a\u00f1u: <strong>del 6,8% en 2024 al 16,25% en 2025.<\/strong><\/p>\n<p style=\"text-align: center\"><a href=\"https:\/\/img.europapress.es\/fotoweb\/fotonoticia_20230708120052_1200.jpg\"><img loading=\"lazy\" decoding=\"async\" class=\"aligncenter size-large\" src=\"https:\/\/img.europapress.es\/fotoweb\/fotonoticia_20230708120052_1200.jpg\" width=\"1200\" height=\"1200\" \/><\/a><\/p>\n<p>\u00bfPor qu\u00e9 celebra&#8217;l 17 de mayu&#8217;l D\u00eda Internacional contra la LGTBIfobia? El 17 de mayu de 1990, la <strong>Organizaci\u00f3n Mundial de la Sal\u00fa dex\u00f3 de considerar la homosexualid\u00e1 como una enfermed\u00e1 mental. <\/strong><a href=\"https:\/\/es.wikipedia.org\/wiki\/D%C3%ADa_Internacional_contra_la_Homofobia,_la_Transfobia_y_la_Bifobia\">Wikipedia<\/a><strong> \/ <\/strong>La\u00a0violencia f\u00edsica o verbal a persones LGTBI+ aument\u00f3\u00a0angua\u00f1o m\u00e1s del doble con respectu al 2024, seg\u00fan esprende l&#8217;informe &#8216;Est\u00e1u del odiu: est\u00e1u LGTBI+&#8217;, de 2025, ellabor\u00e1u pola Federaci\u00f3n Estatal LGTBI+, y present\u00e1u esti mi\u00e9rcoles en Madrid.<\/p>\n<p><!--more--><\/p>\n<ul>\n<li><a href=\"https:\/\/www.igualdad.gob.es\/ministerio\/dglgtbi\/\">Ministeriu d&#8217;Iguald\u00e1<\/a> \/ <a href=\"https:\/\/www.igualdad.gob.es\/comunicacion\/notasprensa\/17m-dia-contra-lgtbi-fobia\/#:~:text=%C2%BFPor%20qu%C3%A9%20se%20celebra%20el,homosexualidad%20como%20una%20enfermedad%20mental.\">Nota prensa<\/a> \/<a href=\"https:\/\/www.asturias.es\/ast\/direcciones-y-telefonos\/personas-y-cargos?p_p_id=pa_webasturias_buscador_personascargos_web_BuscadorPersonasCargosWebPortlet_Full&amp;p_p_lifecycle=0&amp;p_p_state=normal&amp;p_p_mode=view&amp;p_r_p_mvcRenderCommandName=%2FdetallePersonaFull&amp;_pa_webasturias_buscador_personascargos_web_BuscadorPersonasCargosWebPortlet_Full_nombreCompleto=Nuria+Rodr%C3%ADguez+L%C3%B3pez&amp;p_r_p_idPersona=13219\"> Princip\u00e1u d&#8217;Asturies<\/a> \/<a href=\"https:\/\/www.rtve.es\/noticias\/20230628\/radiografia-lgtbi-espana\/2450664.shtml\"> radiograf\u00eda n&#8217;Espa\u00f1a<\/a> \/<\/li>\n<\/ul>\n<div class=\"x1rg5ohu xw3qccf\">\n<div>\n<div class=\"x9f619 xjbqb8w x1rg5ohu x168nmei x13lgxp2 x5pf9jr xo71vjh x1uhb9sk x1plvlek xryxfnj x1c4vz4f x2lah0s xdt5ytf xqjyukv x1qjc9v5 x1oa3qoh x1nhvcw1\">\n<ul>\n<li class=\"x9f619 xjbqb8w x78zum5 x168nmei x13lgxp2 x5pf9jr xo71vjh x1n2onr6 x1plvlek xryxfnj x1c4vz4f x2lah0s x1q0g3np xqjyukv x6s0dn4 x1oa3qoh x1nhvcw1\"><span class=\"_ap3a _aaco _aacw _aacx _aad7 _aade\" dir=\"auto\"><a href=\"https:\/\/www.instagram.com\/piedresnelcamin\/\"><em><strong>piedresnelcamin<\/strong><\/em><\/a> \/ <span class=\"_ap3a _aaco _aacu _aacx _aad7 _aade\" dir=\"auto\">\u2764\ufe0f\ud83e\udde1\ud83d\udc9b\ud83d\udc9a\ud83e\ude75\ud83d\udc9c<\/span><\/span><\/li>\n<\/ul>\n<\/div>\n<\/div>\n<\/div>\n<div>\n<p><span class=\"_ap3a _aaco _aacu _aacx _aad7 _aade\" dir=\"auto\">\u2728D\u00eda Mundial contra la LGTBIfobia. Nun mundu onde cada vez tienen mas fuerza los discursos d\u2019odiu tenemos que da-y poder al amor, a la empat\u00eda y al respetu. \u00a1Qu\u00e9 guapu ye quer\u00e9se y querer!<\/span><\/p>\n<p class=\"titulo\">Aumenta m\u00e1s del doble la violencia f\u00edsica o verbal a persones LGTBI+ angua\u00f1o con respectu al 2024, seg\u00fan la FELGTBI+ La violencia f\u00edsica o verbal a persones LGTBI+ aument\u00f3 angua\u00f1o m\u00e1s del doble con respectu al 2024, seg\u00fan esprende l&#8217;informe &#8216;Est\u00e1u del odiu: est\u00e1u LGTBI+&#8217;, de 2025, ellabor\u00e1u pola Federaci\u00f3n Estatal LGTBI+, y present\u00e1u esti mi\u00e9rcoles en Madrid. <a href=\"https:\/\/www.europapress.es\/asturianu\/noticia-aumenta-mas-doble-violencia-fisica-verbal-persones-lgtbi-anguano-respectu-2024-felgtbi-20250514192711.html\">Noticia<\/a><\/p>\n<\/div>\n<p style=\"text-align: center\"><span class=\"html-span xexx8yu x4uap5 x18d9i69 xkhd6sd x1hl2dhg x16tdsg8 x1vvkbs x3nfvp2 x1j61x8r x1fcty0u xdj266r xat24cr xgzva0m xhhsvwb xxymvpz xlup9mm x1kky2od\">\n<!-- iframe plugin v.6.0 wordpress.org\/plugins\/iframe\/ -->\n<iframe loading=\"lazy\" src=\"https:\/\/www.instagram.com\/reel\/DJwhXH5MYci\/embed\" width=\"460\" height=\"520\" 0=\"\/iframe\" scrolling=\"yes\" class=\"iframe-class\" frameborder=\"0\"><\/iframe>\n<\/span><\/p>\n<p>&nbsp;<\/p>\n<p style=\"text-align: center\"><a href=\"https:\/\/www.igualdad.gob.es\/wp-content\/uploads\/DiaInternacionalContraLaLGTBIFOBIA.jpg\"><img loading=\"lazy\" decoding=\"async\" class=\"aligncenter size-large\" src=\"https:\/\/www.igualdad.gob.es\/wp-content\/uploads\/DiaInternacionalContraLaLGTBIFOBIA.jpg\" width=\"853\" height=\"476\" \/><\/a><\/p>\n<p style=\"text-align: center\"><span class=\"html-span xexx8yu x4uap5 x18d9i69 xkhd6sd x1hl2dhg x16tdsg8 x1vvkbs x3nfvp2 x1j61x8r x1fcty0u xdj266r xat24cr xgzva0m xhhsvwb xxymvpz xlup9mm x1kky2od\">\n<!-- iframe plugin v.6.0 wordpress.org\/plugins\/iframe\/ -->\n<iframe loading=\"lazy\" src=\"https:\/\/www.instagram.com\/reel\/DIbNhKAo9Bq\/embed\" width=\"460\" height=\"500\" 0=\"\/iframe\" scrolling=\"yes\" class=\"iframe-class\" frameborder=\"0\"><\/iframe>\n<\/span><\/p>\n<p><span style=\"color: #800080\"><em><strong>\ud83d\udcda\u2728 Llibros en Llibert\u00e1 ye m\u00e1s qu&#8217;un proyectu, ye una puerta abierta al aprendizaxe ensin llendes.<\/strong><\/em><\/span><\/p>\n<p><span style=\"color: #800080\"><em>\u2705 Fomenta la llectura: Llibros accesibles para toos, ensin restricciones.<\/em><\/span><br \/>\n<span style=\"color: #800080\"><em>\u2705 Aprendizaxe aut\u00f3nomu: Cada ne\u00f1u escueye qu\u00e9 lleer, espertando&#8217;l so inter\u00e9s natural.<\/em><\/span><br \/>\n<span style=\"color: #800080\"><em>\u2705 Crecedera ensin presiones: Ensin exames nin imposiciones, solu amor pola conocencia.<\/em><\/span><\/p>\n<p><span style=\"color: #800080\"><em>\ud83d\udca1 La educaci\u00f3n nun tien de tener candaos, ten de ser llibre, accesible y emocionante. \ud83d\udd04 Comparte esti video y ay\u00fadanos a espandir la conocencia ensin fronteres.<\/em><\/span><\/p>\n<div class=\"xyinxu5 x1pi30zi x1g2khh7 x1swvt13\">\n<div class=\"x6s0dn4 x78zum5 x1q0g3np x1nhvcw1 xh8yej3\">\n<div class=\"x9f619 xjbqb8w x78zum5 x168nmei x13lgxp2 x5pf9jr xo71vjh x1uhb9sk x1plvlek xryxfnj x1iyjqo2 x2lwn1j xeuugli x1q0g3np xqjyukv x6s0dn4 x1oa3qoh x1nhvcw1\">\n<div class=\"x9f619 xjbqb8w x78zum5 x168nmei x13lgxp2 x5pf9jr xo71vjh x1n2onr6 x1plvlek xryxfnj x1c4vz4f x2lah0s xdt5ytf xqjyukv x1qjc9v5 x1oa3qoh xl56j7k\">\n<div class=\"x9f619 xjbqb8w x78zum5 x168nmei x13lgxp2 x5pf9jr xo71vjh x1uhb9sk x1plvlek xryxfnj x1c4vz4f x2lah0s x1q0g3np xqjyukv x6s0dn4 x1oa3qoh x1nhvcw1\">\n<div>\n<div class=\"x9f619 xjbqb8w x78zum5 x168nmei x13lgxp2 x5pf9jr xo71vjh x1uhb9sk x1plvlek xryxfnj x1c4vz4f x2lah0s x1q0g3np xqjyukv x6s0dn4 x1oa3qoh x1nhvcw1\">\n<div>\n<div class=\"x9f619 xjbqb8w x1rg5ohu x168nmei x13lgxp2 x5pf9jr xo71vjh x1uhb9sk x1plvlek xryxfnj x1c4vz4f x2lah0s xdt5ytf xqjyukv x1qjc9v5 x1oa3qoh x1nhvcw1\">\n<ul>\n<li class=\"x9f619 xjbqb8w x78zum5 x168nmei x13lgxp2 x5pf9jr xo71vjh x1n2onr6 x1plvlek xryxfnj x1c4vz4f x2lah0s x1q0g3np xqjyukv x6s0dn4 x1oa3qoh x1nhvcw1\"><span class=\"_ap3a _aaco _aacw _aacx _aad7 _aade\" dir=\"auto\"><a href=\"https:\/\/www.instagram.com\/lgtbigob\/\">lgtbigob<\/a>\u00a0 \/<a href=\"https:\/\/www.instagram.com\/rededucativalgtbiasturias\/\"> Red Educativa LGTBI + Asturies<\/a> \/\u00a0<\/span><\/li>\n<\/ul>\n<\/div>\n<\/div>\n<\/div>\n<\/div>\n<div class=\"x9f619 xjbqb8w x78zum5 x168nmei x13lgxp2 x5pf9jr xo71vjh x1uhb9sk x1plvlek xryxfnj x1c4vz4f x2lah0s x1q0g3np xqjyukv x6s0dn4 x1oa3qoh x1nhvcw1\" style=\"text-align: center\"><span class=\"html-span xexx8yu x4uap5 x18d9i69 xkhd6sd x1hl2dhg x16tdsg8 x1vvkbs x3nfvp2 x1j61x8r x1fcty0u xdj266r xat24cr xgzva0m xhhsvwb xxymvpz xlup9mm x1kky2od\">\n<!-- iframe plugin v.6.0 wordpress.org\/plugins\/iframe\/ -->\n<iframe loading=\"lazy\" src=\"https:\/\/www.instagram.com\/reel\/DHWoJ1rsYnE\/embed\" width=\"260\" height=\"500\" 0=\"\/iframe\" scrolling=\"yes\" class=\"iframe-class\" frameborder=\"0\"><\/iframe>\n<\/span><\/div>\n<\/div>\n<\/div>\n<\/div>\n<\/div>\n<\/div>\n<div class=\"x5yr21d xw2csxc x1odjw0f x1n2onr6\">\n<div class=\"x9f619 x78zum5 xdt5ytf x5yr21d xexx8yu x1pi30zi x1l90r2v x1swvt13 x10l6tqk xh8yej3\">\n<div class=\"x9f619 xjbqb8w x78zum5 x168nmei x13lgxp2 x5pf9jr xo71vjh xsag5q8 xz9dl7a x1uhb9sk x1plvlek xryxfnj x1c4vz4f x2lah0s x1q0g3np xqjyukv x1qjc9v5 x1oa3qoh x1nhvcw1\">\n<div class=\"x9f619 xjbqb8w x78zum5 x168nmei x13lgxp2 x5pf9jr xo71vjh x1uhb9sk x1plvlek xryxfnj x1iyjqo2 x2lwn1j xeuugli x1q0g3np xqjyukv x1qjc9v5 x1oa3qoh x1nhvcw1\">\n<div class=\"x9f619 xjbqb8w x78zum5 x168nmei x13lgxp2 x5pf9jr xo71vjh x1uhb9sk x1plvlek xryxfnj x1iyjqo2 x2lwn1j xeuugli xdt5ytf xqjyukv x1qjc9v5 x1oa3qoh x1nhvcw1\">\n<div class=\"x9f619 xjbqb8w x78zum5 x168nmei x13lgxp2 x5pf9jr xo71vjh x1uhb9sk x1plvlek xryxfnj x1c4vz4f x2lah0s xdt5ytf xqjyukv x1qjc9v5 x1oa3qoh x1nhvcw1\">\n<ul>\n<li class=\"x9f619 xjbqb8w x78zum5 x168nmei x13lgxp2 x5pf9jr xo71vjh x1uhb9sk x1plvlek xryxfnj x1c4vz4f x2lah0s x1q0g3np xqjyukv x1qjc9v5 x1oa3qoh x1nhvcw1\">\u00a0Tel\u00e9fonu 028 \u2013<strong> Serviciu d&#8217;atenci\u00f3n integral LGTBI+.<\/strong><\/li>\n<li class=\"x9f619 xjbqb8w x78zum5 x168nmei x13lgxp2 x5pf9jr xo71vjh x1uhb9sk x1plvlek xryxfnj x1c4vz4f x2lah0s x1q0g3np xqjyukv x1qjc9v5 x1oa3qoh x1nhvcw1\"><span style=\"color: #800080\"><strong>Serviciu d&#8217;informaci\u00f3n y atenci\u00f3n en materia de derechos LGTBI+ y delitos d&#8217;odiu por LGTBIfobia<\/strong><\/span>. Atenci\u00f3n gratuita, confidencial y disponible 24\/7, los 365 d\u00edes del a\u00f1u \u00bfC\u00f3mo contactar? \ud83d\udcf1 Tel\u00e9fono: 028 \/\u00a0 Email: 028-online@igualdad.gob.es\/\ud83d\udcac Chat online: www.igualdad.gob.es\/chat028\/<\/li>\n<\/ul>\n<p><img loading=\"lazy\" decoding=\"async\" class=\"alignnone \" src=\"https:\/\/www.gandia.es\/aytg\/uploaded\/IGUALTAT\/WhatsApp_Image_2023-07-06_at_18-11-12.jpeg\" width=\"261\" height=\"244\" \/>\u00a0 \u00a0 \/ <img loading=\"lazy\" decoding=\"async\" class=\"alignnone \" src=\"https:\/\/torrelaguna.es\/wp-content\/uploads\/2023\/07\/servicio-arco-iris-2.jpg\" width=\"242\" height=\"244\" \/><\/p>\n<p style=\"text-align: left\"><span class=\"x193iq5w xeuugli x1fj9vlw x13faqbe x1vvkbs xt0psk2 x1i0vuye xvs91rp xo1l8bm x5n08af x10wh9bi x1wdrske x8viiok x18hxmgj\"><br \/>\nInformaci\u00f3n, acompa\u00f1amiento y apoyo emocional.<br \/>\nSiempre que lo necesites.<br \/>\n<\/span><\/p>\n<p style=\"text-align: center\"><a href=\"https:\/\/s3.ppllstatics.com\/elcomercio\/www\/multimedia\/202206\/25\/media\/GALERIA-orgullin\/orgullin%20(15).jpg\"><img loading=\"lazy\" decoding=\"async\" class=\"aligncenter size-large\" src=\"https:\/\/s3.ppllstatics.com\/elcomercio\/www\/multimedia\/202206\/25\/media\/GALERIA-orgullin\/orgullin%20(15).jpg\" width=\"1374\" height=\"916\" \/><\/a><\/p>\n<\/div>\n<\/div>\n<\/div>\n<\/div>\n<\/div>\n<\/div>\n<p>&nbsp;<\/p>\n<p>&nbsp;<\/p>\n","protected":false},"excerpt":{"rendered":"<p>La violencia f\u00edsica o verbal contra persones LGTBI+ dobl\u00f3se en solo un a\u00f1u: del 6,8% en 2024 al 16,25% en 2025. \u00bfPor qu\u00e9 celebra&#8217;l 17 de mayu&#8217;l D\u00eda Internacional contra la LGTBIfobia? El 17 de mayu de 1990, la Organizaci\u00f3n Mundial de la Sal\u00fa dex\u00f3 de considerar la homosexualid\u00e1 como una enfermed\u00e1 mental. Wikipedia \/ [&hellip;]<\/p>\n","protected":false},"author":117,"featured_media":0,"comment_status":"open","ping_status":"open","sticky":false,"template":"","format":"standard","meta":{"footnotes":""},"categories":[6,301],"tags":[],"class_list":["post-47428","post","type-post","status-publish","format-standard","hentry","category-dia-de","category-lgbtiq"],"_links":{"self":[{"href":"https:\/\/edublog.educastur.es\/ixuxu\/wp-json\/wp\/v2\/posts\/47428","targetHints":{"allow":["GET"]}}],"collection":[{"href":"https:\/\/edublog.educastur.es\/ixuxu\/wp-json\/wp\/v2\/posts"}],"about":[{"href":"https:\/\/edublog.educastur.es\/ixuxu\/wp-json\/wp\/v2\/types\/post"}],"author":[{"embeddable":true,"href":"https:\/\/edublog.educastur.es\/ixuxu\/wp-json\/wp\/v2\/users\/117"}],"replies":[{"embeddable":true,"href":"https:\/\/edublog.educastur.es\/ixuxu\/wp-json\/wp\/v2\/comments?post=47428"}],"version-history":[{"count":17,"href":"https:\/\/edublog.educastur.es\/ixuxu\/wp-json\/wp\/v2\/posts\/47428\/revisions"}],"predecessor-version":[{"id":48883,"href":"https:\/\/edublog.educastur.es\/ixuxu\/wp-json\/wp\/v2\/posts\/47428\/revisions\/48883"}],"wp:attachment":[{"href":"https:\/\/edublog.educastur.es\/ixuxu\/wp-json\/wp\/v2\/media?parent=47428"}],"wp:term":[{"taxonomy":"category","embeddable":true,"href":"https:\/\/edublog.educastur.es\/ixuxu\/wp-json\/wp\/v2\/categories?post=47428"},{"taxonomy":"post_tag","embeddable":true,"href":"https:\/\/edublog.educastur.es\/ixuxu\/wp-json\/wp\/v2\/tags?post=47428"}],"curies":[{"name":"wp","href":"https:\/\/api.w.org\/{rel}","templated":true}]}}