{"id":47443,"date":"2025-05-03T14:00:28","date_gmt":"2025-05-03T12:00:28","guid":{"rendered":"https:\/\/edublog.educastur.es\/ixuxu\/?p=47443"},"modified":"2025-05-03T20:52:11","modified_gmt":"2025-05-03T18:52:11","slug":"47443","status":"publish","type":"post","link":"https:\/\/edublog.educastur.es\/ixuxu\/2025\/05\/47443\/","title":{"rendered":""},"content":{"rendered":"<p style=\"text-align: center\"><strong><span style=\"font-size: 24px;color: #800080\"><em>\u00abHai persones que tienen el sol dientro d&#8217;elles. <\/em><\/span><\/strong><br \/>\n<span style=\"font-size: 24px;color: #800080\"><em>Ye complicao d&#8217;esplicar. <\/em><\/span><br \/>\n<strong><span style=\"font-size: 24px;color: #800080\"><em>La so presencia a cencielles alluma&#8217;l to mundu. <\/em><\/span><\/strong><br \/>\n<span style=\"font-size: 24px;color: #800080\"><em>Nun se trata de sorrises guapes.<\/em><\/span><\/p>\n<p style=\"text-align: center\"><strong><span style=\"font-size: 24px;color: #800080\"><em>Tienen un ser internu que relluma enforma <\/em><\/span><\/strong><br \/>\n<span style=\"font-size: 24px;color: #800080\"><em>y si\u00e9ntese como&#8217;l sol pel hibiernu. <\/em><\/span><br \/>\n<strong><span style=\"font-size: 24px;color: #800080\"><em>Ye una enerx\u00eda sele, una paz interior. <\/em><\/span><\/strong><br \/>\n<span style=\"font-size: 24px;color: #800080\"><em>Pero lo m\u00e1s importante ye <\/em><\/span><br \/>\n<span style=\"font-size: 24px;color: #800080\"><em>que <strong>nun quieren nada a camb\u00e9u&#8230; <\/strong><\/em><\/span><strong><span style=\"font-size: 24px;color: #800080\"><em>como&#8217;l sol.\u00bb<\/em><\/span><\/strong><br \/>\nSerdar \u00d6zkan<\/p>\n<p style=\"text-align: center\">\n<!-- iframe plugin v.6.0 wordpress.org\/plugins\/iframe\/ -->\n<iframe loading=\"lazy\" src=\"https:\/\/www.facebook.com\/plugins\/post.php?href=https%3A%2F%2Fwww.facebook.com%2Fnochedeletras%2Fposts%2Fpfbid0myVa1Uadm12Xti66Su3YGFSYHE3WmQMbytXoNH4SFTLCkBKg18HK6vJGTCCZDKD1l&#038;show_text=false&#038;width=500\" width=\"500\" height=\"497\" style=\"border:none;overflow:hidden\" scrolling=\"no\" frameborder=\"0\" allowfullscreen=\"true\" allow=\"autoplay; clipboard-write; encrypted-media; picture-in-picture; web-share\" 0=\"\/iframe\" class=\"iframe-class\"><\/iframe>\n<\/p>\n","protected":false},"excerpt":{"rendered":"<p>\u00abHai persones que tienen el sol dientro d&#8217;elles. Ye complicao d&#8217;esplicar. La so presencia a cencielles alluma&#8217;l to mundu. Nun se trata de sorrises guapes. Tienen un ser internu que relluma enforma y si\u00e9ntese como&#8217;l sol pel hibiernu. Ye una enerx\u00eda sele, una paz interior. Pero lo m\u00e1s importante ye que nun quieren nada a [&hellip;]<\/p>\n","protected":false},"author":117,"featured_media":0,"comment_status":"open","ping_status":"open","sticky":false,"template":"","format":"quote","meta":{"footnotes":""},"categories":[1],"tags":[],"class_list":["post-47443","post","type-post","status-publish","format-quote","hentry","category-sin-categoria","post_format-post-format-quote"],"_links":{"self":[{"href":"https:\/\/edublog.educastur.es\/ixuxu\/wp-json\/wp\/v2\/posts\/47443","targetHints":{"allow":["GET"]}}],"collection":[{"href":"https:\/\/edublog.educastur.es\/ixuxu\/wp-json\/wp\/v2\/posts"}],"about":[{"href":"https:\/\/edublog.educastur.es\/ixuxu\/wp-json\/wp\/v2\/types\/post"}],"author":[{"embeddable":true,"href":"https:\/\/edublog.educastur.es\/ixuxu\/wp-json\/wp\/v2\/users\/117"}],"replies":[{"embeddable":true,"href":"https:\/\/edublog.educastur.es\/ixuxu\/wp-json\/wp\/v2\/comments?post=47443"}],"version-history":[{"count":2,"href":"https:\/\/edublog.educastur.es\/ixuxu\/wp-json\/wp\/v2\/posts\/47443\/revisions"}],"predecessor-version":[{"id":47445,"href":"https:\/\/edublog.educastur.es\/ixuxu\/wp-json\/wp\/v2\/posts\/47443\/revisions\/47445"}],"wp:attachment":[{"href":"https:\/\/edublog.educastur.es\/ixuxu\/wp-json\/wp\/v2\/media?parent=47443"}],"wp:term":[{"taxonomy":"category","embeddable":true,"href":"https:\/\/edublog.educastur.es\/ixuxu\/wp-json\/wp\/v2\/categories?post=47443"},{"taxonomy":"post_tag","embeddable":true,"href":"https:\/\/edublog.educastur.es\/ixuxu\/wp-json\/wp\/v2\/tags?post=47443"}],"curies":[{"name":"wp","href":"https:\/\/api.w.org\/{rel}","templated":true}]}}