{"id":47466,"date":"2025-05-06T09:00:13","date_gmt":"2025-05-06T07:00:13","guid":{"rendered":"https:\/\/edublog.educastur.es\/ixuxu\/?p=47466"},"modified":"2025-05-06T17:32:51","modified_gmt":"2025-05-06T15:32:51","slug":"iii-feria-de-la-ciencia-y-linnovacion-dasturies-vienres-9-de-mayu","status":"publish","type":"post","link":"https:\/\/edublog.educastur.es\/ixuxu\/2025\/05\/iii-feria-de-la-ciencia-y-linnovacion-dasturies-vienres-9-de-mayu\/","title":{"rendered":"III Feria de la Ciencia y l&#8217;Innovaci\u00f3n d&#8217;Asturies: vienres 9 de mayu"},"content":{"rendered":"<div class=\"html-div xdj266r x11i5rnm xat24cr x1mh8g0r xexx8yu x1a8lsjc x1swvt13 x1pi30zi\">\n<div class=\"html-div xdj266r x11i5rnm xat24cr x1mh8g0r xexx8yu x4uap5 x18d9i69 xkhd6sd x1jx94hy x78zum5 x1q0g3np\">\n<div class=\"x78zum5 xdt5ytf xz62fqu x16ldp7u\">\n<div class=\"xu06os2 x1ok221b\">\n<div class=\"html-div xdj266r x11i5rnm xat24cr x1mh8g0r xexx8yu x4uap5 x18d9i69 xkhd6sd\" data-ad-rendering-role=\"profile_name\">\n<ul>\n<li class=\"html-h3 x11i5rnm xat24cr x1mh8g0r xexx8yu x4uap5 x18d9i69 xkhd6sd x1vvkbs x1heor9g x1qlqyl8 x1pd3egz x1a2a7pz x1gslohp x1yc453h\"><span class=\"x1lliihq x6ikm8r x10wlt62 x1n2onr6\"><span class=\"xt0psk2\"><a class=\"x1i10hfl xjbqb8w x1ejq31n xd10rxx x1sy0etr x17r0tee x972fbf xcfux6l x1qhh985 xm0m39n x9f619 x1ypdohk xt0psk2 xe8uvvx xdj266r x11i5rnm xat24cr x1mh8g0r xexx8yu x4uap5 x18d9i69 xkhd6sd x16tdsg8 x1hl2dhg xggy1nq x1a2a7pz xkrqix3 x1sur9pj xzsf02u x1s688f\" role=\"link\" href=\"https:\/\/www.facebook.com\/CienciaAsturias?__cft__[0]=AZVAMO2rdCyY9CA5EkzFFjy5zr__1H-pd89cKjxvjYm83MCZQzXJ8WqJPMyXFJr_5wgshcPTf5K7uOGpcEABkBVcvbZbFAXu7qKh7-xgPitGSG6bJy5dTIRVldbKfMAfMaHw2JmdtHbWHzA1dVtGlTSmLkCuYAt2vGC9kvENO3Mm7m49uGfd6fWdg_zbOTkokamzlX8YqLgFOm_xXdKSIGWMLhZLyuA6MdJ4-dI6PdEQhQ&amp;__tn__=-UC%2CP-y-R\"><strong class=\"html-strong xdj266r x11i5rnm xat24cr x1mh8g0r xexx8yu x4uap5 x18d9i69 xkhd6sd x1hl2dhg x16tdsg8 x1vvkbs x1s688f\"><span class=\"html-span xdj266r x11i5rnm xat24cr x1mh8g0r xexx8yu x4uap5 x18d9i69 xkhd6sd x1hl2dhg x16tdsg8 x1vvkbs\">Consejer\u00eda de Ciencia, Industria y Empleo<\/span><\/strong><\/a><\/span><\/span>\/ <a href=\"https:\/\/www.ficyt.es\/feriaciencia2025\/\"><strong>web<\/strong> <\/a>\/ \u00a0<a href=\"https:\/\/www.ficyt.es\/feriaciencia2025\/\">https:\/\/www.ficyt.es\/feriaciencia2025\/<\/a><\/li>\n<li class=\"html-h3 x11i5rnm xat24cr x1mh8g0r xexx8yu x4uap5 x18d9i69 xkhd6sd x1vvkbs x1heor9g x1qlqyl8 x1pd3egz x1a2a7pz x1gslohp x1yc453h\"><a href=\"https:\/\/www.ficyt.es\/feriaciencia2025\/\">https:\/\/www.ficyt.es\/feriaciencia2025\/<\/a>\u00a0\/ <a href=\"https:\/\/actualidad.asturias.es\/-\/m\u00e1s-de-500-investigadores-empresas-y-estudiantes-mostrar\u00e1n-sus-proyectos-en-la-feria-de-la-ciencia-y-la-innovaci\u00f3n-de-asturias?redirect=%2F\">Actualid\u00e1 Asturies<\/a> \/<\/li>\n<li class=\"html-h3 x11i5rnm xat24cr x1mh8g0r xexx8yu x4uap5 x18d9i69 xkhd6sd x1vvkbs x1heor9g x1qlqyl8 x1pd3egz x1a2a7pz x1gslohp x1yc453h\">Acuta la tarde del vienres 9 de mayu y av\u00e9rate a la Nave de Ca\u00f1ones de la F\u00e1brica d&#8217;Armes de La Vega.<\/li>\n<\/ul>\n<p style=\"text-align: center\">\n<!-- iframe plugin v.6.0 wordpress.org\/plugins\/iframe\/ -->\n<iframe loading=\"lazy\" src=\"https:\/\/www.facebook.com\/plugins\/post.php?href=https%3A%2F%2Fwww.facebook.com%2FCienciaAsturias%2Fposts%2Fpfbid0LpLXnsCweqFjzggZrebbkxZHvDkgxfgdggYgd2qagpW21yD2hDFDnKkS4ccxgDPMl&#038;show_text=false&#038;width=500\" width=\"500\" height=\"333\" style=\"border:none;overflow:hidden\" scrolling=\"no\" frameborder=\"0\" allowfullscreen=\"true\" allow=\"autoplay; clipboard-write; encrypted-media; picture-in-picture; web-share\" 0=\"\/iframe\" class=\"iframe-class\"><\/iframe>\n<\/p>\n<p><!--more--><\/p>\n<ul>\n<li class=\"html-h3 x11i5rnm xat24cr x1mh8g0r xexx8yu x4uap5 x18d9i69 xkhd6sd x1vvkbs x1heor9g x1qlqyl8 x1pd3egz x1a2a7pz x1gslohp x1yc453h\"><a class=\"x1i10hfl xjbqb8w x1ejq31n xd10rxx x1sy0etr x17r0tee x972fbf xcfux6l x1qhh985 xm0m39n x9f619 x1ypdohk xt0psk2 xe8uvvx xdj266r x11i5rnm xat24cr x1mh8g0r xexx8yu x4uap5 x18d9i69 xkhd6sd x16tdsg8 x1hl2dhg xggy1nq x1a2a7pz xkrqix3 x1sur9pj x1fey0fg x1s688f\" role=\"link\" href=\"https:\/\/www.facebook.com\/FICYT?__cft__[0]=AZVAMO2rdCyY9CA5EkzFFjy5zr__1H-pd89cKjxvjYm83MCZQzXJ8WqJPMyXFJr_5wgshcPTf5K7uOGpcEABkBVcvbZbFAXu7qKh7-xgPitGSG6bJy5dTIRVldbKfMAfMaHw2JmdtHbWHzA1dVtGlTSmLkCuYAt2vGC9kvENO3Mm7m49uGfd6fWdg_zbOTkokamzlX8YqLgFOm_xXdKSIGWMLhZLyuA6MdJ4-dI6PdEQhQ&amp;__tn__=-]K-y-R\"><span class=\"xt0psk2\"><span class=\"xjp7ctv\">FICYT<\/span><\/span><\/a> <span class=\"html-span xdj266r x11i5rnm xat24cr x1mh8g0r xexx8yu x4uap5 x18d9i69 xkhd6sd x1hl2dhg x16tdsg8 x1vvkbs\"><a class=\"x1i10hfl xjbqb8w x1ejq31n xd10rxx x1sy0etr x17r0tee x972fbf xcfux6l x1qhh985 xm0m39n x9f619 x1ypdohk xt0psk2 xe8uvvx xdj266r x11i5rnm xat24cr x1mh8g0r xexx8yu x4uap5 x18d9i69 xkhd6sd x16tdsg8 x1hl2dhg xggy1nq x1a2a7pz xkrqix3 x1sur9pj x1fey0fg x1s688f\" role=\"link\" href=\"https:\/\/www.facebook.com\/ceeiasturias?__cft__[0]=AZVAMO2rdCyY9CA5EkzFFjy5zr__1H-pd89cKjxvjYm83MCZQzXJ8WqJPMyXFJr_5wgshcPTf5K7uOGpcEABkBVcvbZbFAXu7qKh7-xgPitGSG6bJy5dTIRVldbKfMAfMaHw2JmdtHbWHzA1dVtGlTSmLkCuYAt2vGC9kvENO3Mm7m49uGfd6fWdg_zbOTkokamzlX8YqLgFOm_xXdKSIGWMLhZLyuA6MdJ4-dI6PdEQhQ&amp;__tn__=-]K-y-R\"><span class=\"xt0psk2\"><span class=\"xjp7ctv\">Centro Europeo de Empresas e Innovaci\u00f3n del Principado de Asturias (CEEI)<\/span><\/span><\/a><\/span> <span class=\"html-span xdj266r x11i5rnm xat24cr x1mh8g0r xexx8yu x4uap5 x18d9i69 xkhd6sd x1hl2dhg x16tdsg8 x1vvkbs\"><a class=\"x1i10hfl xjbqb8w x1ejq31n xd10rxx x1sy0etr x17r0tee x972fbf xcfux6l x1qhh985 xm0m39n x9f619 x1ypdohk xt0psk2 xe8uvvx xdj266r x11i5rnm xat24cr x1mh8g0r xexx8yu x4uap5 x18d9i69 xkhd6sd x16tdsg8 x1hl2dhg xggy1nq x1a2a7pz xkrqix3 x1sur9pj x1fey0fg x1s688f\" role=\"link\" href=\"https:\/\/www.facebook.com\/valnalon?__cft__[0]=AZVAMO2rdCyY9CA5EkzFFjy5zr__1H-pd89cKjxvjYm83MCZQzXJ8WqJPMyXFJr_5wgshcPTf5K7uOGpcEABkBVcvbZbFAXu7qKh7-xgPitGSG6bJy5dTIRVldbKfMAfMaHw2JmdtHbWHzA1dVtGlTSmLkCuYAt2vGC9kvENO3Mm7m49uGfd6fWdg_zbOTkokamzlX8YqLgFOm_xXdKSIGWMLhZLyuA6MdJ4-dI6PdEQhQ&amp;__tn__=-]K-y-R\"><span class=\"xt0psk2\"><span class=\"xjp7ctv\">Valnal\u00f3n<\/span><\/span><\/a><\/span><\/li>\n<\/ul>\n<\/div>\n<\/div>\n<\/div>\n<\/div>\n<\/div>\n<ul>\n<li><a class=\"x1i10hfl xjbqb8w x1ejq31n xd10rxx x1sy0etr x17r0tee x972fbf xcfux6l x1qhh985 xm0m39n x9f619 x1ypdohk xt0psk2 xe8uvvx xdj266r x11i5rnm xat24cr x1mh8g0r xexx8yu x4uap5 x18d9i69 xkhd6sd x16tdsg8 x1hl2dhg xggy1nq x1a2a7pz xkrqix3 x1sur9pj x1fey0fg x1s688f\" role=\"link\" href=\"https:\/\/www.facebook.com\/hashtag\/feriacienciaasturias2025?__eep__=6&amp;__cft__[0]=AZVAMO2rdCyY9CA5EkzFFjy5zr__1H-pd89cKjxvjYm83MCZQzXJ8WqJPMyXFJr_5wgshcPTf5K7uOGpcEABkBVcvbZbFAXu7qKh7-xgPitGSG6bJy5dTIRVldbKfMAfMaHw2JmdtHbWHzA1dVtGlTSmLkCuYAt2vGC9kvENO3Mm7m49uGfd6fWdg_zbOTkokamzlX8YqLgFOm_xXdKSIGWMLhZLyuA6MdJ4-dI6PdEQhQ&amp;__tn__=*NK-y-R\">#FeriaCienciaAsturias2025<\/a><\/li>\n<\/ul>\n<div class=\"html-div xdj266r x11i5rnm xat24cr x1mh8g0r xexx8yu x4uap5 x18d9i69 xkhd6sd\" dir=\"auto\">\n<div class=\"html-div xdj266r x11i5rnm xat24cr x1mh8g0r xexx8yu x4uap5 x18d9i69 xkhd6sd\" dir=\"auto\">\n<div class=\"html-div xdj266r x11i5rnm xat24cr x1mh8g0r xexx8yu x4uap5 x18d9i69 xkhd6sd\" data-ad-rendering-role=\"story_message\">\n<div class=\"x1l90r2v x1iorvi4 x1ye3gou xn6708d\" data-ad-comet-preview=\"message\" data-ad-preview=\"message\">\n<div class=\"x78zum5 xdt5ytf xz62fqu x16ldp7u\">\n<div class=\"xu06os2 x1ok221b\">\n<div class=\"xdj266r x11i5rnm xat24cr x1mh8g0r x1vvkbs x126k92a\">\n<div dir=\"auto\" style=\"text-align: center\"><a href=\"https:\/\/actualidad.asturias.es\/documents\/537115\/2544446\/feria+ciencia+1.jpeg\/2ec23fc0-553e-02bf-789d-a019ceb23e55?t=1746338786545\"><img loading=\"lazy\" decoding=\"async\" class=\"aligncenter size-large\" src=\"https:\/\/actualidad.asturias.es\/documents\/537115\/2544446\/feria+ciencia+1.jpeg\/2ec23fc0-553e-02bf-789d-a019ceb23e55?t=1746338786545\" width=\"1600\" height=\"1066\" \/><\/a><\/div>\n<div dir=\"auto\">\n<p>En total, va haber 69 espositores (dos d&#8217;ellos dobles) y numberoses actividaes complementaries, ente otres, xuna exhibici\u00f3n d&#8217;arte urbano, cola creaci\u00f3n d&#8217;un grafiti cient\u00edficu en directu a cargu del artista<strong> C\u00e9sar Frey, denomin\u00e1u El S\u00e9ptimu Guah.e<\/strong>; una esposici\u00f3n de mu\u00f1eques y mo\u00f1ecos de personaxes cient\u00edficos, un veh\u00edculu aut\u00f3nomu, un simulador d&#8217;UVI m\u00f3vil, talleres, escape rooms y charres.<\/p>\n<p style=\"text-align: center\"><a href=\"https:\/\/www.ficyt.es\/feriaciencia2025\/assets\/img\/venue-gallery\/plano.png\"><img loading=\"lazy\" decoding=\"async\" class=\"aligncenter size-large\" src=\"https:\/\/www.ficyt.es\/feriaciencia2025\/assets\/img\/venue-gallery\/plano.png\" width=\"9670\" height=\"3138\" \/><\/a><\/p>\n<p><strong>Apertura al p\u00fablicu xeneral mientres la tarde<\/strong><\/p>\n<p>Mientres la tarde, la feria va tar abierta al p\u00fablicu con accesu llibre. Am\u00e1s de los estands, el p\u00fablicu familiar va poder participar, previa inscripci\u00f3n, en talleres sobre t\u00e9cniques d&#8217;arte urbano, al cargu de C\u00e9sar Frey; rob\u00f3tica, esploraci\u00f3n del espaciu o xuna escape room sobre desaf\u00edos cient\u00edficos venceyaos a la llucha contra&#8217;l c\u00e1ncer.<\/p>\n<p>Nel escenariu central, van asocedese xuna charra sobre&#8217;l <strong>papel de la polic\u00eda cient\u00edfica na llucha contra&#8217;l crim<\/strong>e, al cargu de la inspectora xefe C\u00e1ndida Vicente Templ\u00e1u, y xuna mesa redonda sobre la esploraci\u00f3n llunar y marciano, na que van intervenir los\u00a0 investigadores Noem\u00ed Pinilla y Javier del Cos (Ictea); Amador Men\u00e9ndez (Idonial) y Rafael Harillo G\u00f3mez-Pastrana (abog\u00e1u y consultor en materia aeroespacial).<\/p>\n<p>Am\u00e1s de les entidaes organizadores y participantes,<strong> la feria cunta cola collaboraci\u00f3n especial<\/strong> de la Delegaci\u00f3n de Defensa del Princip\u00e1u d&#8217;Asturies, Cogersa y la Fundaci\u00f3n Caxa Rural d&#8217;Asturies; el patrociniu de la Fundaci\u00f3n del Tresporte Sanitariu d&#8217;Asturies, la Federaci\u00f3n Asturiana de Conceyos (FACC), al travi\u00e9s de la Rede de Conceyos con Ciencia, y el Conceyu d&#8217;Uvi\u00e9u.<\/p>\n<\/div>\n<\/div>\n<\/div>\n<\/div>\n<\/div>\n<\/div>\n<\/div>\n<\/div>\n","protected":false},"excerpt":{"rendered":"<p>Consejer\u00eda de Ciencia, Industria y Empleo\/ web \/ \u00a0https:\/\/www.ficyt.es\/feriaciencia2025\/ https:\/\/www.ficyt.es\/feriaciencia2025\/\u00a0\/ Actualid\u00e1 Asturies \/ Acuta la tarde del vienres 9 de mayu y av\u00e9rate a la Nave de Ca\u00f1ones de la F\u00e1brica d&#8217;Armes de La Vega.<\/p>\n","protected":false},"author":117,"featured_media":0,"comment_status":"open","ping_status":"open","sticky":false,"template":"","format":"standard","meta":{"footnotes":""},"categories":[45,167],"tags":[],"class_list":["post-47466","post","type-post","status-publish","format-standard","hentry","category-ciencia","category-feries"],"_links":{"self":[{"href":"https:\/\/edublog.educastur.es\/ixuxu\/wp-json\/wp\/v2\/posts\/47466","targetHints":{"allow":["GET"]}}],"collection":[{"href":"https:\/\/edublog.educastur.es\/ixuxu\/wp-json\/wp\/v2\/posts"}],"about":[{"href":"https:\/\/edublog.educastur.es\/ixuxu\/wp-json\/wp\/v2\/types\/post"}],"author":[{"embeddable":true,"href":"https:\/\/edublog.educastur.es\/ixuxu\/wp-json\/wp\/v2\/users\/117"}],"replies":[{"embeddable":true,"href":"https:\/\/edublog.educastur.es\/ixuxu\/wp-json\/wp\/v2\/comments?post=47466"}],"version-history":[{"count":6,"href":"https:\/\/edublog.educastur.es\/ixuxu\/wp-json\/wp\/v2\/posts\/47466\/revisions"}],"predecessor-version":[{"id":47711,"href":"https:\/\/edublog.educastur.es\/ixuxu\/wp-json\/wp\/v2\/posts\/47466\/revisions\/47711"}],"wp:attachment":[{"href":"https:\/\/edublog.educastur.es\/ixuxu\/wp-json\/wp\/v2\/media?parent=47466"}],"wp:term":[{"taxonomy":"category","embeddable":true,"href":"https:\/\/edublog.educastur.es\/ixuxu\/wp-json\/wp\/v2\/categories?post=47466"},{"taxonomy":"post_tag","embeddable":true,"href":"https:\/\/edublog.educastur.es\/ixuxu\/wp-json\/wp\/v2\/tags?post=47466"}],"curies":[{"name":"wp","href":"https:\/\/api.w.org\/{rel}","templated":true}]}}