{"id":47502,"date":"2025-05-04T08:25:51","date_gmt":"2025-05-04T06:25:51","guid":{"rendered":"https:\/\/edublog.educastur.es\/ixuxu\/?p=47502"},"modified":"2025-05-04T12:34:10","modified_gmt":"2025-05-04T10:34:10","slug":"tiempu-nasturies-el-comercio-6","status":"publish","type":"post","link":"https:\/\/edublog.educastur.es\/ixuxu\/2025\/05\/tiempu-nasturies-el-comercio-6\/","title":{"rendered":"Tiempu n&#8217;Asturies (El Comercio)"},"content":{"rendered":"<p style=\"text-align: center\"><a href=\"https:\/\/s3.ppllstatics.com\/elcomercio\/www\/multimedia\/2025\/05\/03\/prevision-tiempo-asturias-kmkE-U2301404163085IHH-1800x840@El%20Comercio.jpg\"><img loading=\"lazy\" decoding=\"async\" class=\"aligncenter size-large\" src=\"https:\/\/s3.ppllstatics.com\/elcomercio\/www\/multimedia\/2025\/05\/03\/prevision-tiempo-asturias-kmkE-U2301404163085IHH-1800x840@El%20Comercio.jpg\" width=\"1800\" height=\"837\" \/><\/a><\/p>\n<ul>\n<li><strong>Vamos concluyir la selmana<\/strong> con una xornada marcada tantu pola posibilid\u00e1 de bastios como pol descensu de les temperatures m\u00e1ximes. Con \u00e9ses <strong>prevense cielos nublos<\/strong> con bastios que, anque van afectar especialmente a la met\u00e1 sur asturiana, nun se refuga que s&#8217;estiendan a otres zones de forma puntual. Estos bastios van poder venir acompa\u00f1aos de nube y, inclusive, nun se refuga la posibilid\u00e1 de xarazo. <strong>Los vientos van<\/strong> afitase de norte. <strong>Les temperatures<\/strong> van baxar nel casu de les m\u00e1ximes ente 2 y 3 \u00baC na mayor\u00eda de poblaciones asturianes. <strong>Les m\u00ednimes<\/strong> nun van esperimentar cambeos al respective de les anotaes el s\u00e1badu.<\/li>\n<\/ul>\n<p><!--more--><\/p>\n<ul>\n<li><strong>El llunes<\/strong> vamos tener un d\u00eda fr\u00edu con cielos bien nublos o cubiertos que van dexar precipitaciones d\u00e9biles pero continues que, a priori, van ser muncho m\u00e1s frecuentes escontra l&#8217;oriente. Ello ye que el sector suroccidental va ser el menos afect\u00e1u por estes ag\u00fces.<\/li>\n<li><strong>Les temperatures<\/strong> van baxar tanto les m\u00e1ximes como les m\u00ednimes.<\/li>\n<li><strong>La cota de nieve<\/strong> va empezar sobro los 1700 o 1800 metros d&#8217;altor, pero va dir baxando hasta asitiase sobro los 1200 metros a la fin del d\u00eda.<\/li>\n<li><strong>Los vientos<\/strong> van predominar de componente norte, sobremanera a partir del mediud\u00eda.<\/li>\n<\/ul>\n","protected":false},"excerpt":{"rendered":"<p>Vamos concluyir la selmana con una xornada marcada tantu pola posibilid\u00e1 de bastios como pol descensu de les temperatures m\u00e1ximes. Con \u00e9ses prevense cielos nublos con bastios que, anque van afectar especialmente a la met\u00e1 sur asturiana, nun se refuga que s&#8217;estiendan a otres zones de forma puntual. Estos bastios van poder venir acompa\u00f1aos de [&hellip;]<\/p>\n","protected":false},"author":117,"featured_media":0,"comment_status":"open","ping_status":"open","sticky":false,"template":"","format":"standard","meta":{"footnotes":""},"categories":[5],"tags":[],"class_list":["post-47502","post","type-post","status-publish","format-standard","hentry","category-tiempu"],"_links":{"self":[{"href":"https:\/\/edublog.educastur.es\/ixuxu\/wp-json\/wp\/v2\/posts\/47502","targetHints":{"allow":["GET"]}}],"collection":[{"href":"https:\/\/edublog.educastur.es\/ixuxu\/wp-json\/wp\/v2\/posts"}],"about":[{"href":"https:\/\/edublog.educastur.es\/ixuxu\/wp-json\/wp\/v2\/types\/post"}],"author":[{"embeddable":true,"href":"https:\/\/edublog.educastur.es\/ixuxu\/wp-json\/wp\/v2\/users\/117"}],"replies":[{"embeddable":true,"href":"https:\/\/edublog.educastur.es\/ixuxu\/wp-json\/wp\/v2\/comments?post=47502"}],"version-history":[{"count":1,"href":"https:\/\/edublog.educastur.es\/ixuxu\/wp-json\/wp\/v2\/posts\/47502\/revisions"}],"predecessor-version":[{"id":47503,"href":"https:\/\/edublog.educastur.es\/ixuxu\/wp-json\/wp\/v2\/posts\/47502\/revisions\/47503"}],"wp:attachment":[{"href":"https:\/\/edublog.educastur.es\/ixuxu\/wp-json\/wp\/v2\/media?parent=47502"}],"wp:term":[{"taxonomy":"category","embeddable":true,"href":"https:\/\/edublog.educastur.es\/ixuxu\/wp-json\/wp\/v2\/categories?post=47502"},{"taxonomy":"post_tag","embeddable":true,"href":"https:\/\/edublog.educastur.es\/ixuxu\/wp-json\/wp\/v2\/tags?post=47502"}],"curies":[{"name":"wp","href":"https:\/\/api.w.org\/{rel}","templated":true}]}}