{"id":47507,"date":"2025-05-04T12:41:37","date_gmt":"2025-05-04T10:41:37","guid":{"rendered":"https:\/\/edublog.educastur.es\/ixuxu\/?p=47507"},"modified":"2025-05-04T12:44:42","modified_gmt":"2025-05-04T10:44:42","slug":"angel-fernandez-artime-cardenal-asturiau-papable","status":"publish","type":"post","link":"https:\/\/edublog.educastur.es\/ixuxu\/2025\/05\/angel-fernandez-artime-cardenal-asturiau-papable\/","title":{"rendered":"\u00c1ngel Fern\u00e1ndez Artime, cardenal asturiau \u00abpapable\u00bb"},"content":{"rendered":"<p>El cardenal de les centineles: el \u00abpapable\u00bb asturianu, \u00fanicu espa\u00f1ol n&#8217;oficiar una misa nel Vaticanu por Francisco. Na ll\u00ednea de Francisco y de Benedicto XVI, la homil\u00eda d&#8217;<strong>\u00c1ngel Fern\u00e1ndez Artime<\/strong> homenax\u00f3 a relixoses y relixosos, de que la so supervisi\u00f3n enc\u00e1rgase nel Vaticanu. Fonte: <a href=\"https:\/\/www.lne.es\/asturias\/2025\/05\/04\/cardenal-centinelas-papable-asturiano-unico-117004886.html\">LNE<\/a> \/<\/p>\n<p style=\"text-align: center\"><a href=\"https:\/\/estaticos-cdn.prensaiberica.es\/clip\/06cd1611-15c7-4f11-93b1-5fc023cffc4d_16-9-discover-aspect-ratio_default_0.webp\"><img loading=\"lazy\" decoding=\"async\" class=\"aligncenter size-large\" src=\"https:\/\/estaticos-cdn.prensaiberica.es\/clip\/06cd1611-15c7-4f11-93b1-5fc023cffc4d_16-9-discover-aspect-ratio_default_0.webp\" width=\"1200\" height=\"675\" \/><\/a><\/p>\n<p><!--more--><\/p>\n<p><strong>\u00c1ngel Fern\u00e1ndez Artime foi l&#8217;\u00fanicu cardenal espa\u00f1ol que presidi\u00f3 una misa<\/strong>, la octava, de les llamaes Novendiales, o novenario, dedicaes a la memora del Papa Francisco, de quien foi estrechu collaborador dende anta\u00f1o, cuando l&#8217;asturianu (Lluanco, Asturies, 1960), foi cimeru de los Salesianos n&#8217;Arxentina nos a\u00f1os en que Bergoglio yera arzobispu de Bonos Aires.<\/p>\n<p>En 2023 Francisco f\u00edzolu cardenal y nom\u00f3-y n\u00famberu dos\u00bb del dicasterio para los Institutos de Vida Consagrada y Sociedaes de Vida Apost\u00f3lica, el ministeriu\u00bb de la Santa See encarg\u00e1u de les relixoses y relixosos de too el mundu cat\u00f3licu.<\/p>\n<p>Dende los monesterios de vida de clausura, hasta les congregaciones y asociaciones de vida pastoral (para la educaci\u00f3n, la sal\u00fa, los inmigrantes, los escluy\u00edos\u2026 y, poques gracies, les misiones).<\/p>\n<p style=\"text-align: center\"><a href=\"https:\/\/s2.ppllstatics.com\/eldiariomontanes\/www\/multimedia\/2025\/05\/02\/osoro-kTjE-U2301643692000lNF-1200x840@Diario%20Montanes.jpg\"><img loading=\"lazy\" decoding=\"async\" class=\"aligncenter size-large\" src=\"https:\/\/s2.ppllstatics.com\/eldiariomontanes\/www\/multimedia\/2025\/05\/02\/osoro-kTjE-U2301643692000lNF-1200x840@Diario%20Montanes.jpg\" width=\"1200\" height=\"840\" \/><\/a><\/p>\n<p>Un total de 133 cardenales van entrar al C\u00f3nclave que va empezar el pr\u00f3ximu 7 de mayu para escoyer al nuevu Papa, al sucesor de Francisco. El m\u00e1s mayor de toos ellos ye&#8217;l cardenal arzobispu em\u00e9ritu de Madrid, el c\u00e1ntabru<strong> Carlos Osoro, de 79 a\u00f1os<\/strong>, y el m\u00e1s nuevu, l&#8217;australianu <strong>Mikola Bychok, de 45 a\u00f1os.<\/strong><\/p>\n<p style=\"text-align: center\"><a href=\"https:\/\/s2.ppllstatics.com\/rc\/www\/multimedia\/2025\/04\/28\/conclave-k2OH-U2301594065753oAC-1200x840@RC.JPG\"><img loading=\"lazy\" decoding=\"async\" class=\"aligncenter size-large\" src=\"https:\/\/s2.ppllstatics.com\/rc\/www\/multimedia\/2025\/04\/28\/conclave-k2OH-U2301594065753oAC-1200x840@RC.JPG\" width=\"1197\" height=\"835\" \/><\/a><\/p>\n","protected":false},"excerpt":{"rendered":"<p>El cardenal de les centineles: el \u00abpapable\u00bb asturianu, \u00fanicu espa\u00f1ol n&#8217;oficiar una misa nel Vaticanu por Francisco. Na ll\u00ednea de Francisco y de Benedicto XVI, la homil\u00eda d&#8217;\u00c1ngel Fern\u00e1ndez Artime homenax\u00f3 a relixoses y relixosos, de que la so supervisi\u00f3n enc\u00e1rgase nel Vaticanu. Fonte: LNE \/<\/p>\n","protected":false},"author":117,"featured_media":0,"comment_status":"open","ping_status":"open","sticky":false,"template":"","format":"standard","meta":{"footnotes":""},"categories":[441],"tags":[],"class_list":["post-47507","post","type-post","status-publish","format-standard","hentry","category-ilesia"],"_links":{"self":[{"href":"https:\/\/edublog.educastur.es\/ixuxu\/wp-json\/wp\/v2\/posts\/47507","targetHints":{"allow":["GET"]}}],"collection":[{"href":"https:\/\/edublog.educastur.es\/ixuxu\/wp-json\/wp\/v2\/posts"}],"about":[{"href":"https:\/\/edublog.educastur.es\/ixuxu\/wp-json\/wp\/v2\/types\/post"}],"author":[{"embeddable":true,"href":"https:\/\/edublog.educastur.es\/ixuxu\/wp-json\/wp\/v2\/users\/117"}],"replies":[{"embeddable":true,"href":"https:\/\/edublog.educastur.es\/ixuxu\/wp-json\/wp\/v2\/comments?post=47507"}],"version-history":[{"count":4,"href":"https:\/\/edublog.educastur.es\/ixuxu\/wp-json\/wp\/v2\/posts\/47507\/revisions"}],"predecessor-version":[{"id":47511,"href":"https:\/\/edublog.educastur.es\/ixuxu\/wp-json\/wp\/v2\/posts\/47507\/revisions\/47511"}],"wp:attachment":[{"href":"https:\/\/edublog.educastur.es\/ixuxu\/wp-json\/wp\/v2\/media?parent=47507"}],"wp:term":[{"taxonomy":"category","embeddable":true,"href":"https:\/\/edublog.educastur.es\/ixuxu\/wp-json\/wp\/v2\/categories?post=47507"},{"taxonomy":"post_tag","embeddable":true,"href":"https:\/\/edublog.educastur.es\/ixuxu\/wp-json\/wp\/v2\/tags?post=47507"}],"curies":[{"name":"wp","href":"https:\/\/api.w.org\/{rel}","templated":true}]}}