{"id":47519,"date":"2025-05-05T09:02:06","date_gmt":"2025-05-05T07:02:06","guid":{"rendered":"https:\/\/edublog.educastur.es\/ixuxu\/?p=47519"},"modified":"2025-05-05T09:49:13","modified_gmt":"2025-05-05T07:49:13","slug":"dia-mundial-de-la-higiene-de-manos-salu-recuerda-la-importancia-de-la-llavadura-de-manos","status":"publish","type":"post","link":"https:\/\/edublog.educastur.es\/ixuxu\/2025\/05\/dia-mundial-de-la-higiene-de-manos-salu-recuerda-la-importancia-de-la-llavadura-de-manos\/","title":{"rendered":"Sal\u00fa recuerda la importancia de la llavadura de manos (D\u00eda Mundial Hixene Manos)"},"content":{"rendered":"<p style=\"text-align: center\"><em><span style=\"color: #008080;font-size: 24px\"><strong>Guantes cuando tea indic\u00e1u,<br \/>\nhixene de manos siempres.<\/strong><\/span><\/em><\/p>\n<p style=\"text-align: center\"><a href=\"https:\/\/actualidad.asturias.es\/documents\/537115\/2542441\/Higiene+de+manos+2025.png\/f6352ac1-6031-e789-e158-72afe9798a92?t=1746198740519\"><img loading=\"lazy\" decoding=\"async\" class=\"aligncenter \" src=\"https:\/\/actualidad.asturias.es\/documents\/537115\/2542441\/Higiene+de+manos+2025.png\/f6352ac1-6031-e789-e158-72afe9798a92?t=1746198740519\" width=\"558\" height=\"743\" \/><\/a><\/p>\n<p>Sal\u00fa recuerda la importancia de la llavadura de manos, la midida m\u00e1s eficaz para prevenir infecciones. L&#8217;HUCA va axuntase a profesionales y estudiantes para compartir les bones pr\u00e1ctiques que se desenvuelven nes \u00e1rees sanitaries. El Princip\u00e1u programa actividaes y talleres para concenciar, con motivu del d\u00eda mundial sobro esta pr\u00e1ctica d&#8217;hixene.<\/p>\n<ul>\n<li>Fonte: <a href=\"https:\/\/actualidad.asturias.es\/-\/salud-recuerda-la-importancia-del-lavado-de-manos-la-medida-m\u00e1s-eficaz-para-prevenir-infecciones?redirect=%2Fnoticias\">Actualid\u00e1 Asturies<\/a> \/ <a href=\"https:\/\/actualidad.asturias.es\/documents\/537115\/2542441\/Higiene+de+manos+2025.png\/f6352ac1-6031-e789-e158-72afe9798a92?t=1746198740519\"><strong>cartelu<\/strong> <\/a>\/ Info: <a href=\"https:\/\/acortar.link\/D5HMPf\">https:\/\/acortar.link\/D5HMPf<\/a><\/li>\n<\/ul>\n<p><!--more--><\/p>\n<div class=\"description\"><\/div>\n<div class=\"contenido-article documentacion\">\n<p>La Conseyer\u00eda de Sal\u00fa recuerda que <span style=\"color: #008080\"><strong>llavase bien les manos con agua y xab\u00f3n o con una soluci\u00f3n hidroalcoh\u00f3lica ye la pr\u00e1ctica m\u00e1s eficaz y barata para prevenir la tresmisi\u00f3n de microorganismos, dalgunos d&#8217;ellos multirresistentes, y evitar infecciones.<\/strong><\/span><\/p>\n<p>Para sorrayar la importancia d&#8217;esta pr\u00e1ctica, que salva vides, les conseyeres de Sal\u00fa, Concepci\u00f3n Saavedra, y d&#8217;Educaci\u00f3n, Lydia Espina, van participar nun taller con escolares del Colexu P\u00fablicu de Ventanielles coincidiendo col <strong>D\u00eda Mundial de la Hixene de Manos<\/strong>, que se conmemora ma\u00f1ana.<\/p>\n<p>Am\u00e1s, l&#8217;<strong>Hospital Universitariu Central d&#8217;Asturies (HUCA)<\/strong> va acoyer el pr\u00f3ximu mi\u00e9rcoles, 7 de mayu, una xornada na que van participar profesionales de diversos \u00e1mbitos y alumn\u00e1u, y que va tar abierta al p\u00fablicu polo xeneral. Nel actu compartir\u00e1n les bones pr\u00e1ctiques que se t\u00e1n desenvolviendo nes ocho \u00e1rees sanitaries para promover la hixene de manos. Como parte de la xornada, va celebrase escape room tem\u00e1ticu para siguir fomentando la participaci\u00f3n y l&#8217;aprendizaxe.<\/p>\n<p>Les \u00e1rees sanitaries tami\u00e9n van acoyer diverses actividaes para conmemorar una xornada para la que la Organizaci\u00f3n Mundial de la Sal\u00fa (OMS) escoy\u00f3&#8217;l lema <span style=\"color: #008080\"><strong>Guantes cuando tea indic\u00e1u, hixene de manos siempres.<\/strong><\/span><\/p>\n<p><strong>\u00c1rea sanitaria IV-Uvi\u00e9u<\/strong><\/p>\n<p>Mientres la selmana van esponese nel atriu del Hospital Universitariu Central d&#8217;Asturies (HUCA) los trabayos presentaos al concursu de dibuxu <strong>Manes a la obra<\/strong>, dirix\u00edu a poblaci\u00f3n infantil de la \u00e1rea y menores familiares de trabayadores.<\/p>\n<p>El martes, l&#8217;alumn\u00e1u de les aules de Pediatr\u00eda va poder participar nel xuegu de la ruleta de la conocencia, con entrugues sobro la hixene de manos.<\/p>\n<ul>\n<li><a class=\"pdf\" title=\"NP D\u00eda Mundial Higiene de Manos. Abre una nueva ventana\" href=\"https:\/\/actualidad.asturias.es\/documents\/533407\/0\/2025_05_04+NP+dia+mundial+higiene+de+manos.pdf\/17c2040d-0204-fe04-f6ef-ccd3b0e2b4ab?t=1746198698584\" target=\"_blank\" rel=\"noopener\">\u00a0NP D\u00eda Mundial Higiene de Manos<\/a><\/li>\n<\/ul>\n<\/div>\n","protected":false},"excerpt":{"rendered":"<p>Guantes cuando tea indic\u00e1u, hixene de manos siempres. Sal\u00fa recuerda la importancia de la llavadura de manos, la midida m\u00e1s eficaz para prevenir infecciones. L&#8217;HUCA va axuntase a profesionales y estudiantes para compartir les bones pr\u00e1ctiques que se desenvuelven nes \u00e1rees sanitaries. El Princip\u00e1u programa actividaes y talleres para concenciar, con motivu del d\u00eda mundial [&hellip;]<\/p>\n","protected":false},"author":117,"featured_media":0,"comment_status":"open","ping_status":"open","sticky":false,"template":"","format":"standard","meta":{"footnotes":""},"categories":[6,48],"tags":[],"class_list":["post-47519","post","type-post","status-publish","format-standard","hentry","category-dia-de","category-salu"],"_links":{"self":[{"href":"https:\/\/edublog.educastur.es\/ixuxu\/wp-json\/wp\/v2\/posts\/47519","targetHints":{"allow":["GET"]}}],"collection":[{"href":"https:\/\/edublog.educastur.es\/ixuxu\/wp-json\/wp\/v2\/posts"}],"about":[{"href":"https:\/\/edublog.educastur.es\/ixuxu\/wp-json\/wp\/v2\/types\/post"}],"author":[{"embeddable":true,"href":"https:\/\/edublog.educastur.es\/ixuxu\/wp-json\/wp\/v2\/users\/117"}],"replies":[{"embeddable":true,"href":"https:\/\/edublog.educastur.es\/ixuxu\/wp-json\/wp\/v2\/comments?post=47519"}],"version-history":[{"count":2,"href":"https:\/\/edublog.educastur.es\/ixuxu\/wp-json\/wp\/v2\/posts\/47519\/revisions"}],"predecessor-version":[{"id":47559,"href":"https:\/\/edublog.educastur.es\/ixuxu\/wp-json\/wp\/v2\/posts\/47519\/revisions\/47559"}],"wp:attachment":[{"href":"https:\/\/edublog.educastur.es\/ixuxu\/wp-json\/wp\/v2\/media?parent=47519"}],"wp:term":[{"taxonomy":"category","embeddable":true,"href":"https:\/\/edublog.educastur.es\/ixuxu\/wp-json\/wp\/v2\/categories?post=47519"},{"taxonomy":"post_tag","embeddable":true,"href":"https:\/\/edublog.educastur.es\/ixuxu\/wp-json\/wp\/v2\/tags?post=47519"}],"curies":[{"name":"wp","href":"https:\/\/api.w.org\/{rel}","templated":true}]}}