{"id":47589,"date":"2025-05-04T19:16:15","date_gmt":"2025-05-04T17:16:15","guid":{"rendered":"https:\/\/edublog.educastur.es\/ixuxu\/?p=47589"},"modified":"2025-05-05T09:44:40","modified_gmt":"2025-05-05T07:44:40","slug":"47589","status":"publish","type":"post","link":"https:\/\/edublog.educastur.es\/ixuxu\/2025\/05\/47589\/","title":{"rendered":"La sidra Val de Boides, del Llagar Casta\u00f1\u00f3n de Quintueles, medaya d&#8217;Oru en Frankfurt (Alema\u00f1a)"},"content":{"rendered":"<p style=\"text-align: center\"><a href=\"https:\/\/estaticos-cdn.prensaiberica.es\/clip\/1c40bde2-bf20-470f-a7dc-8db9c032f962_16-9-discover-aspect-ratio_default_0.webp\"><img loading=\"lazy\" decoding=\"async\" class=\"aligncenter size-large\" src=\"https:\/\/estaticos-cdn.prensaiberica.es\/clip\/1c40bde2-bf20-470f-a7dc-8db9c032f962_16-9-discover-aspect-ratio_default_0.webp\" width=\"1200\" height=\"675\" \/><\/a><\/p>\n<p><strong>Val de Boides<\/strong> conquista Frankfurt con una nueva <strong>Medaya d&#8217;Oru<\/strong>: <em>\u201cN\u00f3tase que la xente valora m\u00e1s la sidra agora\u00bb. <\/em><em>\u201cTamos bien contentos, ye unu prestu enorme qu&#8217;una sidra asturiano s\u00eda reconocida fora de les nueses fronteres\u00bb<\/em>, destaquen nel <strong>El Llagar Casta\u00f1\u00f3n de Quintueles: <a href=\"https:\/\/sidracastanon.com\/\">web<\/a> \/\u00a0 <a href=\"https:\/\/sidracastanon.com\/nuestra-sidra\/\">sidres<\/a> \/<\/strong><\/p>\n<p>Fonte: <a href=\"https:\/\/www.lne.es\/villaviciosa\/2025\/05\/04\/val-boides-conquista-frankfurt-nueva-116873431.html?utm_medium=Social&amp;utm_campaign=Echobox&amp;utm_source=Facebook&amp;fbclid=IwY2xjawKEqkRleHRuA2FlbQIxMABicmlkETFnNVBPODFCeUhIbUJNRmRXAR7K3UWUWXOckyagzpd65htyYplwE4kwK6ms7UvcE8Z8zdD44yh1DQnLVYls0A_aem_O-pK_Qp9X0aFPAASulicVA#Echobox=1746362269\">LNE<\/a> \/<\/p>\n<p><!--more--><\/p>\n<p style=\"text-align: center\"><a href=\"https:\/\/sidracastanon.com\/wp-content\/uploads\/2022\/03\/logo-castanon.png\"><img loading=\"lazy\" decoding=\"async\" class=\"aligncenter size-large\" src=\"https:\/\/sidracastanon.com\/wp-content\/uploads\/2022\/03\/logo-castanon.png\" width=\"1000\" height=\"180\" \/><\/a><\/p>\n<p><strong>La sidra Val de Boides, del Llagar Casta\u00f1\u00f3n de Quintueles<\/strong>, sigui engrandando la so lleenda: foi estremada con dos Medayes d&#8217;Oru nel <span style=\"color: #008080\"><strong>Cider World de Frankfurt<\/strong><\/span>, unu de los certames internacionales m\u00e1s prestixosos del sector.<\/p>\n<p>Per un sitiu, galardon\u00f3se a la<strong> sidra de xelu La Bonagua<\/strong>, y por otru a la so <strong>sidra Denominaci\u00f3n d&#8217;Orixe Protexida (DOP) , Val de Boides.<\/strong><\/p>\n<p><a href=\"https:\/\/sidracastanon.com\/wp-content\/uploads\/2024\/07\/la-bonagua.png\"><img loading=\"lazy\" decoding=\"async\" class=\"alignnone \" src=\"https:\/\/sidracastanon.com\/wp-content\/uploads\/2024\/07\/la-bonagua.png\" width=\"159\" height=\"801\" \/><\/a>\u00a0 \u00a0\/ <a href=\"https:\/\/sidracastanon.com\/wp-content\/uploads\/2023\/05\/botella-sidra-val-de-boides-406x1536.png\"><img loading=\"lazy\" decoding=\"async\" class=\"alignnone \" src=\"https:\/\/sidracastanon.com\/wp-content\/uploads\/2023\/05\/botella-sidra-val-de-boides-406x1536.png\" width=\"210\" height=\"795\" \/><\/a><\/p>\n<p>Nel \u00faltimu casu, esti galard\u00f3n s\u00famase a un palmar\u00e9s que y\u00e1 convierte a esta sidra na m\u00e1s galardonada d&#8217;Asturies, con cinco premios como Meyor Sidra d&#8217;Asturies nel concursu oficial de la DOP y numberoses reconocencies tantu nacionales como internacionales.<\/p>\n<p><em>\u201cTamos bien contentos. Ye unu prestu enorme qu&#8217;una sidra asturiano s\u00eda reconocida fora de les nueses fronteres. Y eso imp\u00falsanos a siguir ameyorando\u201d<\/em>, asegura Alfonso Casta\u00f1\u00f3n, cuarta xeneraci\u00f3n al frente del llagar, que lleva d\u00e9cades combinando la tradici\u00f3n familiar con nueves formes d&#8217;entender la sidra.<\/p>\n<p>Una de los apuestes m\u00e1s reci\u00e9n de Casta\u00f1\u00f3n foi precisamente la so edici\u00f3n llindada de<strong> Val de Boides Sidra de Primavera<\/strong>, un proyectu que naci\u00f3 va tr\u00e9s a\u00f1os y que cada temporada gana m\u00e1s adeptos. Mientres los meses de primavera, el llagar sustit\u00fai&#8217;l so etiquet\u00e1u habitual por una imaxe m\u00e1s colorida y fresca, en sinton\u00eda cola so primer sidra del a\u00f1u, que se caracteriza pola so llixereza, el so perfil floral y la so facilid\u00e1 de tragu.<\/p>\n<p><em>\u201cQuer\u00edamos sacar daqu\u00e9 distintu, frescu, que representara la llegada de la primavera, con una sidra bien llixera, floral, y qu&#8217;am\u00e1s sala coles primeres ellaboraciones del a\u00f1u\u201d<\/em>, esplica Alfonso. Para esta edici\u00f3n util\u00edcense puramente tr\u00e9s variedaes de mazana aut\u00f3ctona: Durona, Regona y Carri\u00f3, buscando una b\u00e9bora con cuerpu, arumes florales y una acidez equilibrada que convide a siguir bebiendo.<\/p>\n<p>La iniciativa surdi\u00f3 tami\u00e9n como respuesta a una demanda creciente de consumidores que busquen productos estremaos, y atop\u00f3 una escelente acoyida nel merc\u00e1u. <em>\u201cN\u00f3tase qu&#8217;agora la xente valora m\u00e1s la sidra, inter\u00e9sense, pregunten, quieren aprender. Eso ye bien bonu, porque nos esixe a n\u00f3s tami\u00e9n anovar y trabayar cada vez meyor\u201d<\/em>, comenta&#8217;l llagarero.<\/p>\n<p>En paralelu, l&#8217;\u00e9situ de Val de Boides en Frankfurt refuerza la proyecci\u00f3n internacional de la sidra asturiano, xusto nun momentu clave tres la declaraci\u00f3n del paisaxe de la <strong>sidra asturiano como Patrimoniu Inmaterial de la Humanid\u00e1 pola UNESCO<\/strong>.<em> \u201cYe importante que&#8217;l mundu conoza lo que tenemos equ\u00ed, la calid\u00e1 que podemos ufiertar\u201d<\/em>, sorraya Casta\u00f1\u00f3n.<\/p>\n","protected":false},"excerpt":{"rendered":"<p>Val de Boides conquista Frankfurt con una nueva Medaya d&#8217;Oru: \u201cN\u00f3tase que la xente valora m\u00e1s la sidra agora\u00bb. \u201cTamos bien contentos, ye unu prestu enorme qu&#8217;una sidra asturiano s\u00eda reconocida fora de les nueses fronteres\u00bb, destaquen nel El Llagar Casta\u00f1\u00f3n de Quintueles: web \/\u00a0 sidres \/ Fonte: LNE \/<\/p>\n","protected":false},"author":117,"featured_media":0,"comment_status":"open","ping_status":"open","sticky":false,"template":"","format":"standard","meta":{"footnotes":""},"categories":[156],"tags":[],"class_list":["post-47589","post","type-post","status-publish","format-standard","hentry","category-sidre"],"_links":{"self":[{"href":"https:\/\/edublog.educastur.es\/ixuxu\/wp-json\/wp\/v2\/posts\/47589","targetHints":{"allow":["GET"]}}],"collection":[{"href":"https:\/\/edublog.educastur.es\/ixuxu\/wp-json\/wp\/v2\/posts"}],"about":[{"href":"https:\/\/edublog.educastur.es\/ixuxu\/wp-json\/wp\/v2\/types\/post"}],"author":[{"embeddable":true,"href":"https:\/\/edublog.educastur.es\/ixuxu\/wp-json\/wp\/v2\/users\/117"}],"replies":[{"embeddable":true,"href":"https:\/\/edublog.educastur.es\/ixuxu\/wp-json\/wp\/v2\/comments?post=47589"}],"version-history":[{"count":4,"href":"https:\/\/edublog.educastur.es\/ixuxu\/wp-json\/wp\/v2\/posts\/47589\/revisions"}],"predecessor-version":[{"id":47608,"href":"https:\/\/edublog.educastur.es\/ixuxu\/wp-json\/wp\/v2\/posts\/47589\/revisions\/47608"}],"wp:attachment":[{"href":"https:\/\/edublog.educastur.es\/ixuxu\/wp-json\/wp\/v2\/media?parent=47589"}],"wp:term":[{"taxonomy":"category","embeddable":true,"href":"https:\/\/edublog.educastur.es\/ixuxu\/wp-json\/wp\/v2\/categories?post=47589"},{"taxonomy":"post_tag","embeddable":true,"href":"https:\/\/edublog.educastur.es\/ixuxu\/wp-json\/wp\/v2\/tags?post=47589"}],"curies":[{"name":"wp","href":"https:\/\/api.w.org\/{rel}","templated":true}]}}