{"id":47594,"date":"2025-05-05T08:22:25","date_gmt":"2025-05-05T06:22:25","guid":{"rendered":"https:\/\/edublog.educastur.es\/ixuxu\/?p=47594"},"modified":"2025-05-05T08:22:49","modified_gmt":"2025-05-05T06:22:49","slug":"tiempu-nasturies-el-comercio-7","status":"publish","type":"post","link":"https:\/\/edublog.educastur.es\/ixuxu\/2025\/05\/tiempu-nasturies-el-comercio-7\/","title":{"rendered":"Tiempu n&#8217;Asturies (El Comercio)"},"content":{"rendered":"<p style=\"text-align: center\"><a href=\"https:\/\/s2.ppllstatics.com\/elcomercio\/www\/multimedia\/2025\/05\/04\/prevision-tiempo-asturias-kC4F-U2301404163085IHH-1800x840@El%20Comercio.jpg\"><img loading=\"lazy\" decoding=\"async\" class=\"aligncenter size-large\" src=\"https:\/\/s2.ppllstatics.com\/elcomercio\/www\/multimedia\/2025\/05\/04\/prevision-tiempo-asturias-kC4F-U2301404163085IHH-1800x840@El%20Comercio.jpg\" width=\"1800\" height=\"834\" \/><\/a><\/p>\n<p>Empezamos la selmana cola <strong>irrupci\u00f3n d&#8217;una masa d&#8217;aire fr\u00edo<\/strong> que se va dir enfusando n&#8217;Asturies a midida que meyora&#8217;l d\u00eda. <strong>Los cielos<\/strong> van tar bien nublos con precipitaciones de calter d\u00e9bil pero xeneralizaes que, pr\u00e1cticamente, van tar presentes mientres tol llunes.<\/p>\n<p>Estes precipitaciones van ser en forma de nieve cada vez en cotes m\u00e1s baxes. <strong>La cota de nieve<\/strong> va empezar sobro los 1800 o 1900 metros hasta&#8217;l mediud\u00eda. <strong>A media tarde<\/strong> y\u00e1 va tar asitiada en redol a los 1500 o 1600 metros y, finamente, va nevar a partir de los 1200 metros a la fin del d\u00eda.<\/p>\n<p><strong>Les temperatures<\/strong>, evidentemente, van baxar en tol Princip\u00e1u.<strong> Tantu les m\u00ednimes como les m\u00e1ximes<\/strong> van ser m\u00e1s baxes que les del domingu.<strong> Los vientos<\/strong> van tar afitaos de norte-nordeste con raches moderaes preferentemente na mari\u00f1a.<\/p>\n<p><!--more--><\/p>\n<p><strong>El martes<\/strong> vamos siguir cola masa d&#8217;aire fr\u00edo afect\u00e1ndonos de forma que nun se refuga nieve a partir de los 1000 o 1100 metros mientres les primeres hores de la ma\u00f1ana anque va xubir a lo llargo del d\u00eda. La xornada volver\u00e1 tar marcada tami\u00e9n peles nubes y poles precipitaciones que, a priori, van ser m\u00e1s d\u00e9biles y menos frecuentes que les del llunes. Ello ye que esta inestabilid\u00e1 va tender a unviar a la fin pudiendo inclusive abrise claros. <strong>Los vientos<\/strong> van soplar de nordeste y, a \u00faltima hora, rolar\u00e1n a componente este.<\/p>\n","protected":false},"excerpt":{"rendered":"<p>Empezamos la selmana cola irrupci\u00f3n d&#8217;una masa d&#8217;aire fr\u00edo que se va dir enfusando n&#8217;Asturies a midida que meyora&#8217;l d\u00eda. Los cielos van tar bien nublos con precipitaciones de calter d\u00e9bil pero xeneralizaes que, pr\u00e1cticamente, van tar presentes mientres tol llunes. Estes precipitaciones van ser en forma de nieve cada vez en cotes m\u00e1s baxes. [&hellip;]<\/p>\n","protected":false},"author":117,"featured_media":0,"comment_status":"open","ping_status":"open","sticky":false,"template":"","format":"standard","meta":{"footnotes":""},"categories":[5],"tags":[],"class_list":["post-47594","post","type-post","status-publish","format-standard","hentry","category-tiempu"],"_links":{"self":[{"href":"https:\/\/edublog.educastur.es\/ixuxu\/wp-json\/wp\/v2\/posts\/47594","targetHints":{"allow":["GET"]}}],"collection":[{"href":"https:\/\/edublog.educastur.es\/ixuxu\/wp-json\/wp\/v2\/posts"}],"about":[{"href":"https:\/\/edublog.educastur.es\/ixuxu\/wp-json\/wp\/v2\/types\/post"}],"author":[{"embeddable":true,"href":"https:\/\/edublog.educastur.es\/ixuxu\/wp-json\/wp\/v2\/users\/117"}],"replies":[{"embeddable":true,"href":"https:\/\/edublog.educastur.es\/ixuxu\/wp-json\/wp\/v2\/comments?post=47594"}],"version-history":[{"count":2,"href":"https:\/\/edublog.educastur.es\/ixuxu\/wp-json\/wp\/v2\/posts\/47594\/revisions"}],"predecessor-version":[{"id":47597,"href":"https:\/\/edublog.educastur.es\/ixuxu\/wp-json\/wp\/v2\/posts\/47594\/revisions\/47597"}],"wp:attachment":[{"href":"https:\/\/edublog.educastur.es\/ixuxu\/wp-json\/wp\/v2\/media?parent=47594"}],"wp:term":[{"taxonomy":"category","embeddable":true,"href":"https:\/\/edublog.educastur.es\/ixuxu\/wp-json\/wp\/v2\/categories?post=47594"},{"taxonomy":"post_tag","embeddable":true,"href":"https:\/\/edublog.educastur.es\/ixuxu\/wp-json\/wp\/v2\/tags?post=47594"}],"curies":[{"name":"wp","href":"https:\/\/api.w.org\/{rel}","templated":true}]}}