{"id":47611,"date":"2025-05-05T09:15:09","date_gmt":"2025-05-05T07:15:09","guid":{"rendered":"https:\/\/edublog.educastur.es\/ixuxu\/?p=47611"},"modified":"2025-05-05T09:59:37","modified_gmt":"2025-05-05T07:59:37","slug":"dia-internacional-de-la-matrona","status":"publish","type":"post","link":"https:\/\/edublog.educastur.es\/ixuxu\/2025\/05\/dia-internacional-de-la-matrona\/","title":{"rendered":"D\u00eda Internacional de la Matrona"},"content":{"rendered":"<p style=\"text-align: center\"><a href=\"https:\/\/imgs.search.brave.com\/yxerLECMa7_lKGJI5bg_7CtvmJ7Bk8XWYYUhF3xl7tc\/rs:fit:860:0:0:0\/g:ce\/aHR0cHM6Ly9zb21v\/c2Rpc2NhLmVzL3dw\/LWNvbnRlbnQvdXBs\/b2Fkcy8yMDI0LzA0\/L0RpYS1NdW5kaWFs\/LWRlLWxhLW1hdHJv\/bmEtMS5wbmc\"><img loading=\"lazy\" decoding=\"async\" class=\"aligncenter size-large\" src=\"https:\/\/imgs.search.brave.com\/yxerLECMa7_lKGJI5bg_7CtvmJ7Bk8XWYYUhF3xl7tc\/rs:fit:860:0:0:0\/g:ce\/aHR0cHM6Ly9zb21v\/c2Rpc2NhLmVzL3dw\/LWNvbnRlbnQvdXBs\/b2Fkcy8yMDI0LzA0\/L0RpYS1NdW5kaWFs\/LWRlLWxhLW1hdHJv\/bmEtMS5wbmc\" width=\"860\" height=\"573\" \/><\/a><\/p>\n<p>Foi declar\u00e1u pola ONU en 1992 <strong>coles mires de valorar y reconocer el valor de les matrones o parteres nel momentu d&#8217;atender a les muyeres embarazaes y la posterior nacencia de los \u00f1\u00e1caros. <\/strong>Son les profesionales de la sanid\u00e1 que meyor preparaes t\u00e1n p&#8217;atender l&#8217;embaranzu y el partu.<\/p>\n<p><!--more--><\/p>\n<p>Les matrones son les profesionales de la sanid\u00e1 que meyor preparaes t\u00e1n p&#8217;atender l&#8217;embaranzu y el partu.\u00a0 Pueden dar asistencia a les muyeres que deciden dar a lluz fora de les cl\u00edniques o recintos asistenciales. Son profesionales debidamente entrenaes y capacitaes p&#8217;atender el partu dende la comodid\u00e1 y la privacid\u00e1 de los llares de les muyeres.<\/p>\n<p>Estes especialistes, polo xeneral, trabayen de manera asistida colos m\u00e9dicos, esto ye necesariu, por si llegara a presentase dalguna emerxencia antes o mientres el partu.<\/p>\n<p>Evidentemente esta oficiu ex\u00e9rcenlu muyeres y homes, pero la Real Academia de la Llingua nun recueye la palabra \u00abmatr\u00f3n\u00bb pa referise a un home qu&#8217;exerz l&#8217;oficiu de matrona. Por tanto suelse usar la palabra \u00abmatrona\u00bb pa referise tanto a la muyer como al home qu&#8217;exerz l&#8217;oficiu.<\/p>\n<p>La matrona ye una especialista, quien tien de tar capacitada pa desempe\u00f1ar <em><span style=\"text-decoration: underline\">una serie de funciones que se detallen de sigu\u00edo:<\/span><\/em><\/p>\n<ul>\n<li><em><span style=\"text-decoration: underline\">Dar asistencia a les madres embarazaes antes, mientres y dempu\u00e9s del partu.<\/span><\/em><\/li>\n<li><em><span style=\"text-decoration: underline\">Llevar un estrictu control de too l&#8217;embaranzu.<\/span><\/em><\/li>\n<li><em><span style=\"text-decoration: underline\">Axuntase mientres la xestaci\u00f3n de la madre colos m\u00e9dicos acreditaos mientres tol per\u00edodu del embaranzu.<\/span><\/em><\/li>\n<li><em><span style=\"text-decoration: underline\">Asistir a la muyer mientres el partu.<\/span><\/em><\/li>\n<li><em><span style=\"text-decoration: underline\">Tar preparada ante una posible emerxencia mientres el procesu de partu.<\/span><\/em><\/li>\n<li><em><span style=\"text-decoration: underline\">Informar y preparar al restu del grupu familiar de los cuidos del \u00f1\u00e1caru y la madre mientres el periodu de post-partu.<\/span><\/em><\/li>\n<\/ul>\n<p style=\"text-align: center\"><a href=\"https:\/\/somosdisca.es\/wp-content\/uploads\/2024\/04\/Dia-Mundial-de-la-matrona.png\"><img loading=\"lazy\" decoding=\"async\" class=\"aligncenter size-large\" src=\"https:\/\/somosdisca.es\/wp-content\/uploads\/2024\/04\/Dia-Mundial-de-la-matrona.png\" width=\"1200\" height=\"800\" \/><\/a><\/p>\n<p>Nun puedo confirmar que ser matrona s\u00eda l&#8217;oficiu m\u00e1s antiguu del mundu pero si una d&#8217;elles m\u00e1s antig\u00fces. Y ye que ye bien sab\u00edo que dende los tiempos m\u00e1s remotos les muyeres ayud\u00e1ronse unes a otros tantu a la hora del partu como a la preparaci\u00f3n d&#8217;\u00e9sti.<\/p>\n<p>Ye m\u00e1s, vemos pruebes hist\u00f3riques que revelen la esistencia de muyeres esperimentaes que curiaben a otres muyeres nel so embaranzu, partu, postparto, ya inclusive ten\u00eden conocencies para evitar embaranzos y para solliviar el dolor de partu.<\/p>\n","protected":false},"excerpt":{"rendered":"<p>Foi declar\u00e1u pola ONU en 1992 coles mires de valorar y reconocer el valor de les matrones o parteres nel momentu d&#8217;atender a les muyeres embarazaes y la posterior nacencia de los \u00f1\u00e1caros. Son les profesionales de la sanid\u00e1 que meyor preparaes t\u00e1n p&#8217;atender l&#8217;embaranzu y el partu.<\/p>\n","protected":false},"author":117,"featured_media":0,"comment_status":"open","ping_status":"open","sticky":false,"template":"","format":"standard","meta":{"footnotes":""},"categories":[6],"tags":[],"class_list":["post-47611","post","type-post","status-publish","format-standard","hentry","category-dia-de"],"_links":{"self":[{"href":"https:\/\/edublog.educastur.es\/ixuxu\/wp-json\/wp\/v2\/posts\/47611","targetHints":{"allow":["GET"]}}],"collection":[{"href":"https:\/\/edublog.educastur.es\/ixuxu\/wp-json\/wp\/v2\/posts"}],"about":[{"href":"https:\/\/edublog.educastur.es\/ixuxu\/wp-json\/wp\/v2\/types\/post"}],"author":[{"embeddable":true,"href":"https:\/\/edublog.educastur.es\/ixuxu\/wp-json\/wp\/v2\/users\/117"}],"replies":[{"embeddable":true,"href":"https:\/\/edublog.educastur.es\/ixuxu\/wp-json\/wp\/v2\/comments?post=47611"}],"version-history":[{"count":4,"href":"https:\/\/edublog.educastur.es\/ixuxu\/wp-json\/wp\/v2\/posts\/47611\/revisions"}],"predecessor-version":[{"id":47615,"href":"https:\/\/edublog.educastur.es\/ixuxu\/wp-json\/wp\/v2\/posts\/47611\/revisions\/47615"}],"wp:attachment":[{"href":"https:\/\/edublog.educastur.es\/ixuxu\/wp-json\/wp\/v2\/media?parent=47611"}],"wp:term":[{"taxonomy":"category","embeddable":true,"href":"https:\/\/edublog.educastur.es\/ixuxu\/wp-json\/wp\/v2\/categories?post=47611"},{"taxonomy":"post_tag","embeddable":true,"href":"https:\/\/edublog.educastur.es\/ixuxu\/wp-json\/wp\/v2\/tags?post=47611"}],"curies":[{"name":"wp","href":"https:\/\/api.w.org\/{rel}","templated":true}]}}