{"id":47616,"date":"2025-05-05T12:07:32","date_gmt":"2025-05-05T10:07:32","guid":{"rendered":"https:\/\/edublog.educastur.es\/ixuxu\/?p=47616"},"modified":"2025-05-05T12:10:10","modified_gmt":"2025-05-05T10:10:10","slug":"iniciativa-pol-asturianu-pon-en-marchal-buzon-del-asturianu","status":"publish","type":"post","link":"https:\/\/edublog.educastur.es\/ixuxu\/2025\/05\/iniciativa-pol-asturianu-pon-en-marchal-buzon-del-asturianu\/","title":{"rendered":"Iniciativa pol Asturianu pon en marcha\u2019l\u00a0Buz\u00f3n del Asturianu."},"content":{"rendered":"<ul>\n<li data-olk-copy-source=\"MessageBody\"><a href=\"https:\/\/iniciativapolasturianu.org\/\">Web<\/a> \/ <a href=\"https:\/\/telegram.me\/iniciativapolasturianu\">Telegram<\/a> \/<\/li>\n<\/ul>\n<p style=\"text-align: center\">\n<!-- iframe plugin v.6.0 wordpress.org\/plugins\/iframe\/ -->\n<iframe loading=\"lazy\" width=\"100%\" height=\"401\" src=\"https:\/\/www.youtube.com\/embed\/A7mbYQ8LrBY\" title=\"Buz\u00f3n del asturianu\" frameborder=\"0\" allow=\"accelerometer; autoplay; clipboard-write; encrypted-media; gyroscope; picture-in-picture; web-share\" referrerpolicy=\"strict-origin-when-cross-origin\" 0=\"allowfullscreen\" 1=\"\/iframe\" scrolling=\"yes\" class=\"iframe-class\"><\/iframe>\n<\/p>\n<p><strong>Iniciativa pol Asturianu<\/strong> ta acabante de poner en marcha\u2019l\u00a0<a title=\"https:\/\/iniciativapolasturianu.us2.list-manage.com\/track\/click?u=7cc7564fb7382f387095e948f&amp;id=8a2df98631&amp;e=4be06f5e20\" href=\"https:\/\/iniciativapolasturianu.us2.list-manage.com\/track\/click?u=7cc7564fb7382f387095e948f&amp;id=8a2df98631&amp;e=4be06f5e20\" target=\"_blank\" rel=\"noopener noreferrer\" data-auth=\"NotApplicable\" data-linkindex=\"2\">Buz\u00f3n del Asturianu<\/a>. Un serviciu nuevu, gratuitu y abiertu a tola ciudadan\u00eda pa canalizar les quexes ante alministraciones, instituciones y empreses que vulneren los drechos lling\u00fc\u00edsticos de los falantes. Tami\u00e9n pa treslladar suxerencies, propuestes y felicitaciones a aquelles organizaciones que seyan un exemplu y den pasos alantre pa garantizar el drechu a vivir n\u2019asturianu.<\/p>\n<p><!--more--><\/p>\n<p><strong>\u00bfPor qu\u00e9 naz el\u00a0<a title=\"https:\/\/iniciativapolasturianu.us2.list-manage.com\/track\/click?u=7cc7564fb7382f387095e948f&amp;id=0730e8f355&amp;e=4be06f5e20\" href=\"https:\/\/iniciativapolasturianu.us2.list-manage.com\/track\/click?u=7cc7564fb7382f387095e948f&amp;id=0730e8f355&amp;e=4be06f5e20\" target=\"_blank\" rel=\"noopener noreferrer\" data-auth=\"NotApplicable\" data-linkindex=\"3\">Buz\u00f3n del Asturianu<\/a>?<\/strong><br \/>\nSon munches les persones que selmana tres selmana contacten con n\u00f3s pa comunicanos la vulneraci\u00f3n de los sos drechos como falantes, pasos atr\u00e1s na presencia del idioma o felicitaciones a entidaes pol bon usu del asturianu. Davezu, munches d\u2019eses persones nun conocen los drechos que tienen como falantes o nun saben c\u00f3mo exercelos. D\u2019esta manera, queremos animar a la ciudadan\u00eda a ser parte activa na defensa de los sos drechos lling\u00fc\u00edsticos.<\/p>\n<p><strong>\u00bfC\u00f3mo entro al\u00a0<a title=\"https:\/\/iniciativapolasturianu.us2.list-manage.com\/track\/click?u=7cc7564fb7382f387095e948f&amp;id=03aa36b7c8&amp;e=4be06f5e20\" href=\"https:\/\/iniciativapolasturianu.us2.list-manage.com\/track\/click?u=7cc7564fb7382f387095e948f&amp;id=03aa36b7c8&amp;e=4be06f5e20\" target=\"_blank\" rel=\"noopener noreferrer\" data-auth=\"NotApplicable\" data-linkindex=\"4\">Buz\u00f3n del Asturianu<\/a>?<\/strong><\/p>\n<p dir=\"auto\">Si fuisti v\u00edctima de dalguna d\u2019estes situaciones y quies facemos llegar una denuncia, felicitaci\u00f3n o, simplemente, dalguna consulta, nam\u00e1s vas tener que rellenar el formulariu que vas atopar na nuesa web. Pa ello vamos pidite que nos facilites los tos datos personales y de contactu. Compromet\u00e9monos a caltener siempres el to anonimatu.<\/p>\n<p><strong>\u00bfQu\u00e9 va pasar colos avisos que lleguen?<\/strong><\/p>\n<p dir=\"auto\">El\u00a0<a title=\"https:\/\/iniciativapolasturianu.us2.list-manage.com\/track\/click?u=7cc7564fb7382f387095e948f&amp;id=dd44b331c8&amp;e=4be06f5e20\" href=\"https:\/\/iniciativapolasturianu.us2.list-manage.com\/track\/click?u=7cc7564fb7382f387095e948f&amp;id=dd44b331c8&amp;e=4be06f5e20\" target=\"_blank\" rel=\"noopener noreferrer\" data-saferedirecturl=\"https:\/\/www.google.com\/url?q=https:\/\/iniciativapolasturianu.org\/buzon-del-asturianu\/&amp;source=gmail&amp;ust=1744469324470000&amp;usg=AOvVaw1j4cKbMbkl6aB6h1hFrblA\" data-auth=\"NotApplicable\" data-linkindex=\"5\">Buz\u00f3n del Asturianu<\/a>\u00a0ye un espaciu abiertu a la socied\u00e1 y un instrumentu pa visibilizar la realid\u00e1 lling\u00fc\u00edstica del asturianu y del eonaviego. Les denuncies, suxerencies, felicitaciones y consultes recib\u00edes van ser tramitaes por Iniciativa pol Asturianu pa buscar soluciones y evitar que determinaes situaciones se repitan nel futuru. Am\u00e1s, vamos ellaborar un informe a\u00f1al, que va permitir facer siguimientu de cu\u00e1les son les problem\u00e1tiques que m\u00e1s afecten a la ciudadan\u00eda.<\/p>\n<p dir=\"auto\">Queremos animate a facenos llegar cualesquier cuesti\u00f3n sobre l\u2019asturianu que consideres que pueda resultar d\u2019inter\u00e9s y a compartir el buz\u00f3n con aquelles persones que carezan situaciones de discriminaci\u00f3n lling\u00fc\u00edstica.<\/p>\n<p dir=\"auto\" style=\"text-align: center\"><a href=\"https:\/\/www.whatsapp.com\/channel\/0029VbAhJw4EawdvTKb3pr2f\"><img loading=\"lazy\" decoding=\"async\" class=\"aligncenter \" src=\"https:\/\/iniciativapolasturianu.org\/wp-content\/uploads\/2025\/04\/Canal-Whatsapp.jpg\" width=\"212\" height=\"212\" \/><\/a><\/p>\n<p dir=\"auto\" style=\"text-align: center\"><a href=\"https:\/\/telegram.me\/iniciativapolasturianu\"><img loading=\"lazy\" decoding=\"async\" class=\"aligncenter \" src=\"https:\/\/iniciativapolasturianu.org\/wp-content\/uploads\/2023\/11\/telegram.jpeg\" width=\"270\" height=\"270\" \/><\/a><\/p>\n","protected":false},"excerpt":{"rendered":"<p>Web \/ Telegram \/ Iniciativa pol Asturianu ta acabante de poner en marcha\u2019l\u00a0Buz\u00f3n del Asturianu. Un serviciu nuevu, gratuitu y abiertu a tola ciudadan\u00eda pa canalizar les quexes ante alministraciones, instituciones y empreses que vulneren los drechos lling\u00fc\u00edsticos de los falantes. Tami\u00e9n pa treslladar suxerencies, propuestes y felicitaciones a aquelles organizaciones que seyan un exemplu [&hellip;]<\/p>\n","protected":false},"author":117,"featured_media":0,"comment_status":"open","ping_status":"open","sticky":false,"template":"","format":"standard","meta":{"footnotes":""},"categories":[442,47],"tags":[],"class_list":["post-47616","post","type-post","status-publish","format-standard","hentry","category-buzon","category-iniciativa-pol-asturianu"],"_links":{"self":[{"href":"https:\/\/edublog.educastur.es\/ixuxu\/wp-json\/wp\/v2\/posts\/47616","targetHints":{"allow":["GET"]}}],"collection":[{"href":"https:\/\/edublog.educastur.es\/ixuxu\/wp-json\/wp\/v2\/posts"}],"about":[{"href":"https:\/\/edublog.educastur.es\/ixuxu\/wp-json\/wp\/v2\/types\/post"}],"author":[{"embeddable":true,"href":"https:\/\/edublog.educastur.es\/ixuxu\/wp-json\/wp\/v2\/users\/117"}],"replies":[{"embeddable":true,"href":"https:\/\/edublog.educastur.es\/ixuxu\/wp-json\/wp\/v2\/comments?post=47616"}],"version-history":[{"count":3,"href":"https:\/\/edublog.educastur.es\/ixuxu\/wp-json\/wp\/v2\/posts\/47616\/revisions"}],"predecessor-version":[{"id":47619,"href":"https:\/\/edublog.educastur.es\/ixuxu\/wp-json\/wp\/v2\/posts\/47616\/revisions\/47619"}],"wp:attachment":[{"href":"https:\/\/edublog.educastur.es\/ixuxu\/wp-json\/wp\/v2\/media?parent=47616"}],"wp:term":[{"taxonomy":"category","embeddable":true,"href":"https:\/\/edublog.educastur.es\/ixuxu\/wp-json\/wp\/v2\/categories?post=47616"},{"taxonomy":"post_tag","embeddable":true,"href":"https:\/\/edublog.educastur.es\/ixuxu\/wp-json\/wp\/v2\/tags?post=47616"}],"curies":[{"name":"wp","href":"https:\/\/api.w.org\/{rel}","templated":true}]}}