{"id":47635,"date":"2025-05-06T08:30:00","date_gmt":"2025-05-06T06:30:00","guid":{"rendered":"https:\/\/edublog.educastur.es\/ixuxu\/?p=47635"},"modified":"2025-05-06T08:55:25","modified_gmt":"2025-05-06T06:55:25","slug":"tiempu-nasturies-el-comercio-8","status":"publish","type":"post","link":"https:\/\/edublog.educastur.es\/ixuxu\/2025\/05\/tiempu-nasturies-el-comercio-8\/","title":{"rendered":"Tiempu n&#8217;Asturies (El Comercio)"},"content":{"rendered":"<p style=\"text-align: center\"><a href=\"https:\/\/s1.ppllstatics.com\/elcomercio\/www\/multimedia\/2025\/05\/05\/prevision-tiempo-asturias-kzhE-U2301404163085IHH-1800x840@El%20Comercio.jpg\"><img loading=\"lazy\" decoding=\"async\" class=\"aligncenter size-large\" src=\"https:\/\/s1.ppllstatics.com\/elcomercio\/www\/multimedia\/2025\/05\/05\/prevision-tiempo-asturias-kzhE-U2301404163085IHH-1800x840@El%20Comercio.jpg\" width=\"1800\" height=\"840\" \/><\/a><\/p>\n<p>Esperamos una xornada nubosa con precipitaciones que van ser m\u00e1s probables y frecuentes mientres la ma\u00f1ana. <strong>A lo llargo de la tarde<\/strong> la inestabilid\u00e1 va unviar y, am\u00e1s, dir\u00e1n abri\u00e9ndose grandes claros empezando pola mari\u00f1a y, finalmente, tami\u00e9n nel interior. <strong>La cota de nieve<\/strong> va rondar los 1000\/1100 metros a primeres hores de la ma\u00f1ana, xubiendo hasta los 1400 o 1500 metros col intre de les hores. <strong>Los vientos<\/strong> van predominar de nordeste con raches moderaes, sobremanera mientres la segunda parte del d\u00eda. <strong>Les temperatures<\/strong> van baxar, tanto nel casu de les m\u00ednimes como nel de les m\u00e1ximes, de forma xeneralizada y llixera (hasta 1 o 2 \u00baC menos que&#8217;l llunes).<\/p>\n<p><!--more--><\/p>\n<p><strong> El mi\u00e9rcoles<\/strong> vamos tener cielos poco nublos o estenos en tol Princip\u00e1u d&#8217;Asturies y\u00e1 dende&#8217;l principiu del d\u00eda. A lo llargo de la tarde ye previsible qu&#8217;aumente la nubosid\u00e1 d&#8217;evoluci\u00f3n dende&#8217;l cordal pero, a priori, nun esperamos precipitaciones.<\/p>\n<p><strong>Los vientos<\/strong> van ser fluexos y variables nel interior, y de nordeste-esti moderaos na mari\u00f1a. L<strong>es temperatures m\u00e1ximes<\/strong> van xubir ente 3 y 4 \u00baC en tola rex\u00f3n. Sicas\u00ed, <strong>les m\u00ednimes<\/strong> van baxar llixeramente un pocu m\u00e1s al respective de les que vamos anotar el martes.<\/p>\n","protected":false},"excerpt":{"rendered":"<p>Esperamos una xornada nubosa con precipitaciones que van ser m\u00e1s probables y frecuentes mientres la ma\u00f1ana. A lo llargo de la tarde la inestabilid\u00e1 va unviar y, am\u00e1s, dir\u00e1n abri\u00e9ndose grandes claros empezando pola mari\u00f1a y, finalmente, tami\u00e9n nel interior. La cota de nieve va rondar los 1000\/1100 metros a primeres hores de la ma\u00f1ana, [&hellip;]<\/p>\n","protected":false},"author":117,"featured_media":0,"comment_status":"open","ping_status":"open","sticky":false,"template":"","format":"standard","meta":{"footnotes":""},"categories":[5],"tags":[],"class_list":["post-47635","post","type-post","status-publish","format-standard","hentry","category-tiempu"],"_links":{"self":[{"href":"https:\/\/edublog.educastur.es\/ixuxu\/wp-json\/wp\/v2\/posts\/47635","targetHints":{"allow":["GET"]}}],"collection":[{"href":"https:\/\/edublog.educastur.es\/ixuxu\/wp-json\/wp\/v2\/posts"}],"about":[{"href":"https:\/\/edublog.educastur.es\/ixuxu\/wp-json\/wp\/v2\/types\/post"}],"author":[{"embeddable":true,"href":"https:\/\/edublog.educastur.es\/ixuxu\/wp-json\/wp\/v2\/users\/117"}],"replies":[{"embeddable":true,"href":"https:\/\/edublog.educastur.es\/ixuxu\/wp-json\/wp\/v2\/comments?post=47635"}],"version-history":[{"count":1,"href":"https:\/\/edublog.educastur.es\/ixuxu\/wp-json\/wp\/v2\/posts\/47635\/revisions"}],"predecessor-version":[{"id":47636,"href":"https:\/\/edublog.educastur.es\/ixuxu\/wp-json\/wp\/v2\/posts\/47635\/revisions\/47636"}],"wp:attachment":[{"href":"https:\/\/edublog.educastur.es\/ixuxu\/wp-json\/wp\/v2\/media?parent=47635"}],"wp:term":[{"taxonomy":"category","embeddable":true,"href":"https:\/\/edublog.educastur.es\/ixuxu\/wp-json\/wp\/v2\/categories?post=47635"},{"taxonomy":"post_tag","embeddable":true,"href":"https:\/\/edublog.educastur.es\/ixuxu\/wp-json\/wp\/v2\/tags?post=47635"}],"curies":[{"name":"wp","href":"https:\/\/api.w.org\/{rel}","templated":true}]}}