{"id":47662,"date":"2025-05-06T11:23:30","date_gmt":"2025-05-06T09:23:30","guid":{"rendered":"https:\/\/edublog.educastur.es\/ixuxu\/?p=47662"},"modified":"2025-05-06T18:52:11","modified_gmt":"2025-05-06T16:52:11","slug":"la-xusticia-da-la-razon-a-un-asturianu-frente-a-una-reclamacion-indebida-duna-enerxetica","status":"publish","type":"post","link":"https:\/\/edublog.educastur.es\/ixuxu\/2025\/05\/la-xusticia-da-la-razon-a-un-asturianu-frente-a-una-reclamacion-indebida-duna-enerxetica\/","title":{"rendered":"La xusticia da la raz\u00f3n a un asturianu frente a una reclamaci\u00f3n d&#8217;una enerx\u00e9tica"},"content":{"rendered":"<p style=\"text-align: center\"><a href=\"https:\/\/img.lavdg.com\/sc\/3OWo4a6-6nEZ3kgnCTo6oh_3u5Y=\/768x\/2024\/08\/13\/00121723541181582984567\/Foto\/hh.jpg\"><img loading=\"lazy\" decoding=\"async\" class=\"aligncenter size-large\" src=\"https:\/\/img.lavdg.com\/sc\/3OWo4a6-6nEZ3kgnCTo6oh_3u5Y=\/768x\/2024\/08\/13\/00121723541181582984567\/Foto\/hh.jpg\" width=\"768\" height=\"432\" \/><\/a><\/p>\n<p>La xusticia da la raz\u00f3n a un asturianu frente a una reclamaci\u00f3n indebida d&#8217;una enerx\u00e9tica. El Xulg\u00e1u de primera Instancia de Grau torna \u00edntegramente una demanda de m\u00e1s de 1.200 euros gracies a la intervenci\u00f3n de la<a href=\"https:\/\/www.consumidor.es\/\"> <strong>Uni\u00f3n de Consumidores d&#8217;Asturies.<\/strong><\/a>Fonte: <a href=\"https:\/\/www.lavozdeasturias.es\/noticia\/asturias\/2025\/04\/30\/justicia-da-razon-asturiano-frente-reclamacion-indebida-energetica\/00031746027845234612852.htm\">La Voz<\/a> \/<\/p>\n<p style=\"text-align: center\"><a href=\"https:\/\/imgs.search.brave.com\/q3xNPMM-LH0Xn34J0XRGQYyhg0ZQFl-BFXkPAl8zKiI\/rs:fit:860:0:0:0\/g:ce\/aHR0cHM6Ly9jb2Rl\/cGEuZXMvdXBsb2Fk\/cy9jb25zdW1lcl9h\/c3NvY2lhdGlvbnMv\/MjAyMy8wOS8xNjk1\/OTE0MDQ3X2NvbnN1\/bWlkb3Jlcy5wbmc\"><img loading=\"lazy\" decoding=\"async\" class=\"aligncenter size-large\" src=\"https:\/\/imgs.search.brave.com\/q3xNPMM-LH0Xn34J0XRGQYyhg0ZQFl-BFXkPAl8zKiI\/rs:fit:860:0:0:0\/g:ce\/aHR0cHM6Ly9jb2Rl\/cGEuZXMvdXBsb2Fk\/cy9jb25zdW1lcl9h\/c3NvY2lhdGlvbnMv\/MjAyMy8wOS8xNjk1\/OTE0MDQ3X2NvbnN1\/bWlkb3Jlcy5wbmc\" width=\"300\" height=\"150\" \/><\/a><!--more--><br \/>\nUn xulg\u00e1u asturianu dio la raz\u00f3n a un vec\u00edn de la rex\u00f3n que foi inxustamente reclam\u00e1u por Total Energies, una de les principales comercializadoras d&#8217;enerx\u00eda n&#8217;Espa\u00f1a. La empresa esix\u00eda al afect\u00e1u&#8217;l pagu de 1.200,33 euros por un supuestu serviciu contrat\u00e1u, del que&#8217;l consumidor nun ten\u00eda constancia nin fixera usu. La intervenci\u00f3n de la Uni\u00f3n de Consumidores d&#8217;Asturies foi clave para frenar esta reclamaci\u00f3n que, finalmente, foi tornada na so totalid\u00e1 pol Xulg\u00e1u de primera Instancia ya Instrucci\u00f3n de Grau.<\/p>\n<p>Tou empez\u00f3 n&#8217;avientu del pas\u00e1u a\u00f1u, cuando l&#8217;afect\u00e1u recibi\u00f3 delles notificaciones per corr\u00e9u postal nes que Total Energies reclamaba l&#8217;importe correspondiente al serviciu \u00abFunciona\u00bb. Sosprend\u00edu, y\u00e1 que nunca contratara tal serviciu, el consumidor comprob\u00f3 pocu dempu\u00e9s que la compa\u00f1\u00eda empecipiara tami\u00e9n un procedimientu monitorio \u00e9nte&#8217;l xulg\u00e1u, una v\u00eda xudicial r\u00e1pida y eficaz pa reclamar deldes que puede concluyir n&#8217;un embargo si nun se respuende nel plazu de 20 d\u00edes.<\/p>\n<p>La <strong>Uni\u00f3n de Consumidores d&#8217;Asturies,<\/strong> n&#8217;estudiando&#8217;l casu, present\u00f3 xuna oposici\u00f3n al procedimientu xudicial. Alegaron que&#8217;l sociu llevaba m\u00e1s de 16 a\u00f1os ensin relaci\u00f3n *contractual cola empresa y que, en neng\u00fan casu, esist\u00eda xuna obligaci\u00f3n de pagu. La estratexa llegal surti\u00f3 efectu: \u00e9nte la *contundencia de la defensa, Total *Energies arrenunci\u00f3 de la so demanda y solicit\u00f3 l&#8217;arquivu del procedimientu.<\/p>\n<p>Sicas\u00ed, dende la Uni\u00f3n de Consumidores nun se conformaron col simple *desistimiento. Solicitaron xuna sentencia firme que dexara constancia de que l&#8217;afect\u00e1u enxam\u00e1s contraxera la supuesta delda. El xulg\u00e1u aport\u00f3 y dict\u00f3 xuna resolvimientu favorable, qu&#8217;am\u00e1s conderga en mari\u00f1es a la enerx\u00e9tica.<\/p>\n<p>Dende la organizaci\u00f3n denuncien qu&#8217;esti tipu d&#8217;actuaciones son, por #desgracia, pr\u00e1ctiques habituales ente grandes compa\u00f1\u00edes, tanto del sector enerx\u00e9ticu como de les telecomunicaciones. \u00ab#Aprovechar de los procedimientos xudiciales embriv\u00edos pa primir a particulares y llograr que, por mieu a les consecuencies, acaben pagando lo que nun deben\u00bb, aseguren.<\/p>\n<p>Casos como esti, concl\u00fain, ponen n&#8217;evidencia la necesid\u00e1 de tar alerta y cuntar con asesoramientu llegal \u00e9nte #cualquier reclamaci\u00f3n sospechosa, inclusive cuando esta venga sofitada por un xulg\u00e1u.<\/p>\n","protected":false},"excerpt":{"rendered":"<p>La xusticia da la raz\u00f3n a un asturianu frente a una reclamaci\u00f3n indebida d&#8217;una enerx\u00e9tica. El Xulg\u00e1u de primera Instancia de Grau torna \u00edntegramente una demanda de m\u00e1s de 1.200 euros gracies a la intervenci\u00f3n de la Uni\u00f3n de Consumidores d&#8217;Asturies.Fonte: La Voz \/<\/p>\n","protected":false},"author":117,"featured_media":0,"comment_status":"open","ping_status":"open","sticky":false,"template":"","format":"standard","meta":{"footnotes":""},"categories":[1],"tags":[],"class_list":["post-47662","post","type-post","status-publish","format-standard","hentry","category-sin-categoria"],"_links":{"self":[{"href":"https:\/\/edublog.educastur.es\/ixuxu\/wp-json\/wp\/v2\/posts\/47662","targetHints":{"allow":["GET"]}}],"collection":[{"href":"https:\/\/edublog.educastur.es\/ixuxu\/wp-json\/wp\/v2\/posts"}],"about":[{"href":"https:\/\/edublog.educastur.es\/ixuxu\/wp-json\/wp\/v2\/types\/post"}],"author":[{"embeddable":true,"href":"https:\/\/edublog.educastur.es\/ixuxu\/wp-json\/wp\/v2\/users\/117"}],"replies":[{"embeddable":true,"href":"https:\/\/edublog.educastur.es\/ixuxu\/wp-json\/wp\/v2\/comments?post=47662"}],"version-history":[{"count":2,"href":"https:\/\/edublog.educastur.es\/ixuxu\/wp-json\/wp\/v2\/posts\/47662\/revisions"}],"predecessor-version":[{"id":47732,"href":"https:\/\/edublog.educastur.es\/ixuxu\/wp-json\/wp\/v2\/posts\/47662\/revisions\/47732"}],"wp:attachment":[{"href":"https:\/\/edublog.educastur.es\/ixuxu\/wp-json\/wp\/v2\/media?parent=47662"}],"wp:term":[{"taxonomy":"category","embeddable":true,"href":"https:\/\/edublog.educastur.es\/ixuxu\/wp-json\/wp\/v2\/categories?post=47662"},{"taxonomy":"post_tag","embeddable":true,"href":"https:\/\/edublog.educastur.es\/ixuxu\/wp-json\/wp\/v2\/tags?post=47662"}],"curies":[{"name":"wp","href":"https:\/\/api.w.org\/{rel}","templated":true}]}}