{"id":47702,"date":"2025-05-06T17:16:26","date_gmt":"2025-05-06T15:16:26","guid":{"rendered":"https:\/\/edublog.educastur.es\/ixuxu\/?p=47702"},"modified":"2025-05-07T10:16:55","modified_gmt":"2025-05-07T08:16:55","slug":"xlvi-dia-de-les-lletres-asturianes-vienres-9-de-mayu-nel-teatru-campoamor-duvieu","status":"publish","type":"post","link":"https:\/\/edublog.educastur.es\/ixuxu\/2025\/05\/xlvi-dia-de-les-lletres-asturianes-vienres-9-de-mayu-nel-teatru-campoamor-duvieu\/","title":{"rendered":"XLVI D\u00eda de les Lletres Asturianes, 9 mayu nel Teatru Campoamor d&#8217;Uvi\u00e9u"},"content":{"rendered":"<div class=\"html-div xdj266r x11i5rnm xat24cr x1mh8g0r xexx8yu x1a8lsjc x1swvt13 x1pi30zi\">\n<div class=\"html-div xdj266r x11i5rnm xat24cr x1mh8g0r xexx8yu x4uap5 x18d9i69 xkhd6sd x1jx94hy x78zum5 x1q0g3np\">\n<div class=\"x78zum5 xdt5ytf xz62fqu x16ldp7u\">\n<div class=\"xu06os2 x1ok221b\">\n<div class=\"html-div xdj266r x11i5rnm xat24cr x1mh8g0r xexx8yu x4uap5 x18d9i69 xkhd6sd\" data-ad-rendering-role=\"profile_name\">\n<ul>\n<li class=\"html-h3 x11i5rnm xat24cr x1mh8g0r xexx8yu x4uap5 x18d9i69 xkhd6sd x1vvkbs x1heor9g x1qlqyl8 x1pd3egz x1a2a7pz x1gslohp x1yc453h\"><span class=\"x1lliihq x6ikm8r x10wlt62 x1n2onr6\"><span class=\"xt0psk2\"><a class=\"x1i10hfl xjbqb8w x1ejq31n xd10rxx x1sy0etr x17r0tee x972fbf xcfux6l x1qhh985 xm0m39n x9f619 x1ypdohk xt0psk2 xe8uvvx xdj266r x11i5rnm xat24cr x1mh8g0r xexx8yu x4uap5 x18d9i69 xkhd6sd x16tdsg8 x1hl2dhg xggy1nq x1a2a7pz xkrqix3 x1sur9pj xzsf02u x1s688f\" role=\"link\" href=\"https:\/\/www.facebook.com\/inaciu?__cft__[0]=AZXJOfhJoEMxVnj0X2OzbOtymHwF9wCRDk-2zerJJEjBgItoQBvguawrf1CR82gE2YqBf-qcjjmbI50GpIyVkveb0ORoJFZwLCljW6C_shA1a3V5nPQa68_2NPcflFLK9TCrX90hh0J1bTqwKkjZj3CJf-HFTIigMTAXJX8eyb57NiZCQwxKi2anRfC8NjDdRBy7RslOWd6QmNUk3yfsg2Uj&amp;__tn__=-UC%2CP-y-R\"><strong class=\"html-strong xdj266r x11i5rnm xat24cr x1mh8g0r xexx8yu x4uap5 x18d9i69 xkhd6sd x1hl2dhg x16tdsg8 x1vvkbs x1s688f\"><span class=\"html-span xdj266r x11i5rnm xat24cr x1mh8g0r xexx8yu x4uap5 x18d9i69 xkhd6sd x1hl2dhg x16tdsg8 x1vvkbs\">Inaciu Gal\u00e1n<\/span><\/strong><\/a><\/span><\/span>\u00a0\/ <a href=\"https:\/\/scontent-bcn1-1.xx.fbcdn.net\/v\/t51.75761-15\/495968167_18392589316117856_5852645916164541241_n.jpg?_nc_cat=106&amp;ccb=1-7&amp;_nc_sid=127cfc&amp;_nc_ohc=xCUMCPA8-VYQ7kNvwFikLss&amp;_nc_oc=AdnvlFTlk2gBYrmxFAF6kghCjnKOPKcHlavuGvBKYoT0Cpr1XcCAaDOHuiIg2IiYF3c&amp;_nc_zt=23&amp;_nc_ht=scontent-bcn1-1.xx&amp;_nc_gid=TyYMyRRbAZphl1FDjnAmjg&amp;oh=00_AfKEVfmzkq8xZ8Ha-9Piwky6BkonzndLeP5CgZQc7gXXqw&amp;oe=68200261\"><strong>cartelu n&#8217;asturianu<\/strong> <\/a>\/<a href=\"https:\/\/scontent-bcn1-1.xx.fbcdn.net\/v\/t51.75761-15\/495538502_18392589325117856_7447962675865479913_n.jpg?_nc_cat=101&amp;ccb=1-7&amp;_nc_sid=127cfc&amp;_nc_ohc=ed7L_iIFUBsQ7kNvwGu4c1l&amp;_nc_oc=AdkwfM7_mrVer3x1m6MbXQsXXYzceEHegIiEhLFOULddWAAorVYHE5mercdhbMBHN80&amp;_nc_zt=23&amp;_nc_ht=scontent-bcn1-1.xx&amp;_nc_gid=M3zwBvo_ujwuxdCc5M2ghw&amp;oh=00_AfJM6DRcoRoQrZGfB-qGxgiIL1q6xttQUXVIEwhCydkc6A&amp;oe=681FF149\"> cartelu n&#8217;eonaviego<\/a> \/<\/li>\n<\/ul>\n<\/div>\n<\/div>\n<div class=\"xu06os2 x1ok221b\">\n<div class=\"html-div xdj266r x11i5rnm xat24cr x1mh8g0r xexx8yu x4uap5 x18d9i69 xkhd6sd x1q0g3np\" style=\"text-align: center\">\n<!-- iframe plugin v.6.0 wordpress.org\/plugins\/iframe\/ -->\n<iframe loading=\"lazy\" src=\"https:\/\/www.facebook.com\/plugins\/video.php?height=314&#038;href=https%3A%2F%2Fwww.facebook.com%2FAcademiadelaLlinguaAsturiana%2Fvideos%2F1711261172931535%2F&#038;show_text=false&#038;width=560&#038;t=0\" width=\"560\" height=\"314\" style=\"border:none;overflow:hidden\" scrolling=\"no\" frameborder=\"0\" allowfullscreen=\"true\" allow=\"autoplay; clipboard-write; encrypted-media; picture-in-picture; web-share\" 0=\"\/iframe\" class=\"iframe-class\"><\/iframe>\n<\/div>\n<div><\/div>\n<\/div>\n<\/div>\n<\/div>\n<\/div>\n<div class=\"html-div xdj266r x11i5rnm xat24cr x1mh8g0r xexx8yu x4uap5 x18d9i69 xkhd6sd\" dir=\"auto\">\n<div class=\"html-div xdj266r x11i5rnm xat24cr x1mh8g0r xexx8yu x4uap5 x18d9i69 xkhd6sd\" dir=\"auto\">\n<div class=\"html-div xdj266r x11i5rnm xat24cr x1mh8g0r xexx8yu x4uap5 x18d9i69 xkhd6sd\" data-ad-rendering-role=\"story_message\">\n<div class=\"x1l90r2v x1iorvi4 x1ye3gou xn6708d\" data-ad-comet-preview=\"message\" data-ad-preview=\"message\">\n<div class=\"x78zum5 xdt5ytf xz62fqu x16ldp7u\">\n<div class=\"xu06os2 x1ok221b\">\n<div class=\"xdj266r x11i5rnm xat24cr x1mh8g0r x1vvkbs x126k92a\">\n<div dir=\"auto\">Acomp\u00e1\u00f1anos <strong>a les 19 hores nel Teatru Campoamor.<\/strong> <span class=\"html-span xexx8yu x4uap5 x18d9i69 xkhd6sd x1hl2dhg x16tdsg8 x1vvkbs x3nfvp2 x1j61x8r x1fcty0u xdj266r xat24cr xgzva0m xhhsvwb xxymvpz xlup9mm x1kky2od\"><img loading=\"lazy\" decoding=\"async\" class=\"xz74otr x168nmei x13lgxp2 x5pf9jr xo71vjh\" src=\"https:\/\/static.xx.fbcdn.net\/images\/emoji.php\/v9\/tcc\/1\/16\/1f3bc.png\" alt=\"\ud83c\udfbc\" width=\"16\" height=\"16\" \/><\/span>La celebraci\u00f3n del actu del <span style=\"color: #008080\"><strong>XLVI D\u00eda de les Lletres Asturianes<\/strong><\/span> va contar col entamu musical de Lorena Corripio, acompa\u00f1ada a la gaita por Vicente Prado \u00abEl Pravianu\u00bb y l\u2019actuaci\u00f3n de la banda de gaites Reina del Tru\u00e9bano, del conceyu de Navia. <span class=\"html-span xexx8yu x4uap5 x18d9i69 xkhd6sd x1hl2dhg x16tdsg8 x1vvkbs x3nfvp2 x1j61x8r x1fcty0u xdj266r xat24cr xgzva0m xhhsvwb xxymvpz xlup9mm x1kky2od\"><img loading=\"lazy\" decoding=\"async\" class=\"xz74otr x168nmei x13lgxp2 x5pf9jr xo71vjh\" src=\"https:\/\/static.xx.fbcdn.net\/images\/emoji.php\/v9\/t30\/1\/16\/1f514.png\" alt=\"\ud83d\udd14\" width=\"16\" height=\"16\" \/> L<\/span><strong>\u2019apertura de puertes ye a les 18:30 h<\/strong> y la entrada ye llibre hasta enllenar l\u2019aforu del teatru. La <span class=\"html-span xdj266r x11i5rnm xat24cr x1mh8g0r xexx8yu x4uap5 x18d9i69 xkhd6sd x1hl2dhg x16tdsg8 x1vvkbs\"><a class=\"x1i10hfl xjbqb8w x1ejq31n xd10rxx x1sy0etr x17r0tee x972fbf xcfux6l x1qhh985 xm0m39n x9f619 x1ypdohk xt0psk2 xe8uvvx xdj266r x11i5rnm xat24cr x1mh8g0r xexx8yu x4uap5 x18d9i69 xkhd6sd x16tdsg8 x1hl2dhg xggy1nq x1a2a7pz xkrqix3 x1sur9pj x1fey0fg x1s688f\" role=\"link\" href=\"https:\/\/www.facebook.com\/RTPAoficial?__cft__[0]=AZVDku28N4Q2SVlYIuO2sJ2A9lTXPb2jyoz5cjpk-7dhAzUB10bPjsyeRRyMuG7JdIjTFPqHyAwaftINSpCIPnjL3cA4NaMSSEM9ISBIYAVwQFbZz2AzuWEmrIAHLIUiXX27DqpSSQwNTnnoZgg_5hpy3mkkFOhdMqLjTM234tkBj6Wmx2bYEuEB-RlyQTOB0GA9xHdXGUurfgjEc6jIl-M2uUnjULGSORjzxt_Z7nHnFHS-GX_qhFmWKln-in_3bqc&amp;__tn__=-]K-R\"><span class=\"xt0psk2\"><span class=\"xjp7ctv\">RTPA<\/span><\/span><\/a><\/span> va encargase de la retresmisi\u00f3n en direuto.\u00a0 <span class=\"html-span xexx8yu x4uap5 x18d9i69 xkhd6sd x1hl2dhg x16tdsg8 x1vvkbs x3nfvp2 x1j61x8r x1fcty0u xdj266r xat24cr xgzva0m xhhsvwb xxymvpz xlup9mm x1kky2od\"><img loading=\"lazy\" decoding=\"async\" class=\"xz74otr x168nmei x13lgxp2 x5pf9jr xo71vjh\" src=\"https:\/\/static.xx.fbcdn.net\/images\/emoji.php\/v9\/t87\/1\/16\/1f4fa.png\" alt=\"\ud83d\udcfa\" width=\"16\" height=\"16\" \/><\/span>\u00a1Nun lo escaezas! Si nun pues venir al Teatru Campoamor, sigui l&#8217;actu, a les 19 h, pela TPA.<\/div>\n<div dir=\"auto\"><!--more--><\/div>\n<div dir=\"auto\" style=\"text-align: center\"><\/div>\n<div dir=\"auto\" style=\"text-align: center\">\n<!-- iframe plugin v.6.0 wordpress.org\/plugins\/iframe\/ -->\n<iframe loading=\"lazy\" src=\"https:\/\/www.facebook.com\/plugins\/post.php?href=https%3A%2F%2Fwww.facebook.com%2Fphoto.php%3Ffbid%3D10236802636910981%26set%3Da.1322044936429%26type%3D3&#038;show_text=false&#038;width=500\" width=\"500\" height=\"600\" style=\"border:none;overflow:hidden\" scrolling=\"no\" frameborder=\"0\" allowfullscreen=\"true\" allow=\"autoplay; clipboard-write; encrypted-media; picture-in-picture; web-share\" 0=\"\/iframe\" class=\"iframe-class\"><\/iframe>\n<\/div>\n<\/div>\n<\/div>\n<\/div>\n<\/div>\n<\/div>\n<\/div>\n<\/div>\n<p>&nbsp;<\/p>\n","protected":false},"excerpt":{"rendered":"<p>Inaciu Gal\u00e1n\u00a0\/ cartelu n&#8217;asturianu \/ cartelu n&#8217;eonaviego \/ Acomp\u00e1\u00f1anos a les 19 hores nel Teatru Campoamor. La celebraci\u00f3n del actu del XLVI D\u00eda de les Lletres Asturianes va contar col entamu musical de Lorena Corripio, acompa\u00f1ada a la gaita por Vicente Prado \u00abEl Pravianu\u00bb y l\u2019actuaci\u00f3n de la banda de gaites Reina del Tru\u00e9bano, del [&hellip;]<\/p>\n","protected":false},"author":117,"featured_media":0,"comment_status":"open","ping_status":"open","sticky":false,"template":"","format":"standard","meta":{"footnotes":""},"categories":[65,6],"tags":[],"class_list":["post-47702","post","type-post","status-publish","format-standard","hentry","category-alla","category-dia-de"],"_links":{"self":[{"href":"https:\/\/edublog.educastur.es\/ixuxu\/wp-json\/wp\/v2\/posts\/47702","targetHints":{"allow":["GET"]}}],"collection":[{"href":"https:\/\/edublog.educastur.es\/ixuxu\/wp-json\/wp\/v2\/posts"}],"about":[{"href":"https:\/\/edublog.educastur.es\/ixuxu\/wp-json\/wp\/v2\/types\/post"}],"author":[{"embeddable":true,"href":"https:\/\/edublog.educastur.es\/ixuxu\/wp-json\/wp\/v2\/users\/117"}],"replies":[{"embeddable":true,"href":"https:\/\/edublog.educastur.es\/ixuxu\/wp-json\/wp\/v2\/comments?post=47702"}],"version-history":[{"count":8,"href":"https:\/\/edublog.educastur.es\/ixuxu\/wp-json\/wp\/v2\/posts\/47702\/revisions"}],"predecessor-version":[{"id":47771,"href":"https:\/\/edublog.educastur.es\/ixuxu\/wp-json\/wp\/v2\/posts\/47702\/revisions\/47771"}],"wp:attachment":[{"href":"https:\/\/edublog.educastur.es\/ixuxu\/wp-json\/wp\/v2\/media?parent=47702"}],"wp:term":[{"taxonomy":"category","embeddable":true,"href":"https:\/\/edublog.educastur.es\/ixuxu\/wp-json\/wp\/v2\/categories?post=47702"},{"taxonomy":"post_tag","embeddable":true,"href":"https:\/\/edublog.educastur.es\/ixuxu\/wp-json\/wp\/v2\/tags?post=47702"}],"curies":[{"name":"wp","href":"https:\/\/api.w.org\/{rel}","templated":true}]}}