{"id":47717,"date":"2025-05-06T17:41:39","date_gmt":"2025-05-06T15:41:39","guid":{"rendered":"https:\/\/edublog.educastur.es\/ixuxu\/?p=47717"},"modified":"2025-05-06T19:02:42","modified_gmt":"2025-05-06T17:02:42","slug":"ruta-de-los-vaqueros-dalzada","status":"publish","type":"post","link":"https:\/\/edublog.educastur.es\/ixuxu\/2025\/05\/ruta-de-los-vaqueros-dalzada\/","title":{"rendered":"Ruta de los Vaqueros d&#8217;Alzada"},"content":{"rendered":"<div class=\"html-div xdj266r x11i5rnm xat24cr x1mh8g0r xexx8yu x1a8lsjc x1swvt13 x1pi30zi\">\n<div class=\"html-div xdj266r x11i5rnm xat24cr x1mh8g0r xexx8yu x4uap5 x18d9i69 xkhd6sd x1jx94hy x78zum5 x1q0g3np\">\n<div class=\"x78zum5 xdt5ytf xz62fqu x16ldp7u\">\n<div class=\"xu06os2 x1ok221b\">\n<div class=\"html-div xdj266r x11i5rnm xat24cr x1mh8g0r xexx8yu x4uap5 x18d9i69 xkhd6sd\" data-ad-rendering-role=\"profile_name\">\n<ul>\n<li class=\"html-h3 x11i5rnm xat24cr x1mh8g0r xexx8yu x4uap5 x18d9i69 xkhd6sd x1vvkbs x1heor9g x1qlqyl8 x1pd3egz x1a2a7pz x1gslohp x1yc453h\"><span class=\"x1lliihq x6ikm8r x10wlt62 x1n2onr6\"><span class=\"xt0psk2\"><a class=\"x1i10hfl xjbqb8w x1ejq31n xd10rxx x1sy0etr x17r0tee x972fbf xcfux6l x1qhh985 xm0m39n x9f619 x1ypdohk xt0psk2 xe8uvvx xdj266r x11i5rnm xat24cr x1mh8g0r xexx8yu x4uap5 x18d9i69 xkhd6sd x16tdsg8 x1hl2dhg xggy1nq x1a2a7pz xkrqix3 x1sur9pj xzsf02u x1s688f\" role=\"link\" href=\"https:\/\/www.facebook.com\/alzadadetorrestio?__cft__[0]=AZWddyFLlahBm6M3DNHbqOQR2T9I_W4VKTSRotkFZC8YhwJx0WAZITK8EGh0rfBpM6O-AQX0GIm_KWfXqrUtxnEp6mCKeDFjz6ig0l7dd57P6EF39OsByNHRKxgLMZVzeMTU01UvKcghmp6Gk_TXgexQScoAFDkj8DoL9v-J8Xtd_Q8-TEmhCyWKprlK_jECMQj1BrrdhtZ28skXOk-LoFLm1d2AqJw60vZnLZteEypEWg&amp;__tn__=-UC%2CP-y-R\"><strong class=\"html-strong xdj266r x11i5rnm xat24cr x1mh8g0r xexx8yu x4uap5 x18d9i69 xkhd6sd x1hl2dhg x16tdsg8 x1vvkbs x1s688f\"><span class=\"html-span xdj266r x11i5rnm xat24cr x1mh8g0r xexx8yu x4uap5 x18d9i69 xkhd6sd x1hl2dhg x16tdsg8 x1vvkbs\">Alzada de Torrest\u00edo<\/span><\/strong><\/a><\/span><\/span>\/ <a href=\"https:\/\/scontent-bcn1-1.xx.fbcdn.net\/v\/t39.30808-6\/494994105_1123086633185668_6840186888744451367_n.jpg?_nc_cat=104&amp;ccb=1-7&amp;_nc_sid=833d8c&amp;_nc_ohc=JrsP0XDiQpIQ7kNvwH6N8ta&amp;_nc_oc=AdnDaogqBscgUvm9UUKmdQEonx5MMD1xCEYSoT4m44fjRuBbjnbD456neCmniVPguN4&amp;_nc_zt=23&amp;_nc_ht=scontent-bcn1-1.xx&amp;_nc_gid=1Pu878n40ADwigpR2i862g&amp;oh=00_AfJXJKOMFDdM7waLM_ilXdEcuk3b_J_bWz9K7ckEJMHUPQ&amp;oe=682019E2\">cartelu<\/a> \/<a href=\"http:\/\/www.vaqueiros.es\"> http:\/\/www.vaqueiros.es<\/a><\/li>\n<\/ul>\n<\/div>\n<\/div>\n<\/div>\n<\/div>\n<\/div>\n<div class=\"html-div xdj266r x11i5rnm xat24cr x1mh8g0r xexx8yu x4uap5 x18d9i69 xkhd6sd\" dir=\"auto\">\n<div class=\"html-div xdj266r x11i5rnm xat24cr x1mh8g0r xexx8yu x4uap5 x18d9i69 xkhd6sd\" dir=\"auto\">\n<div class=\"html-div xdj266r x11i5rnm xat24cr x1mh8g0r xexx8yu x4uap5 x18d9i69 xkhd6sd\" data-ad-rendering-role=\"story_message\">\n<div class=\"x1l90r2v x1iorvi4 x1ye3gou xn6708d\" data-ad-comet-preview=\"message\" data-ad-preview=\"message\">\n<div class=\"x78zum5 xdt5ytf xz62fqu x16ldp7u\">\n<div class=\"xu06os2 x1ok221b\">\n<div class=\"xdj266r x11i5rnm xat24cr x1mh8g0r x1vvkbs x126k92a\">\n<div dir=\"auto\">Los vaqueros de Goz\u00f3n y\u00e1 abrieron el plazu para inscribise na<strong> Ruta de los Vaqueros d&#8217;Alzada<\/strong> que se va celebrar el pr\u00f3ximu d\u00eda 17 de mayu y que va escurrir ente l&#8217;antigua bra\u00f1a d&#8217;iviernu de Les Caba\u00f1es (Verdicio) y San Jorge d&#8217;Eres. L&#8217;activid\u00e1 va cuntar con serviciu d&#8217;autob\u00fas totalmente gratuitu.<\/div>\n<div dir=\"auto\"><\/div>\n<div dir=\"auto\" style=\"text-align: center\">\n<!-- iframe plugin v.6.0 wordpress.org\/plugins\/iframe\/ -->\n<iframe loading=\"lazy\" src=\"https:\/\/www.facebook.com\/plugins\/post.php?href=https%3A%2F%2Fwww.facebook.com%2Falzadadetorrestio%2Fposts%2Fpfbid02Wov6c9F8SNPRCBooE9KgUxRrj1CbphUC42Axmt6fE6Xsh5MnULsaqCdGz6tkYiidl&#038;show_text=false&#038;width=500\" width=\"500\" height=\"498\" style=\"border:none;overflow:hidden\" scrolling=\"no\" frameborder=\"0\" allowfullscreen=\"true\" allow=\"autoplay; clipboard-write; encrypted-media; picture-in-picture; web-share\" 0=\"\/iframe\" class=\"iframe-class\"><\/iframe>\n<\/div>\n<div dir=\"auto\"><\/div>\n<div dir=\"auto\"><em>Los vaqueiros d&#8217;alzada d&#8217;Asturies constit\u00fain un grupu humanu asturianu de fondos raiga\u00f1os y costumes ancestrales que los sos or\u00edxenes ent\u00e1 son motivu d&#8217;estudios. Los vaqueiros d&#8217;alzada fueron y son los verdaderos guardianes del para\u00edsu natural que ye g\u00fcei Asturies. La so activid\u00e1 ganadera y les amplies camperes polos que transitaron mientres sieglos na alzada contrib\u00fain a caltener intacta una naturaleza que g\u00fcei ye&#8217;l mayor patrimoniu de los asturianos. <a href=\"http:\/\/www.vaqueiros.es\">http:\/\/www.vaqueiros.es<\/a><\/em><\/div>\n<\/div>\n<\/div>\n<\/div>\n<\/div>\n<\/div>\n<\/div>\n<\/div>\n","protected":false},"excerpt":{"rendered":"<p>Alzada de Torrest\u00edo\/ cartelu \/ http:\/\/www.vaqueiros.es Los vaqueros de Goz\u00f3n y\u00e1 abrieron el plazu para inscribise na Ruta de los Vaqueros d&#8217;Alzada que se va celebrar el pr\u00f3ximu d\u00eda 17 de mayu y que va escurrir ente l&#8217;antigua bra\u00f1a d&#8217;iviernu de Les Caba\u00f1es (Verdicio) y San Jorge d&#8217;Eres. L&#8217;activid\u00e1 va cuntar con serviciu d&#8217;autob\u00fas totalmente [&hellip;]<\/p>\n","protected":false},"author":117,"featured_media":0,"comment_status":"open","ping_status":"open","sticky":false,"template":"","format":"standard","meta":{"footnotes":""},"categories":[1],"tags":[],"class_list":["post-47717","post","type-post","status-publish","format-standard","hentry","category-sin-categoria"],"_links":{"self":[{"href":"https:\/\/edublog.educastur.es\/ixuxu\/wp-json\/wp\/v2\/posts\/47717","targetHints":{"allow":["GET"]}}],"collection":[{"href":"https:\/\/edublog.educastur.es\/ixuxu\/wp-json\/wp\/v2\/posts"}],"about":[{"href":"https:\/\/edublog.educastur.es\/ixuxu\/wp-json\/wp\/v2\/types\/post"}],"author":[{"embeddable":true,"href":"https:\/\/edublog.educastur.es\/ixuxu\/wp-json\/wp\/v2\/users\/117"}],"replies":[{"embeddable":true,"href":"https:\/\/edublog.educastur.es\/ixuxu\/wp-json\/wp\/v2\/comments?post=47717"}],"version-history":[{"count":3,"href":"https:\/\/edublog.educastur.es\/ixuxu\/wp-json\/wp\/v2\/posts\/47717\/revisions"}],"predecessor-version":[{"id":47720,"href":"https:\/\/edublog.educastur.es\/ixuxu\/wp-json\/wp\/v2\/posts\/47717\/revisions\/47720"}],"wp:attachment":[{"href":"https:\/\/edublog.educastur.es\/ixuxu\/wp-json\/wp\/v2\/media?parent=47717"}],"wp:term":[{"taxonomy":"category","embeddable":true,"href":"https:\/\/edublog.educastur.es\/ixuxu\/wp-json\/wp\/v2\/categories?post=47717"},{"taxonomy":"post_tag","embeddable":true,"href":"https:\/\/edublog.educastur.es\/ixuxu\/wp-json\/wp\/v2\/tags?post=47717"}],"curies":[{"name":"wp","href":"https:\/\/api.w.org\/{rel}","templated":true}]}}