{"id":47739,"date":"2025-05-06T19:44:03","date_gmt":"2025-05-06T17:44:03","guid":{"rendered":"https:\/\/edublog.educastur.es\/ixuxu\/?p=47739"},"modified":"2025-05-07T21:25:28","modified_gmt":"2025-05-07T19:25:28","slug":"asturies-destierra-les-tablets-y-ordenadores-en-primaria","status":"publish","type":"post","link":"https:\/\/edublog.educastur.es\/ixuxu\/2025\/05\/asturies-destierra-les-tablets-y-ordenadores-en-primaria\/","title":{"rendered":"Asturies destierra les tablets y ordenadores en Primaria"},"content":{"rendered":"<ul>\n<li>Fonte: <a href=\"https:\/\/www.elcomercio.es\/asturias\/asturias-prohibe-ordenadores-individuales-primaria-20250506160052-nt.html\">El Comercio<\/a> \/ <a href=\"https:\/\/www.lne.es\/asturias\/2025\/05\/06\/principado-reacciona-polemica-tablets-colegios-117101815.html\">LNE<\/a> \/<a href=\"https:\/\/actualidad.asturias.es\/-\/educaci%C3%B3n-regular%C3%A1-el-uso-de-recursos-digitales-en-las-aulas-y-ampliar%C3%A1-el-servicio-de-comedor-escolar-a-septiembre-y-junio-el-pr%C3%B3ximo-curso?redirect=%2F\"> Actualid\u00e1 Asturies<\/a> \/<\/li>\n<\/ul>\n<p>Asturies destierra les tablets y ordenadores en Primaria. La regulaci\u00f3n que va faer el Princip\u00e1u topeta colos proyectos educativos de la cocertada y fixa como <strong>\u00abcomplementarios\u00bb los dispositivos dixitales.<\/strong><\/p>\n<p style=\"text-align: center\"><a href=\"https:\/\/s3.ppllstatics.com\/elcomercio\/www\/multimedia\/2025\/05\/06\/chrombook-colegio-RlVPQDwVnTP8DR961Gw3PfK-1200x840@El%20Comercio.jpg\"><img loading=\"lazy\" decoding=\"async\" class=\"aligncenter size-large\" src=\"https:\/\/s3.ppllstatics.com\/elcomercio\/www\/multimedia\/2025\/05\/06\/chrombook-colegio-RlVPQDwVnTP8DR961Gw3PfK-1200x840@El%20Comercio.jpg\" width=\"1200\" height=\"840\" \/><\/a><\/p>\n<p><!--more--><\/p>\n<p>El Princip\u00e1u reacciona \u00e9nte&#8217;l discutiniu de les tablets nos colexos: asina va llindar el so usu. Asturies va regular la situaci\u00f3n pa caltener la preponderancia de los medios anal\u00f3xicos en Primaria y <strong>que los recursos dixitales s\u00edan puramente complementarios. <\/strong>Esta normativa topetar\u00eda colos planes d&#8217;inmersi\u00f3n dixital de dellos grandes centros concertaos de la rex\u00f3n.<\/p>\n<p style=\"text-align: center\"><a href=\"https:\/\/estaticos-cdn.prensaiberica.es\/clip\/3f1468ba-68bb-4c08-982e-298bbfe248d3_16-9-discover-aspect-ratio_default_0.webp\"><img loading=\"lazy\" decoding=\"async\" class=\"aligncenter size-large\" src=\"https:\/\/estaticos-cdn.prensaiberica.es\/clip\/3f1468ba-68bb-4c08-982e-298bbfe248d3_16-9-discover-aspect-ratio_default_0.webp\" width=\"1200\" height=\"675\" \/><\/a><\/p>\n<p>La Conseyer\u00eda d&#8217;Educaci\u00f3n va regular l&#8217;usu de recursos dixitales nes aules el pr\u00f3ximu cursu de manera que<strong> n&#8217;Infantil van utilizase solu medios anal\u00f3xicos y los dispositivos tecnol\u00f3xicos dir\u00e1n introduci\u00e9ndose de forma progresiva y complementaria nes etapes cimeres.<\/strong><\/p>\n<p>Asina informaron dende&#8217;l Princip\u00e1u tres delles selmanes d&#8217;intensu alderique y rebeli\u00f3n d&#8217;un grupu de padres en dellos colexos concertaos de la rex\u00f3n \u00e9nte los planes de dellos centros d&#8217;imponer un sistema que, de facto, obliga al usu d&#8217;una tablet per cada alumnu.<\/p>\n<p>El borrador de resolvimientu que peracaba Educaci\u00f3n solo salva de la regulaci\u00f3n a les modalidaes d&#8217;ense\u00f1anza a distancia, venceyaes fundamentalmente a la Formaci\u00f3n Profesional (FP), y <strong>nes qu&#8217;estos dispositivos constit\u00fain la \u00fanica canal para l&#8217;aprendizaxe.<\/strong><\/p>\n<ul>\n<li><strong>Nel primer ciclu d&#8217;Infantil (0 a 3 a\u00f1os)<\/strong>, van utilizase puramente recursos anal\u00f3xicos y manipulativos.<\/li>\n<li><strong>Nel segundu ciclu (3 a 6 a\u00f1os)<\/strong> van introducise de forma progresiva los recursos dixitales para un usu colectivu, en funci\u00f3n de la ed\u00e1 del alumn\u00e1u y siempres cola supervisi\u00f3n directa del profesor\u00e1u.<\/li>\n<li>La propuesta na que trabaya la conseyer\u00eda establez que, <strong>en Primaria<\/strong>, los recursos en papel o anal\u00f3xicos van ser prioritarios y que les tecnolox\u00edes dixitales van utilizase como m\u00e9todu complementariu, para actividaes concretes na aula y so la gu\u00eda del docente. S\u00eda que non, esti usu tien de quedar recoy\u00edu nel plan dixital de cada centru y hai d&#8217;afaese a les distintes edaes del alumn\u00e1u.<\/li>\n<li>L&#8217;aplicaci\u00f3n va ser m\u00e1s amplia en <strong>Secundaria y FP.<\/strong> Nestes etapes, les tecnolox\u00edes dixitales van ser una ferramienta did\u00e1ctico complementaria a los recursos anal\u00f3xicos, qu&#8217;en neng\u00fan casu van poder ser resalvaos nin sustituy\u00edos de forma mayoritaria nel plan dixital de cada centru. Nel restu d&#8217;ense\u00f1ances, va harmonizase l&#8217;usu de too tipu de recursos.<\/li>\n<\/ul>\n<p>&nbsp;<\/p>\n<p>Les instrucciones van ser d&#8217;oblig\u00e1u cumplimientu a partir del 1 de setiembre de 2025, magar se va establecer un periodu transitoriu d&#8217;un cursu completu para aquellos centros que puedan vese afectaos pol camb\u00e9u del so plan de *digitalizaci\u00f3n.<\/p>\n<p>&nbsp;<\/p>\n","protected":false},"excerpt":{"rendered":"<p>Fonte: El Comercio \/ LNE \/ Actualid\u00e1 Asturies \/ Asturies destierra les tablets y ordenadores en Primaria. La regulaci\u00f3n que va faer el Princip\u00e1u topeta colos proyectos educativos de la cocertada y fixa como \u00abcomplementarios\u00bb los dispositivos dixitales.<\/p>\n","protected":false},"author":117,"featured_media":0,"comment_status":"open","ping_status":"open","sticky":false,"template":"","format":"standard","meta":{"footnotes":""},"categories":[132],"tags":[],"class_list":["post-47739","post","type-post","status-publish","format-standard","hentry","category-educastur"],"_links":{"self":[{"href":"https:\/\/edublog.educastur.es\/ixuxu\/wp-json\/wp\/v2\/posts\/47739","targetHints":{"allow":["GET"]}}],"collection":[{"href":"https:\/\/edublog.educastur.es\/ixuxu\/wp-json\/wp\/v2\/posts"}],"about":[{"href":"https:\/\/edublog.educastur.es\/ixuxu\/wp-json\/wp\/v2\/types\/post"}],"author":[{"embeddable":true,"href":"https:\/\/edublog.educastur.es\/ixuxu\/wp-json\/wp\/v2\/users\/117"}],"replies":[{"embeddable":true,"href":"https:\/\/edublog.educastur.es\/ixuxu\/wp-json\/wp\/v2\/comments?post=47739"}],"version-history":[{"count":5,"href":"https:\/\/edublog.educastur.es\/ixuxu\/wp-json\/wp\/v2\/posts\/47739\/revisions"}],"predecessor-version":[{"id":47765,"href":"https:\/\/edublog.educastur.es\/ixuxu\/wp-json\/wp\/v2\/posts\/47739\/revisions\/47765"}],"wp:attachment":[{"href":"https:\/\/edublog.educastur.es\/ixuxu\/wp-json\/wp\/v2\/media?parent=47739"}],"wp:term":[{"taxonomy":"category","embeddable":true,"href":"https:\/\/edublog.educastur.es\/ixuxu\/wp-json\/wp\/v2\/categories?post=47739"},{"taxonomy":"post_tag","embeddable":true,"href":"https:\/\/edublog.educastur.es\/ixuxu\/wp-json\/wp\/v2\/tags?post=47739"}],"curies":[{"name":"wp","href":"https:\/\/api.w.org\/{rel}","templated":true}]}}