{"id":47759,"date":"2025-05-07T08:19:03","date_gmt":"2025-05-07T06:19:03","guid":{"rendered":"https:\/\/edublog.educastur.es\/ixuxu\/?p=47759"},"modified":"2025-05-07T11:38:51","modified_gmt":"2025-05-07T09:38:51","slug":"tiempu-nasturies-el-comercio-9","status":"publish","type":"post","link":"https:\/\/edublog.educastur.es\/ixuxu\/2025\/05\/tiempu-nasturies-el-comercio-9\/","title":{"rendered":"Tiempu n&#8217;Asturies (El Comercio)"},"content":{"rendered":"<p style=\"text-align: center\"><a href=\"https:\/\/s3.ppllstatics.com\/elcomercio\/www\/multimedia\/2025\/05\/06\/prevision-tiempo-asturias-kmvF-U2301404163085IHH-1800x840@El%20Comercio.jpg\"><img loading=\"lazy\" decoding=\"async\" class=\"aligncenter size-large\" src=\"https:\/\/s3.ppllstatics.com\/elcomercio\/www\/multimedia\/2025\/05\/06\/prevision-tiempo-asturias-kmvF-U2301404163085IHH-1800x840@El%20Comercio.jpg\" width=\"1800\" height=\"837\" \/><\/a><\/p>\n<ul>\n<li><strong>Esperamos una xornada soleyera pela ma\u00f1ana en pr\u00e1cticamente tol Princip\u00e1u d&#8217;Asturies.<\/strong><\/li>\n<li>A lo llargo de la tarde va apaecer nubosid\u00e1 d&#8217;evoluci\u00f3n nel cordal que, anque nun va llegar a afectar a tola rex\u00f3n, s\u00ed siquier va estendese pola met\u00e1 sur asturiana. Estes nubes, anque va ser dif\u00edcil, nun se refuga que puedan dexar dalguna precipitaci\u00f3n d\u00e9bil y aisllao (especialmente nel cordal).<\/li>\n<li><strong> Los vientos<\/strong> van ser fluexos nel interior, y moderaos de nordeste na mari\u00f1a pudiendo algamar los 50 km\/h.<\/li>\n<li><strong>Les temperatures m\u00e1ximes<\/strong> van xubir ente 2 y 3 \u00baC de forma xeneralizada, anque nun se refuga que puedan xubir daqu\u00e9 m\u00e1s nel cordal oriental y l&#8217;estremu m\u00e1s occidental. <strong>Les m\u00ednimes<\/strong> van sufrir descensos llixeros y locales.<\/li>\n<\/ul>\n<p><strong><!--more--><\/strong><\/p>\n<ul>\n<li><strong>El xueves<\/strong> volveremos tener una ma\u00f1ana soleyera anque, a primeres hores nun se refuguen delles borrines ma\u00f1aneres nes zones m\u00e1s habituales pero que r\u00e1pido van sumir.<\/li>\n<li><strong>De cara a la segunda met\u00e1 del d\u00eda<\/strong> la nubosidad d&#8217;evoluci\u00f3n va dir aumentando y podr\u00eda llegar a cubrir tola Comunid\u00e1 Aut\u00f3noma. Prevense bastios nel cordal y otres zones del sur.<\/li>\n<li><strong>Les temperatures m\u00e1ximes<\/strong> van ser bien similares a les del martes, y<strong> les m\u00ednimes<\/strong> van xubir. Los vientos volver\u00e1n soplar de nordeste, sobremanera a partir del mediud\u00eda.<\/li>\n<\/ul>\n<p>&nbsp;<\/p>\n<p>&nbsp;<\/p>\n","protected":false},"excerpt":{"rendered":"<p>Esperamos una xornada soleyera pela ma\u00f1ana en pr\u00e1cticamente tol Princip\u00e1u d&#8217;Asturies. A lo llargo de la tarde va apaecer nubosid\u00e1 d&#8217;evoluci\u00f3n nel cordal que, anque nun va llegar a afectar a tola rex\u00f3n, s\u00ed siquier va estendese pola met\u00e1 sur asturiana. Estes nubes, anque va ser dif\u00edcil, nun se refuga que puedan dexar dalguna precipitaci\u00f3n [&hellip;]<\/p>\n","protected":false},"author":117,"featured_media":0,"comment_status":"open","ping_status":"open","sticky":false,"template":"","format":"standard","meta":{"footnotes":""},"categories":[5],"tags":[],"class_list":["post-47759","post","type-post","status-publish","format-standard","hentry","category-tiempu"],"_links":{"self":[{"href":"https:\/\/edublog.educastur.es\/ixuxu\/wp-json\/wp\/v2\/posts\/47759","targetHints":{"allow":["GET"]}}],"collection":[{"href":"https:\/\/edublog.educastur.es\/ixuxu\/wp-json\/wp\/v2\/posts"}],"about":[{"href":"https:\/\/edublog.educastur.es\/ixuxu\/wp-json\/wp\/v2\/types\/post"}],"author":[{"embeddable":true,"href":"https:\/\/edublog.educastur.es\/ixuxu\/wp-json\/wp\/v2\/users\/117"}],"replies":[{"embeddable":true,"href":"https:\/\/edublog.educastur.es\/ixuxu\/wp-json\/wp\/v2\/comments?post=47759"}],"version-history":[{"count":1,"href":"https:\/\/edublog.educastur.es\/ixuxu\/wp-json\/wp\/v2\/posts\/47759\/revisions"}],"predecessor-version":[{"id":47760,"href":"https:\/\/edublog.educastur.es\/ixuxu\/wp-json\/wp\/v2\/posts\/47759\/revisions\/47760"}],"wp:attachment":[{"href":"https:\/\/edublog.educastur.es\/ixuxu\/wp-json\/wp\/v2\/media?parent=47759"}],"wp:term":[{"taxonomy":"category","embeddable":true,"href":"https:\/\/edublog.educastur.es\/ixuxu\/wp-json\/wp\/v2\/categories?post=47759"},{"taxonomy":"post_tag","embeddable":true,"href":"https:\/\/edublog.educastur.es\/ixuxu\/wp-json\/wp\/v2\/tags?post=47759"}],"curies":[{"name":"wp","href":"https:\/\/api.w.org\/{rel}","templated":true}]}}