{"id":47780,"date":"2025-05-07T10:30:44","date_gmt":"2025-05-07T08:30:44","guid":{"rendered":"https:\/\/edublog.educastur.es\/ixuxu\/?p=47780"},"modified":"2025-05-07T10:34:30","modified_gmt":"2025-05-07T08:34:30","slug":"los-fayeos-de-mayo-del-grupu-felpeyu","status":"publish","type":"post","link":"https:\/\/edublog.educastur.es\/ixuxu\/2025\/05\/los-fayeos-de-mayo-del-grupu-felpeyu\/","title":{"rendered":"\u00abLos fayeos de mayo\u00bb del grupu Felpeyu"},"content":{"rendered":"<p style=\"text-align: center\">\n<!-- iframe plugin v.6.0 wordpress.org\/plugins\/iframe\/ -->\n<iframe loading=\"lazy\" width=\"511\" height=\"383\" src=\"https:\/\/www.youtube.com\/embed\/e0xVS4-VAnI\" title=\"Los Fayeos de Mayo - Felpeyu\" frameborder=\"0\" allow=\"accelerometer; autoplay; clipboard-write; encrypted-media; gyroscope; picture-in-picture; web-share\" referrerpolicy=\"strict-origin-when-cross-origin\" 0=\"allowfullscreen\" 1=\"\/iframe\" scrolling=\"yes\" class=\"iframe-class\"><\/iframe>\n<\/p>\n<ul>\n<li><span style=\"color: #008080\"><strong>Grupu Felpeyu:<\/strong><\/span> <a href=\"https:\/\/felpeyu.com\/\">web<\/a> \/<\/li>\n<\/ul>\n<p><!--more--><\/p>\n<p style=\"text-align: center\"><a href=\"https:\/\/felpeyu.com\/wp-content\/uploads\/2017\/05\/semeya-portada-1.jpg.webp\"><img loading=\"lazy\" decoding=\"async\" class=\"aligncenter size-large\" src=\"https:\/\/felpeyu.com\/wp-content\/uploads\/2017\/05\/semeya-portada-1.jpg.webp\" width=\"1871\" height=\"835\" \/><\/a><\/p>\n<p>&nbsp;<\/p>\n<p>Les lluces de la ciud\u00e1 ll\u00edndienme cabo la mar hasta la playa balera onde&#8217;l carb\u00f3n y l&#8217;arena s&#8217;abracen una vez m\u00e1s. El presente queda atr\u00e1s, presu del atapecer. Pasen sieglos nun momentu, y oigo como nun llamentu la voz de la soled\u00e1. Andarina, vienes tarde, andarina, vienes tarde, vistida de sol y orbayu, traes oro y plata traes a los fayeos de mayo. Pente \u00f1ubes de rob\u00edn, siento l&#8217;alma mineral, trabayada en desenga\u00f1os, apagada como&#8217;l faro d&#8217;una mar d&#8217;escoria gris. Fatig\u00e1u del cam\u00edn, engurri\u00e1u pol bramar d&#8217;innumerables hibiernos, sua\u00f1o los d\u00edes eternos, espierto en nueches sin fin. Andarina, vienes tarde, andarina, vienes tarde, esllumando como&#8217;l rayu, risca l&#8217;alba d&#8217;esmeralda pelos fayeos de mayo. Pente calles de cristal, trona&#8217;l cantu del nord\u00e9s con palabres de poeta, evoc\u00e1ndome una idea, tresport\u00e1ndome al llugar &#8230; &#8230; onde \u00f1aguo por volver, ente los montes del sur, onde vuela&#8217;l sitiu m\u00edu, onde too tien sent\u00edu, onde soi quien quiero ser. Andarina, vienes tarde, andarina, vienes tarde, endolquiada del to cantu. Y\u00e1 relluma la rosada pelos fayeos de mayo. Cu\u00e1ntes promeses traxeras con aquella primavera y marcharon col verano. Llev\u00f3me la vida entera regresar a la to vera y a los fayeos de mayo. Andarina, vienes tarde, andarina, vienes tarde, vistida de sol y orbayu. Y\u00e1 ye tiempu que descanse so los fayeos de mayo. Andarina, vienes tarde, andarina, vienes tarde, esllumando como&#8217;l rayu. Risca l&#8217;alba d&#8217;esmeralda pelos fayeos de mayo.<\/p>\n<p style=\"text-align: center\"><a href=\"https:\/\/felpeyu.com\/wp-content\/uploads\/2017\/05\/tira-grupu-1-768x256.jpg\"><img loading=\"lazy\" decoding=\"async\" class=\"aligncenter size-large\" src=\"https:\/\/felpeyu.com\/wp-content\/uploads\/2017\/05\/tira-grupu-1-768x256.jpg\" width=\"768\" height=\"256\" \/><\/a><\/p>\n<p>(Castellano) Las luces de la ciudad me gu\u00edan junto a la mar hasta la playa vac\u00eda donde el carb\u00f3n y la arena se abrazan una vez m\u00e1s. El presente queda atr\u00e1s preso del atardecer. Pasan siglos en un momento, y oigo como en un lamento la voz de la soledad. Golondrina, vienes tarde golondrina, vienes tarde vestida de sol y llovizna traes oro y plata traes a los hayedos de mayo. Por entre nubes de rub\u00ed siento el alma mineral trabajada en desenga\u00f1os apagada como el faro de una mar de escoria gris. Fatigado del camino envejecido por el bramar de innumerables inviernos sue\u00f1o los d\u00edas eternos despierto en noches sin fin. Golondrina, vienes tarde, golondrina, vienes tarde, deslumbrando como el rayo apunta el alba de esmeralda por los hayedos de mayo. Por entre calles de cristal truena el canto del nordeste con palabras de poeta evoc\u00e1ndome una idea transportandome al lugar&#8230; donde ans\u00edo volver entre los montes del sur donde vuela el sitio m\u00edo donde todo tiene sentido donde soy quien quiero ser. Golondrina, vienes tarde, golondrina, vienes tarde envuelta en tu canto. Ya resplandece el roc\u00edo por los hayedos de mayo. Cu\u00e1ntas promesas hab\u00edas tra\u00eddo con aquella primavera y se fueron con el verano. Me llev\u00f3 toda la vida regresar a tu lado y a los hayedos de mayo. Golondrina, vienes tarde golondrina, vienes tarde, vestida de sol y llovizna. Ya es hora de que descanse bajo los hayedos de mayo. Golondrina, vienes tarde, golondrina, vienes tarde, deslumbrando como el rayo. Apunta el alba de esmeralda por los hayedos de mayo.<\/p>\n","protected":false},"excerpt":{"rendered":"<p>Grupu Felpeyu: web \/<\/p>\n","protected":false},"author":117,"featured_media":0,"comment_status":"open","ping_status":"open","sticky":false,"template":"","format":"standard","meta":{"footnotes":""},"categories":[35,1],"tags":[],"class_list":["post-47780","post","type-post","status-publish","format-standard","hentry","category-musica","category-sin-categoria"],"_links":{"self":[{"href":"https:\/\/edublog.educastur.es\/ixuxu\/wp-json\/wp\/v2\/posts\/47780","targetHints":{"allow":["GET"]}}],"collection":[{"href":"https:\/\/edublog.educastur.es\/ixuxu\/wp-json\/wp\/v2\/posts"}],"about":[{"href":"https:\/\/edublog.educastur.es\/ixuxu\/wp-json\/wp\/v2\/types\/post"}],"author":[{"embeddable":true,"href":"https:\/\/edublog.educastur.es\/ixuxu\/wp-json\/wp\/v2\/users\/117"}],"replies":[{"embeddable":true,"href":"https:\/\/edublog.educastur.es\/ixuxu\/wp-json\/wp\/v2\/comments?post=47780"}],"version-history":[{"count":5,"href":"https:\/\/edublog.educastur.es\/ixuxu\/wp-json\/wp\/v2\/posts\/47780\/revisions"}],"predecessor-version":[{"id":47785,"href":"https:\/\/edublog.educastur.es\/ixuxu\/wp-json\/wp\/v2\/posts\/47780\/revisions\/47785"}],"wp:attachment":[{"href":"https:\/\/edublog.educastur.es\/ixuxu\/wp-json\/wp\/v2\/media?parent=47780"}],"wp:term":[{"taxonomy":"category","embeddable":true,"href":"https:\/\/edublog.educastur.es\/ixuxu\/wp-json\/wp\/v2\/categories?post=47780"},{"taxonomy":"post_tag","embeddable":true,"href":"https:\/\/edublog.educastur.es\/ixuxu\/wp-json\/wp\/v2\/tags?post=47780"}],"curies":[{"name":"wp","href":"https:\/\/api.w.org\/{rel}","templated":true}]}}