{"id":47787,"date":"2025-05-07T11:55:39","date_gmt":"2025-05-07T09:55:39","guid":{"rendered":"https:\/\/edublog.educastur.es\/ixuxu\/?p=47787"},"modified":"2025-05-07T11:56:37","modified_gmt":"2025-05-07T09:56:37","slug":"noveda-lo-verdadero-poemariu-de-lurdes-alvarez","status":"publish","type":"post","link":"https:\/\/edublog.educastur.es\/ixuxu\/2025\/05\/noveda-lo-verdadero-poemariu-de-lurdes-alvarez\/","title":{"rendered":"Noved\u00e1: \u00abLo verdadero\u00bb poemariu de Lurdes \u00c1lvarez"},"content":{"rendered":"<ul>\n<li><span style=\"color: #008080\">\u00abLo verdadero\u00bb<\/span> \/\u00a0<strong>Lurdes \u00c1lvarez \/ <\/strong><label>ISBN:<\/label>\u00a0<span class=\"editable\">978-84-10345-45-4 \/ <\/span><strong>Edici\u00f3n:<\/strong> Primera \/\u00a0<strong>P\u00e1xines:<\/strong> 64 \/\u00a0 <strong>Fecha de publicaci\u00f3n:<\/strong> 05\/05\/2025 \/\u00a0<strong>Formatu:<\/strong> 14 x 21 cm \/\u00a0<strong>Idioma:<\/strong> Asturianu \/ 15,00 \u20ac Impuestos inclu\u00edos \/E<label>ditorial:<\/label>\u00a0<a title=\"Ediciones Trabe\" href=\"https:\/\/tienda.trabe.org\/as\/2_ediciones-trabe\"><span class=\"editable\">Ediciones Trabe<\/span><\/a><\/li>\n<\/ul>\n<div id=\"short_description_block\">\n<div id=\"short_description_content\" class=\"rte align_justify\">\n<p>Poemariu de trazu marc\u00e1u, d\u2019apariencia esperimental y vocaci\u00f3n metaf\u00f3rica,\u00a0<strong><em>Lo verdadero<\/em><\/strong> ye un exerciciu mestizu de culturalismu y poes\u00eda de tresmisi\u00f3n oral, trescal\u00e1u delles veces de musicalid\u00e1 d\u2019estirpe popular, p\u2019amatagar \u00ablo inevitable de la vida el dolor \/ de la muerte\u00bb. <a href=\"https:\/\/www.facebook.com\/lurdes.alvarez.566\"><strong>Lurdes \u00c1lvarez<\/strong><\/a><\/p>\n<p style=\"text-align: center\"><a href=\"https:\/\/tienda.trabe.org\/1321-large_default\/lo-verdadero.jpg\"><img loading=\"lazy\" decoding=\"async\" class=\"aligncenter size-large\" src=\"https:\/\/tienda.trabe.org\/1321-large_default\/lo-verdadero.jpg\" width=\"418\" height=\"467\" \/><\/a><\/p>\n<p><!--more--><\/p>\n<p>Lourdes \u00c1lvarez (La G\u00fceria d\u2019Urbi\u00e9s, Mieres, 1961) ye una de les voces po\u00e9tiques m\u00e1s singular y reconocida, reconocible tami\u00e9n, de les lletres asturianes. Tien ganao dellos de los premios de m\u00e1s prestixu n\u2019Asturies, el \u00abTeodoro Cuesta\u00bb de Poes\u00eda nos a\u00f1os 1992 y 1994, el de la Cr\u00edtica d\u2019Asturies nes convocatories del 2006 y 2019 y el Premiu Nacional de Lliteratura Asturiana nel 2023, na so tercer edici\u00f3n.<\/p>\n<p>Depu\u00e9s de reunir la poes\u00eda de so en\u00a0<em>Coles se\u00f1es del agua<\/em>\u00a0(2023), Lourdes \u00c1lvarez ufi\u00e9rtanos esta entrega nueva como quien ufre\u2019l \u00abc\u00e1lice de la vida\u00bb y a beber d\u2019\u00e9l s\u2019entrega. Poemariu de trazu marc\u00e1u, d\u2019apariencia esperimental y vocaci\u00f3n metaf\u00f3rica,\u00a0<strong><em>Lo verdadero<\/em><\/strong>\u00a0ye un exerciciu mestizu de culturalismu y poes\u00eda de tresmisi\u00f3n oral, trescal\u00e1u delles veces de musicalid\u00e1 d\u2019estirpe popular, p\u2019amatagar \u00ablo inevitable de la vida el dolor \/ de la muerte\u00bb.<\/p>\n<\/div>\n<\/div>\n<p>&nbsp;<\/p>\n<p>&nbsp;<\/p>\n","protected":false},"excerpt":{"rendered":"<p>\u00abLo verdadero\u00bb \/\u00a0Lurdes \u00c1lvarez \/ ISBN:\u00a0978-84-10345-45-4 \/ Edici\u00f3n: Primera \/\u00a0P\u00e1xines: 64 \/\u00a0 Fecha de publicaci\u00f3n: 05\/05\/2025 \/\u00a0Formatu: 14 x 21 cm \/\u00a0Idioma: Asturianu \/ 15,00 \u20ac Impuestos inclu\u00edos \/Editorial:\u00a0Ediciones Trabe Poemariu de trazu marc\u00e1u, d\u2019apariencia esperimental y vocaci\u00f3n metaf\u00f3rica,\u00a0Lo verdadero ye un exerciciu mestizu de culturalismu y poes\u00eda de tresmisi\u00f3n oral, trescal\u00e1u delles veces de [&hellip;]<\/p>\n","protected":false},"author":117,"featured_media":0,"comment_status":"open","ping_status":"open","sticky":false,"template":"","format":"standard","meta":{"footnotes":""},"categories":[9,13,39],"tags":[],"class_list":["post-47787","post","type-post","status-publish","format-standard","hentry","category-libros-adultos","category-novedaes","category-poesia"],"_links":{"self":[{"href":"https:\/\/edublog.educastur.es\/ixuxu\/wp-json\/wp\/v2\/posts\/47787","targetHints":{"allow":["GET"]}}],"collection":[{"href":"https:\/\/edublog.educastur.es\/ixuxu\/wp-json\/wp\/v2\/posts"}],"about":[{"href":"https:\/\/edublog.educastur.es\/ixuxu\/wp-json\/wp\/v2\/types\/post"}],"author":[{"embeddable":true,"href":"https:\/\/edublog.educastur.es\/ixuxu\/wp-json\/wp\/v2\/users\/117"}],"replies":[{"embeddable":true,"href":"https:\/\/edublog.educastur.es\/ixuxu\/wp-json\/wp\/v2\/comments?post=47787"}],"version-history":[{"count":1,"href":"https:\/\/edublog.educastur.es\/ixuxu\/wp-json\/wp\/v2\/posts\/47787\/revisions"}],"predecessor-version":[{"id":47788,"href":"https:\/\/edublog.educastur.es\/ixuxu\/wp-json\/wp\/v2\/posts\/47787\/revisions\/47788"}],"wp:attachment":[{"href":"https:\/\/edublog.educastur.es\/ixuxu\/wp-json\/wp\/v2\/media?parent=47787"}],"wp:term":[{"taxonomy":"category","embeddable":true,"href":"https:\/\/edublog.educastur.es\/ixuxu\/wp-json\/wp\/v2\/categories?post=47787"},{"taxonomy":"post_tag","embeddable":true,"href":"https:\/\/edublog.educastur.es\/ixuxu\/wp-json\/wp\/v2\/tags?post=47787"}],"curies":[{"name":"wp","href":"https:\/\/api.w.org\/{rel}","templated":true}]}}