{"id":47810,"date":"2025-05-07T13:47:41","date_gmt":"2025-05-07T11:47:41","guid":{"rendered":"https:\/\/edublog.educastur.es\/ixuxu\/?p=47810"},"modified":"2025-05-07T17:21:14","modified_gmt":"2025-05-07T15:21:14","slug":"los-meandros-del-nora-dende-laire","status":"publish","type":"post","link":"https:\/\/edublog.educastur.es\/ixuxu\/2025\/05\/los-meandros-del-nora-dende-laire\/","title":{"rendered":"Los Meandros del Nora, Monumentu Natural, dende l&#8217;aire"},"content":{"rendered":"<p style=\"text-align: center\">\n<!-- iframe plugin v.6.0 wordpress.org\/plugins\/iframe\/ -->\n<iframe loading=\"lazy\" src=\"https:\/\/www.facebook.com\/plugins\/video.php?height=476&#038;href=https%3A%2F%2Fwww.facebook.com%2Fmelodijoperezcomunicacion%2Fvideos%2F2366181773775030%2F&#038;show_text=false&#038;width=274&#038;t=0\" width=\"274\" height=\"476\" style=\"border:none;overflow:hidden\" scrolling=\"no\" frameborder=\"0\" allowfullscreen=\"true\" allow=\"autoplay; clipboard-write; encrypted-media; picture-in-picture; web-share\" 0=\"\/iframe\" class=\"iframe-class\"><\/iframe>\n<\/p>\n<ul>\n<li>Meandros del Nora: w<a href=\"https:\/\/es.wikipedia.org\/wiki\/Meandros_del_Nora\">ikipedia<\/a> \/<\/li>\n<li><a class=\"external text\" href=\"https:\/\/www.turismoasturias.es\/descubre\/naturaleza\/espacios-protegidos\/meandros-del-nora\" rel=\"nofollow\">Ficha en turismoasturias.es<\/a><\/li>\n<li><a class=\"external text\" href=\"https:\/\/naturalezadeasturias.es\/espacios\/accede\/protegidos\/monumentos-naturales\/MN-meandros-del-nora.html\" rel=\"nofollow\">Ficha en naturalezadeasturias.es<\/a><\/li>\n<\/ul>\n<p><!--more--><\/p>\n<ul>\n<li>Los meandros del Nora at\u00f3pense nel tramu anterior de la confluencia de dichu r\u00edo col Nal\u00f3n dende&#8217;l pueblu de San Pedro de Nora hasta&#8217;l banz\u00e1u de Pria\u00f1es, formando meandros encaxaos que dixebren los conceyos asturianos d&#8217;Uvi\u00e9u y Les Regueres.<\/li>\n<\/ul>\n<p style=\"text-align: center\"><a href=\"https:\/\/imgs.search.brave.com\/ubNM9aOe0YLx2nh44kcdK7D2brfUi1958v-TpSoY2l4\/rs:fit:860:0:0:0\/g:ce\/aHR0cHM6Ly9pbmZv\/LmlnbWUuZXMvaWVs\/aWcvZG9jdW1lbnRh\/Y2lvbi9jYS9jYTA0\/MS9mb3Rvcy9mLWNh\/MDQxLTAyX3dlYi5q\/cGc\"><img loading=\"lazy\" decoding=\"async\" class=\"aligncenter size-large\" src=\"https:\/\/imgs.search.brave.com\/ubNM9aOe0YLx2nh44kcdK7D2brfUi1958v-TpSoY2l4\/rs:fit:860:0:0:0\/g:ce\/aHR0cHM6Ly9pbmZv\/LmlnbWUuZXMvaWVs\/aWcvZG9jdW1lbnRh\/Y2lvbi9jYS9jYTA0\/MS9mb3Rvcy9mLWNh\/MDQxLTAyX3dlYi5q\/cGc\" width=\"860\" height=\"592\" \/><\/a><\/p>\n<ul>\n<li>Catal\u00f3gase xeol\u00f3xicamente na rex\u00f3n de plegues y mantos de la zona asturiana del macizu cant\u00e1bricu.<\/li>\n<li>La flora nun tien un especial inter\u00e9s magar la ribera del r\u00edu Nora tien agrupaciones bastante estenses de sauce blancu y un encinar dientro de la \u00e1rea d&#8217;influencia del banz\u00e1u de Pria\u00f1es.<\/li>\n<li>La fauna destaca por dellos tipos d&#8217;aves invernantes y pola xaronca com\u00fan.<\/li>\n<\/ul>\n<p>&nbsp;<\/p>\n<ul>\n<li>Por aciu Decretu 16\/2003 del BOPA, de 13 de marzu, los Meandros del Nora declar\u00e1ronse <strong><span style=\"color: #008080\">Monumentu Natural.<\/span><\/strong><\/li>\n<\/ul>\n<p><span style=\"color: #008080\"><em> Un monumentu natural ye un elementu natural de singular valor paisax\u00edsticu, xeol\u00f3xicu, hest\u00f3ricu o d&#8217;otru tipu (inclusive valor simb\u00f3licu), dende un \u00e1rbol centenariu hasta un monte, una cueva, una isla, etc.<\/em><\/span><\/p>\n<p style=\"text-align: center\"><a href=\"https:\/\/upload.wikimedia.org\/wikipedia\/commons\/2\/24\/P7090174_Meandros_Nora_650.jpg\"><img loading=\"lazy\" decoding=\"async\" class=\"aligncenter size-large\" src=\"https:\/\/upload.wikimedia.org\/wikipedia\/commons\/2\/24\/P7090174_Meandros_Nora_650.jpg\" width=\"650\" height=\"488\" \/><\/a><\/p>\n","protected":false},"excerpt":{"rendered":"<p>Meandros del Nora: wikipedia \/ Ficha en turismoasturias.es Ficha en naturalezadeasturias.es<\/p>\n","protected":false},"author":117,"featured_media":0,"comment_status":"open","ping_status":"open","sticky":false,"template":"","format":"standard","meta":{"footnotes":""},"categories":[443,1],"tags":[],"class_list":["post-47810","post","type-post","status-publish","format-standard","hentry","category-monumento-natural","category-sin-categoria"],"_links":{"self":[{"href":"https:\/\/edublog.educastur.es\/ixuxu\/wp-json\/wp\/v2\/posts\/47810","targetHints":{"allow":["GET"]}}],"collection":[{"href":"https:\/\/edublog.educastur.es\/ixuxu\/wp-json\/wp\/v2\/posts"}],"about":[{"href":"https:\/\/edublog.educastur.es\/ixuxu\/wp-json\/wp\/v2\/types\/post"}],"author":[{"embeddable":true,"href":"https:\/\/edublog.educastur.es\/ixuxu\/wp-json\/wp\/v2\/users\/117"}],"replies":[{"embeddable":true,"href":"https:\/\/edublog.educastur.es\/ixuxu\/wp-json\/wp\/v2\/comments?post=47810"}],"version-history":[{"count":6,"href":"https:\/\/edublog.educastur.es\/ixuxu\/wp-json\/wp\/v2\/posts\/47810\/revisions"}],"predecessor-version":[{"id":47817,"href":"https:\/\/edublog.educastur.es\/ixuxu\/wp-json\/wp\/v2\/posts\/47810\/revisions\/47817"}],"wp:attachment":[{"href":"https:\/\/edublog.educastur.es\/ixuxu\/wp-json\/wp\/v2\/media?parent=47810"}],"wp:term":[{"taxonomy":"category","embeddable":true,"href":"https:\/\/edublog.educastur.es\/ixuxu\/wp-json\/wp\/v2\/categories?post=47810"},{"taxonomy":"post_tag","embeddable":true,"href":"https:\/\/edublog.educastur.es\/ixuxu\/wp-json\/wp\/v2\/tags?post=47810"}],"curies":[{"name":"wp","href":"https:\/\/api.w.org\/{rel}","templated":true}]}}