{"id":47820,"date":"2025-05-07T17:29:40","date_gmt":"2025-05-07T15:29:40","guid":{"rendered":"https:\/\/edublog.educastur.es\/ixuxu\/?p=47820"},"modified":"2025-05-07T17:59:30","modified_gmt":"2025-05-07T15:59:30","slug":"47820","status":"publish","type":"post","link":"https:\/\/edublog.educastur.es\/ixuxu\/2025\/05\/47820\/","title":{"rendered":""},"content":{"rendered":"<p style=\"text-align: center\"><span style=\"color: #800080;font-size: 24px\"><strong><em>El \u00abgoce inmediatu\u00bb<br \/>\nnun da llugar a lo bello, <\/em><\/strong><\/span><br \/>\n<span style=\"color: #800080;font-size: 24px\"><strong><em>cuidao que la guapura d&#8217;una cosa <\/em><\/strong><\/span><br \/>\n<span style=\"color: #800080;font-size: 24px\"><strong><em>manifi\u00e9stase \u00abmuncho depu\u00e9s\u00bb, <\/em><\/strong><\/span><br \/>\n<span style=\"color: #800080;font-size: 24px\"><strong><em>a la lluz d&#8217;otra, pola significativid\u00e1<\/em><\/strong><\/span><br \/>\n<span style=\"color: #800080;font-size: 24px\"><strong><em>d&#8217;una reminiscencia.<\/em><\/strong><\/span><\/p>\n<p style=\"text-align: center\"><span style=\"color: #800080;font-size: 24px\"><strong><em> Lo bello respuende a la duraci\u00f3n, <\/em><\/strong><\/span><br \/>\n<span style=\"color: #800080;font-size: 24px\"><strong><em>a una s\u00edntesis contemplativa.<\/em><\/strong><\/span><br \/>\n<span style=\"color: #800080;font-size: 24px\"><strong><em> Lo bello nun ye la rellumada<br \/>\no l&#8217;atracci\u00f3n fugaz, <\/em><\/strong><\/span><br \/>\n<span style=\"color: #800080;font-size: 24px\"><strong><em>sin\u00f3n una persistencia,<\/em><\/strong><\/span><br \/>\n<span style=\"color: #800080;font-size: 24px\"><strong><em>una fosforescencia de les coses. <\/em><\/strong><\/span><br \/>\n<span style=\"color: #800080;font-size: 24px\"><strong><em>La temporalid\u00e1 de lo bello<br \/>\nye bien distinta <\/em><\/strong><\/span><span style=\"color: #800080;font-size: 24px\"><strong><em>de la del desfile<br \/>\ncinematogr\u00e1ficu de les coses\u00bb.<\/em><\/strong><\/span><\/p>\n<p style=\"text-align: center\"><span style=\"color: #800080\"><strong><em><span style=\"font-size: 24px\"> La d\u00f3mina de les prieses, <\/span><\/em><\/strong><\/span><br \/>\n<span style=\"color: #800080\"><strong><em><span style=\"font-size: 24px\">la so sucesi\u00f3n cinematogr\u00e1fica<\/span><\/em><\/strong><\/span><br \/>\n<span style=\"color: #800080\"><strong><em><span style=\"font-size: 24px\">de presentes puntuales, <\/span><\/em><\/strong><\/span><br \/>\n<span style=\"color: #800080\"><strong><em><span style=\"font-size: 24px\">nun tien neng\u00fan accesu <\/span><\/em><\/strong><\/span><br \/>\n<span style=\"color: #800080\"><strong><em><span style=\"font-size: 24px\">a lo bello o lo verdadero.<\/span><\/em><\/strong><\/span><\/p>\n<p style=\"text-align: center\">\n<span style=\"color: #800080\"><strong><em><span style=\"font-size: 24px\">Solo cuando unu se detien a contemplar,<\/span><\/em><\/strong><\/span><br \/>\n<span style=\"color: #800080\"><strong><em><span style=\"font-size: 24px\"> dende&#8217;l recoximiento est\u00e9ticu, <\/span><\/em><\/strong><\/span><br \/>\n<span style=\"color: #800080\"><strong><em><span style=\"font-size: 24px\">les coses revelen la so guapura, <\/span><\/em><\/strong><\/span><br \/>\n<span style=\"color: #800080\"><strong><em><span style=\"font-size: 24px\">la so esencia arumosa. <\/span><\/em><\/strong><\/span><br \/>\n<span style=\"color: #800080\"><strong><em><span style=\"font-size: 24px\">Componse de sedimentos temporales<\/span><\/em><\/strong><\/span><br \/>\n<span style=\"color: #800080\"><strong><em><span style=\"font-size: 24px\"> que fosforecen.<\/span><\/em><\/strong><\/span><\/p>\n<p style=\"text-align: center\"><strong>Byung Chul Han.<\/strong><br \/>\nL&#8217;arume del tiempu, ensayu sobro l&#8217;arte de retrasase.<\/p>\n","protected":false},"excerpt":{"rendered":"<p>El \u00abgoce inmediatu\u00bb nun da llugar a lo bello, cuidao que la guapura d&#8217;una cosa manifi\u00e9stase \u00abmuncho depu\u00e9s\u00bb, a la lluz d&#8217;otra, pola significativid\u00e1 d&#8217;una reminiscencia. Lo bello respuende a la duraci\u00f3n, a una s\u00edntesis contemplativa. Lo bello nun ye la rellumada o l&#8217;atracci\u00f3n fugaz, sin\u00f3n una persistencia, una fosforescencia de les coses. La temporalid\u00e1 [&hellip;]<\/p>\n","protected":false},"author":117,"featured_media":0,"comment_status":"open","ping_status":"open","sticky":false,"template":"","format":"quote","meta":{"footnotes":""},"categories":[1],"tags":[],"class_list":["post-47820","post","type-post","status-publish","format-quote","hentry","category-sin-categoria","post_format-post-format-quote"],"_links":{"self":[{"href":"https:\/\/edublog.educastur.es\/ixuxu\/wp-json\/wp\/v2\/posts\/47820","targetHints":{"allow":["GET"]}}],"collection":[{"href":"https:\/\/edublog.educastur.es\/ixuxu\/wp-json\/wp\/v2\/posts"}],"about":[{"href":"https:\/\/edublog.educastur.es\/ixuxu\/wp-json\/wp\/v2\/types\/post"}],"author":[{"embeddable":true,"href":"https:\/\/edublog.educastur.es\/ixuxu\/wp-json\/wp\/v2\/users\/117"}],"replies":[{"embeddable":true,"href":"https:\/\/edublog.educastur.es\/ixuxu\/wp-json\/wp\/v2\/comments?post=47820"}],"version-history":[{"count":3,"href":"https:\/\/edublog.educastur.es\/ixuxu\/wp-json\/wp\/v2\/posts\/47820\/revisions"}],"predecessor-version":[{"id":47834,"href":"https:\/\/edublog.educastur.es\/ixuxu\/wp-json\/wp\/v2\/posts\/47820\/revisions\/47834"}],"wp:attachment":[{"href":"https:\/\/edublog.educastur.es\/ixuxu\/wp-json\/wp\/v2\/media?parent=47820"}],"wp:term":[{"taxonomy":"category","embeddable":true,"href":"https:\/\/edublog.educastur.es\/ixuxu\/wp-json\/wp\/v2\/categories?post=47820"},{"taxonomy":"post_tag","embeddable":true,"href":"https:\/\/edublog.educastur.es\/ixuxu\/wp-json\/wp\/v2\/tags?post=47820"}],"curies":[{"name":"wp","href":"https:\/\/api.w.org\/{rel}","templated":true}]}}