{"id":47840,"date":"2025-05-07T18:06:28","date_gmt":"2025-05-07T16:06:28","guid":{"rendered":"https:\/\/edublog.educastur.es\/ixuxu\/?p=47840"},"modified":"2025-05-07T18:18:33","modified_gmt":"2025-05-07T16:18:33","slug":"el-principau-va-llucir-14-ensenes-calidable-nes-sos-sableres-frente-a-16-lanu-pasau","status":"publish","type":"post","link":"https:\/\/edublog.educastur.es\/ixuxu\/2025\/05\/el-principau-va-llucir-14-ensenes-calidable-nes-sos-sableres-frente-a-16-lanu-pasau\/","title":{"rendered":"El Princip\u00e1u va llucir 14 ense\u00f1es calidable nes sos sableres, frente a 16 l&#8217;a\u00f1u pas\u00e1u."},"content":{"rendered":"<p style=\"text-align: center\"><a href=\"https:\/\/www.lne.es\/estaticos\/graficos\/img\/1746617064-las-banderas-azules-de-asturias_1.jpg\"><img loading=\"lazy\" decoding=\"async\" class=\"aligncenter size-large\" src=\"https:\/\/www.lne.es\/estaticos\/graficos\/img\/1746617064-las-banderas-azules-de-asturias_1.jpg\" width=\"1180\" height=\"850\" \/><\/a><\/p>\n<p>El Princip\u00e1u va llucir 14 ense\u00f1es calidable nes sos sableres, frente a 16 l&#8217;a\u00f1u pas\u00e1u. Asturies va tener un branu con menos banderes azules: estes son les sableres que perdieron la distinci\u00f3n: Anguileiro (Tapia) y San Pedro (Cuideiru).<\/p>\n<p><a href=\"https:\/\/www.lne.es\/asturias\/2025\/05\/07\/asturias-verano-banderas-azules-117123599.html?utm_medium=Social&amp;utm_campaign=Echobox&amp;utm_source=Facebook&amp;fbclid=IwY2xjawKIZEFleHRuA2FlbQIxMABicmlkETFnNVBPODFCeUhIbUJNRmRXAR7-ztBGkeL9pzuB0wu_qHQYFNq8eHgvFiG7JC_7W1OybVKfgeDGsqo3FNytfw_aem_fy8TNylLG_sH9-953P6Leg#Echobox=1746618603\">Fonte: LNE<\/a> \/<a href=\"http:\/\/El branu va ser daqu\u00e9 menos azul angua\u00f1o n'Asturies. La rex\u00f3n pierde dos banderes azules, un distintivu que reconoz la calid\u00e1 y los servicios na mari\u00f1a, conced\u00edu a\u00f1almente pola Asociaci\u00f3n d'Educaci\u00f3n Ambiental y del Consumidor (*Adeac). Esti 2025 van llucir pel branu un total de 14 banderes azules nes sableres de 8 conceyos en total, al perdese dos: *Anguileiro (Tapia de *Casariego) y San Pedro de *Bocamar (Cuideiru). Sigue am\u00e1s con ella'l puertu deportivu de Xix\u00f3n.\"> El Comercio<\/a> \/<a href=\"https:\/\/www.lne.es\/estaticos\/graficos\/img\/1746617064-las-banderas-azules-de-asturias_1.jpg\"> imaxe LNE<\/a> \/ <a href=\"https:\/\/paraisoruralasturias.es\/playas-con-bandera-azul\/\"><strong>web<\/strong> <\/a>\/<\/p>\n<p><!--more--><\/p>\n<p>El branu va ser daqu\u00e9 menos azul angua\u00f1o n&#8217;Asturies. La rex\u00f3n pierde dos banderes azules, un distintivu que reconoz la calid\u00e1 y los servicios na mari\u00f1a, conced\u00edu a\u00f1almente pola <span style=\"text-decoration: underline\"><span style=\"color: #008080;text-decoration: underline\">Asociaci\u00f3n d&#8217;Educaci\u00f3n Ambiental y del Consumidor (Adeac)<\/span><\/span>.<\/p>\n<p style=\"text-align: center\"><a href=\"https:\/\/paraisoruralasturias.es\/wp-content\/uploads\/banderas_azules_asturias.webp\"><img loading=\"lazy\" decoding=\"async\" class=\"aligncenter \" src=\"https:\/\/paraisoruralasturias.es\/wp-content\/uploads\/banderas_azules_asturias.webp\" width=\"619\" height=\"348\" \/><\/a><\/p>\n<p>Esti 2025 van llucir pel branu un total de 14 banderes azules nes sableres de 8 conceyos en total, al perdese dos: Anguileiro (Tapia de Casariego) y San Pedro de Bocamar (Cuideiru). Sigue am\u00e1s con ella&#8217;l puertu deportivu de Xix\u00f3n.<\/p>\n<p style=\"text-align: center\"><a href=\"https:\/\/s3.ppllstatics.com\/elcomercio\/www\/multimedia\/2025\/05\/07\/frejulfe-RlERwrzIYvNPdKkrBTKbjnN-1200x840@El%20Comercio.jpg\"><img loading=\"lazy\" decoding=\"async\" class=\"aligncenter size-large\" src=\"https:\/\/s3.ppllstatics.com\/elcomercio\/www\/multimedia\/2025\/05\/07\/frejulfe-RlERwrzIYvNPdKkrBTKbjnN-1200x840@El%20Comercio.jpg\" width=\"1200\" height=\"840\" \/><\/a><\/p>\n<p>Anueven la bandera azul los arenales d&#8217;Arnao, Salinas y Santa Mar\u00eda del Mar (Castrill\u00f3n), Arnao (Castropol), Pe\u00f1arronda (tantu en Castropol como en Tapia de Casariego), Concha d&#8217;Art\u00e9u (en Cuideiru), Aguilar (Muros de Nal\u00f3n), Frejulfe (Navia), Cadaveu, Cueva, Outur, Salinas o Tercera de L.luarca (en Vald\u00e9s), La \u00d1ora y Rodiles (en Villaviciosa).<\/p>\n<p><strong>Na cornisa cant\u00e1brica<\/strong>, Pa\u00eds Vascu va llucir esti branu cuatro banderes azules (les mesmes qu&#8217;en 2024), Cantabria once (gana una respectu al branu pas\u00e1u) y Galicia 108 (pierde seis al respective de 2024).<\/p>\n<p><strong>Na categor\u00eda de puertos deportivos<\/strong>, el de Xix\u00f3n repite la so bandera azul. L&#8217;organismu cataloga como \u00abcentros azules\u00bb d&#8217;Asturies el Mus\u00e9u de la Mina d&#8217;Arnao y el de les Ancles (dambos en Castrill\u00f3n), el centru d&#8217;interpretaci\u00f3n marina de Pe\u00f1es (Goz\u00f3n), el monte xard\u00edn de la Fonte Baixa y el Mus\u00e9u del Calamar Xigante (dambos en Vald\u00e9s).<\/p>\n<p style=\"text-align: center\"><a href=\"https:\/\/imagenes.20minutos.es\/files\/image_990_556\/uploads\/imagenes\/2025\/05\/07\/banderas-azules-1.jpeg\"><img loading=\"lazy\" decoding=\"async\" class=\"aligncenter size-large\" src=\"https:\/\/imagenes.20minutos.es\/files\/image_990_556\/uploads\/imagenes\/2025\/05\/07\/banderas-azules-1.jpeg\" width=\"990\" height=\"556\" \/><\/a><\/p>\n<p>El distintivu <span style=\"color: #333399\"><strong>Bandera Azul<\/strong><\/span>, que reconoz cada a\u00f1u les meyores sableres pol bon est\u00e1u de les ag\u00fces, l&#8217;altu nivel de los servicios playeros y la segurid\u00e1 de los ba\u00f1istees, ondear\u00e1 esti branu en 642 sableres, cifra que caltien a <strong>Espa\u00f1a como l\u00edder mundial mientres casi cuatro d\u00e9cades.<\/strong><\/p>\n<p><span style=\"color: #333399\"><em><strong>Por ello, esfrutar d&#8217;una sablera col distintivu de bandera azul implica que se deben cumplir los siguientes requisitos:<\/strong><\/em><\/span><\/p>\n<ul>\n<li><span style=\"color: #333399\"><em>La calid\u00e1 de l&#8217;agua de la sablera, na temporada anterior de ba\u00f1os, ten de ser escelente.<\/em><\/span><\/li>\n<li><span style=\"color: #333399\"><em>La sablera tien de cuntar con paneles informativos sobro l&#8217;ecosistema nel que ta y les normes qu&#8217;hai que cumplir pa caltenelo.<\/em><\/span><\/li>\n<li><span style=\"color: #333399\"><em>La sablera tien de cumplir cola lexislaci\u00f3n ambiental actual, cuantim\u00e1s cola Llei de Mari\u00f1es y tien de tar llimpia y disponer d&#8217;una correcta xesti\u00f3n de les borrafes, incluyendo la recoyida selectiva de los distintos tipos de refugayes.<\/em><\/span><\/li>\n<li><span style=\"color: #333399\"><em>La sablera tien de cuntar con aseos p\u00fablicos.<\/em><\/span><\/li>\n<li><span style=\"color: #333399\"><em>La sablera tienen de cuntar con accesos f\u00e1ciles y seguros. Si #tratar d&#8217;una sablera urbana esta ten de ser accesible pa persones con movilid\u00e1 amenorgada.<\/em><\/span><\/li>\n<li><span style=\"color: #333399\"><em>La sablera tien de tener serviciu de salvamentu y primeros auxilios.<\/em><\/span><\/li>\n<li><span style=\"color: #333399\"><em>Toos estos requisitos queden recoy\u00edos nes gu\u00edes que se consens\u00faen a\u00f1almente a nivel internacional y que pueden consultase na p\u00e1xina web siguiente.<\/em><\/span><\/li>\n<\/ul>\n<p>De les m\u00e1s de 200 sableres qu&#8217;hai n&#8217;Asturies 16 d&#8217;elles cumplen con estos requisitos y llogren angua\u00f1o&#8217;l distintivu de la bandera azul. Angua\u00f1o 2024 entra na llista la sablera de Cueva, en Vald\u00e9s, y recupera la distinci\u00f3n la de San Pedro de *Bocamar en Cuideiru. Tami\u00e9n conserva, un a\u00f1u m\u00e1s, la bandera azul el Puertu Deportivu de Xix\u00f3n.<\/p>\n<p style=\"text-align: center\"><a href=\"https:\/\/imagenes.20minutos.es\/files\/image_640_auto\/uploads\/imagenes\/2025\/05\/07\/banderas-azules.jpeg\"><img loading=\"lazy\" decoding=\"async\" class=\"aligncenter size-large\" src=\"https:\/\/imagenes.20minutos.es\/files\/image_640_auto\/uploads\/imagenes\/2025\/05\/07\/banderas-azules.jpeg\" width=\"640\" height=\"676\" \/><\/a><\/p>\n","protected":false},"excerpt":{"rendered":"<p>El Princip\u00e1u va llucir 14 ense\u00f1es calidable nes sos sableres, frente a 16 l&#8217;a\u00f1u pas\u00e1u. Asturies va tener un branu con menos banderes azules: estes son les sableres que perdieron la distinci\u00f3n: Anguileiro (Tapia) y San Pedro (Cuideiru). Fonte: LNE \/ El Comercio \/ imaxe LNE \/ web \/<\/p>\n","protected":false},"author":117,"featured_media":0,"comment_status":"open","ping_status":"open","sticky":false,"template":"","format":"standard","meta":{"footnotes":""},"categories":[93,1],"tags":[],"class_list":["post-47840","post","type-post","status-publish","format-standard","hentry","category-sableres","category-sin-categoria"],"_links":{"self":[{"href":"https:\/\/edublog.educastur.es\/ixuxu\/wp-json\/wp\/v2\/posts\/47840","targetHints":{"allow":["GET"]}}],"collection":[{"href":"https:\/\/edublog.educastur.es\/ixuxu\/wp-json\/wp\/v2\/posts"}],"about":[{"href":"https:\/\/edublog.educastur.es\/ixuxu\/wp-json\/wp\/v2\/types\/post"}],"author":[{"embeddable":true,"href":"https:\/\/edublog.educastur.es\/ixuxu\/wp-json\/wp\/v2\/users\/117"}],"replies":[{"embeddable":true,"href":"https:\/\/edublog.educastur.es\/ixuxu\/wp-json\/wp\/v2\/comments?post=47840"}],"version-history":[{"count":10,"href":"https:\/\/edublog.educastur.es\/ixuxu\/wp-json\/wp\/v2\/posts\/47840\/revisions"}],"predecessor-version":[{"id":47850,"href":"https:\/\/edublog.educastur.es\/ixuxu\/wp-json\/wp\/v2\/posts\/47840\/revisions\/47850"}],"wp:attachment":[{"href":"https:\/\/edublog.educastur.es\/ixuxu\/wp-json\/wp\/v2\/media?parent=47840"}],"wp:term":[{"taxonomy":"category","embeddable":true,"href":"https:\/\/edublog.educastur.es\/ixuxu\/wp-json\/wp\/v2\/categories?post=47840"},{"taxonomy":"post_tag","embeddable":true,"href":"https:\/\/edublog.educastur.es\/ixuxu\/wp-json\/wp\/v2\/tags?post=47840"}],"curies":[{"name":"wp","href":"https:\/\/api.w.org\/{rel}","templated":true}]}}