{"id":47864,"date":"2025-05-07T16:00:37","date_gmt":"2025-05-07T14:00:37","guid":{"rendered":"https:\/\/edublog.educastur.es\/ixuxu\/?p=47864"},"modified":"2025-05-08T10:04:25","modified_gmt":"2025-05-08T08:04:25","slug":"educacion-anima-al-alumnau-a-escoyer-asturianu-nel-segundu-ciclu-dinfantil","status":"publish","type":"post","link":"https:\/\/edublog.educastur.es\/ixuxu\/2025\/05\/educacion-anima-al-alumnau-a-escoyer-asturianu-nel-segundu-ciclu-dinfantil\/","title":{"rendered":"Educaci\u00f3n anima al alumn\u00e1u a escoyer asturianu nel segundu ciclu d&#8217;Infantil"},"content":{"rendered":"<p style=\"text-align: center\"><a href=\"https:\/\/actualidad.asturias.es\/documents\/537115\/2552350\/2025_05_07+Consejera+en+premios+D%C3%ADa+de+les+Lletres+%285%29.jpg\/eeaf3678-dea5-a6e3-4ce5-a382b4ad0f5c?t=1746614634750\"><img loading=\"lazy\" decoding=\"async\" class=\"aligncenter size-large\" src=\"https:\/\/actualidad.asturias.es\/documents\/537115\/2552350\/2025_05_07+Consejera+en+premios+D%C3%ADa+de+les+Lletres+%285%29.jpg\/eeaf3678-dea5-a6e3-4ce5-a382b4ad0f5c?t=1746614634750\" width=\"3375\" height=\"2383\" \/><\/a><\/p>\n<p>Educaci\u00f3n anima al alumn\u00e1u a escoyer la nueva ufierta d&#8217;asturianu nel segundu ciclu d&#8217;Infantil, que va empezar el pr\u00f3ximu cursu. Les<br \/>\nfamilies van poder solicitar esta ense\u00f1anza voluntaria para los sos f\u00edos y f\u00edes mientres el periodu de matriculaci\u00f3n, del 18 al 25 de xunu.\u00a0 Fonte: <a href=\"https:\/\/actualidad.asturias.es\/-\/educaci\u00f3n-anima-al-alumnado-a-elegir-la-nueva-oferta-de-asturiano-en-el-segundo-ciclo-de-infantil-que-comenzar\u00e1-el-pr\u00f3ximo-curso?redirect=%2Fnoticias\">Actualid\u00e1 Asturies\u00a0<\/a><\/p>\n<p><!--more--><\/p>\n<p>La conseyera d&#8217;Educaci\u00f3n, Lydia Espina, <strong>anim\u00f3 g\u00fcei en Cand\u00e1s a la comunid\u00e1 escolar a espublizar la nueva ufierta d&#8217;asturianu nel segundu ciclu d&#8217;Infantil (3 a 6 a\u00f1os), que se va estrenar a partir del pr\u00f3ximu cursu.<\/strong> Espina particip\u00f3 nel actu d&#8217;entrega de premios de los cinco certames escolares convocaos por cuenta de la 46 Selmana de les Lletres Asturianes.<\/p>\n<p>Esti aproximamientu pioneru a la llingua aut\u00f3ctona n&#8217;Infantil va realizase simult\u00e1neamente en tolos cursos y en <span style=\"color: #008080\"><strong>Comunicaci\u00f3n y representaci\u00f3n de la realid\u00e1<\/strong><\/span>, que ye una de les tr\u00e9s \u00e1rees d&#8217;aprendizaxe d&#8217;esa etapa educativa. Va tener calter voluntariu para l&#8217;alumn\u00e1u -tal que preve la Llei 1\/1998, de 23 de marzu, d&#8217;usu y promoci\u00f3n del bable asturianu-, pero <strong>tolos centros qu&#8217;impartan esti ciclu tendr\u00e1n d&#8217;incluyilo na so ufierta.<\/strong><\/p>\n<p>Les families intereaes n&#8217;inscribir a los sos f\u00edos y f\u00edes tendr\u00e1n de formalizar una solicit\u00fa nel centru mientres el periodu de matriculaci\u00f3n, <strong>del 18 al 25 de xunu.<\/strong> La conseyer\u00eda unvi\u00f3 y\u00e1 a los equipos directivos de los colexos un primer bolet\u00edn, qu&#8217;incl\u00fai&#8217;l modelu de formulariu que tendr\u00e1n de rellenar les families y otru con informaci\u00f3n complementaria.<\/p>\n<p>Espina destac\u00f3&#8217;l compromisu del profesor\u00e1u d&#8217;asturianu, qu&#8217;escarez de la reconocencia como especialid\u00e1 docente al nun ser una llingua oficial y que tampoco se puede estabilizar, nin presentase a unes oposiciones.<em> \u201cTen\u00e9is que saber que nel momentu en qu\u00b4atopemos la menor oportunid\u00e1, vamos correxir esta situaci\u00f3n. Nun voi cansar de picar a toles puertes que seyan necesaries. Ten\u00e9is el mio compromisu\u201d<\/em>, asegur\u00f3 mientres la so intervenci\u00f3n.<\/p>\n<p style=\"text-align: center\">\n<!-- iframe plugin v.6.0 wordpress.org\/plugins\/iframe\/ -->\n<iframe loading=\"lazy\" src=\"https:\/\/www.facebook.com\/plugins\/video.php?height=476&#038;href=https%3A%2F%2Fwww.facebook.com%2FRTPAoficial%2Fvideos%2F1244847080544414%2F&#038;show_text=false&#038;width=476&#038;t=0\" width=\"476\" height=\"476\" style=\"border:none;overflow:hidden\" scrolling=\"no\" frameborder=\"0\" allowfullscreen=\"true\" allow=\"autoplay; clipboard-write; encrypted-media; picture-in-picture; web-share\" 0=\"\/iframe\" class=\"iframe-class\"><\/iframe>\n<\/p>\n<p>Delles mid\u00edes de promoci\u00f3n<\/p>\n<p>La conseyera number\u00f3 otres mid\u00edes adoptaes para la promoci\u00f3n de les lling\u00fces aut\u00f3ctones, como la presencia nes escueles oficiales d&#8217;idiomes a partir de setiembre, la recuperaci\u00f3n de l&#8217;Axenda Did\u00e1ctica con una programaci\u00f3n cultural para l&#8217;alumn\u00e1u, la creaci\u00f3n d&#8217;una categor\u00eda d&#8217;asturianu y eonaviego nos premios estraordinarios al rendimientu acad\u00e9micu o del <strong>sellu Llume para los centros con proyectos innovadores.<\/strong><\/p>\n<p><em>\u201cPaezme, bonalmente, qu&#8217;estes pol\u00edtiques tan dando frutu y la matr\u00edcula ta espolletando\u201d<\/em>, apunt\u00f3 la titular d&#8217;Educaci\u00f3n. Esti cursu <strong>la matriculaci\u00f3n en Llingua Asturiana y Lliteratura aument\u00f3 un 1,2% respectu al anterior<\/strong>, hasta llegar a 22.909 estudiantes, la meyor cifra de los \u00faltimos a\u00f1os.<\/p>\n<p>Al respective de los certames escolares, angua\u00f1o <strong>participaron unos 60 centros educativos<\/strong> con 550 trabayos n&#8217;asturianu y eonaviego. Los concursos yeren de creaci\u00f3n art\u00edstica\/lliteraria, creaci\u00f3n audiovisual, cartelismo, teatru escolar y podcast. A la gala d&#8217;entrega, celebrada nel Teatru Priendes, asistieron unos 360 estudiantes de 40 centros d&#8217;ense\u00f1anza.<\/p>\n<div class=\"html-div xdj266r x11i5rnm xat24cr x1mh8g0r xexx8yu x1a8lsjc x1swvt13 x1pi30zi\">\n<div class=\"html-div xdj266r x11i5rnm xat24cr x1mh8g0r xexx8yu x4uap5 x18d9i69 xkhd6sd x1jx94hy x78zum5 x1q0g3np\">\n<div class=\"x78zum5 xdt5ytf xz62fqu x16ldp7u\">\n<div class=\"xu06os2 x1ok221b\">\n<div class=\"html-div xdj266r x11i5rnm xat24cr x1mh8g0r xexx8yu x4uap5 x18d9i69 xkhd6sd\" data-ad-rendering-role=\"profile_name\">\n<ul>\n<li class=\"html-h3 x11i5rnm xat24cr x1mh8g0r xexx8yu x4uap5 x18d9i69 xkhd6sd x1vvkbs x1heor9g x1qlqyl8 x1pd3egz x1a2a7pz x1gslohp x1yc453h\"><span class=\"x1lliihq x6ikm8r x10wlt62 x1n2onr6\"><span class=\"xt0psk2\"><a class=\"x1i10hfl xjbqb8w x1ejq31n xd10rxx x1sy0etr x17r0tee x972fbf xcfux6l x1qhh985 xm0m39n x9f619 x1ypdohk xt0psk2 xe8uvvx xdj266r x11i5rnm xat24cr x1mh8g0r xexx8yu x4uap5 x18d9i69 xkhd6sd x16tdsg8 x1hl2dhg xggy1nq x1a2a7pz xkrqix3 x1sur9pj xzsf02u x1s688f\" role=\"link\" href=\"https:\/\/www.facebook.com\/RTPAoficial?__cft__[0]=AZWi9QLp_5PUb5OpvX46QoIgC7WFdUQbevS4TCN6RRSXr61wCGYhdWs2GNJdgUljC1GXiSBCRuSjy-derCF3sw2g0fccm1QQEZTnZjtWQHVgwsj35HAGxovQvJPt9ipfFhLAlxOwU4zidgM-Fi1FYbHnpZS3G2JWUM28p0ekuZd2O1vOpbFWcTamN1-ZXQqas-t9COUNo8_yk2s7wEH8B7hvOVGUuk0xlTrdNAmM61cFPA&amp;__tn__=-UC%2CP-y-R\"><strong class=\"html-strong xdj266r x11i5rnm xat24cr x1mh8g0r xexx8yu x4uap5 x18d9i69 xkhd6sd x1hl2dhg x16tdsg8 x1vvkbs x1s688f\"><span class=\"html-span xdj266r x11i5rnm xat24cr x1mh8g0r xexx8yu x4uap5 x18d9i69 xkhd6sd x1hl2dhg x16tdsg8 x1vvkbs\">Radiotelevisi\u00f3n del Principado de Asturias<\/span><\/strong><\/a><\/span><\/span><\/li>\n<\/ul>\n<\/div>\n<\/div>\n<div class=\"xu06os2 x1ok221b\">\n<div class=\"html-div xdj266r x11i5rnm xat24cr x1mh8g0r xexx8yu x4uap5 x18d9i69 xkhd6sd x1q0g3np\"><span class=\"html-span xexx8yu x4uap5 x18d9i69 xkhd6sd x1hl2dhg x16tdsg8 x1vvkbs x3nfvp2 x1j61x8r x1fcty0u xdj266r xat24cr xgzva0m xhhsvwb xxymvpz xlup9mm x1kky2od\"><img loading=\"lazy\" decoding=\"async\" class=\"xz74otr x168nmei x13lgxp2 x5pf9jr xo71vjh\" src=\"https:\/\/static.xx.fbcdn.net\/images\/emoji.php\/v9\/tbe\/1\/16\/1f3c6.png\" alt=\"\ud83c\udfc6\" width=\"16\" height=\"16\" \/><\/span><span class=\"html-span xexx8yu x4uap5 x18d9i69 xkhd6sd x1hl2dhg x16tdsg8 x1vvkbs x3nfvp2 x1j61x8r x1fcty0u xdj266r xat24cr xgzva0m xhhsvwb xxymvpz xlup9mm x1kky2od\"><img loading=\"lazy\" decoding=\"async\" class=\"xz74otr x168nmei x13lgxp2 x5pf9jr xo71vjh\" src=\"https:\/\/static.xx.fbcdn.net\/images\/emoji.php\/v9\/t9e\/1\/16\/1f4d6.png\" alt=\"\ud83d\udcd6\" width=\"16\" height=\"16\" \/><\/span><span class=\"html-span xexx8yu x4uap5 x18d9i69 xkhd6sd x1hl2dhg x16tdsg8 x1vvkbs x3nfvp2 x1j61x8r x1fcty0u xdj266r xat24cr xgzva0m xhhsvwb xxymvpz xlup9mm x1kky2od\"><img loading=\"lazy\" decoding=\"async\" class=\"xz74otr x168nmei x13lgxp2 x5pf9jr xo71vjh\" src=\"https:\/\/static.xx.fbcdn.net\/images\/emoji.php\/v9\/t38\/1\/16\/1f58c.png\" alt=\"\ud83d\udd8c\ufe0f\" width=\"16\" height=\"16\" \/><\/span> \u00a0<span class=\"html-span xdj266r x11i5rnm xat24cr x1mh8g0r xexx8yu x4uap5 x18d9i69 xkhd6sd x1hl2dhg x16tdsg8 x1vvkbs\"><a class=\"x1i10hfl xjbqb8w x1ejq31n xd10rxx x1sy0etr x17r0tee x972fbf xcfux6l x1qhh985 xm0m39n x9f619 x1ypdohk xt0psk2 xe8uvvx xdj266r x11i5rnm xat24cr x1mh8g0r xexx8yu x4uap5 x18d9i69 xkhd6sd x16tdsg8 x1hl2dhg xggy1nq x1a2a7pz xkrqix3 x1sur9pj x1fey0fg x1s688f\" role=\"link\" href=\"https:\/\/www.facebook.com\/hashtag\/46selmanadeleslletres?__eep__=6&amp;__cft__[0]=AZWi9QLp_5PUb5OpvX46QoIgC7WFdUQbevS4TCN6RRSXr61wCGYhdWs2GNJdgUljC1GXiSBCRuSjy-derCF3sw2g0fccm1QQEZTnZjtWQHVgwsj35HAGxovQvJPt9ipfFhLAlxOwU4zidgM-Fi1FYbHnpZS3G2JWUM28p0ekuZd2O1vOpbFWcTamN1-ZXQqas-t9COUNo8_yk2s7wEH8B7hvOVGUuk0xlTrdNAmM61cFPA&amp;__tn__=*NK-y-R\">#46S<\/a><\/span><span class=\"html-span xdj266r x11i5rnm xat24cr x1mh8g0r xexx8yu x4uap5 x18d9i69 xkhd6sd x1hl2dhg x16tdsg8 x1vvkbs\"><a class=\"x1i10hfl xjbqb8w x1ejq31n xd10rxx x1sy0etr x17r0tee x972fbf xcfux6l x1qhh985 xm0m39n x9f619 x1ypdohk xt0psk2 xe8uvvx xdj266r x11i5rnm xat24cr x1mh8g0r xexx8yu x4uap5 x18d9i69 xkhd6sd x16tdsg8 x1hl2dhg xggy1nq x1a2a7pz xkrqix3 x1sur9pj x1fey0fg x1s688f\" role=\"link\" href=\"https:\/\/www.facebook.com\/hashtag\/46selmanadeleslletres?__eep__=6&amp;__cft__[0]=AZWi9QLp_5PUb5OpvX46QoIgC7WFdUQbevS4TCN6RRSXr61wCGYhdWs2GNJdgUljC1GXiSBCRuSjy-derCF3sw2g0fccm1QQEZTnZjtWQHVgwsj35HAGxovQvJPt9ipfFhLAlxOwU4zidgM-Fi1FYbHnpZS3G2JWUM28p0ekuZd2O1vOpbFWcTamN1-ZXQqas-t9COUNo8_yk2s7wEH8B7hvOVGUuk0xlTrdNAmM61cFPA&amp;__tn__=*NK-y-R\">elmanaDeLesLletres<\/a><\/span> <span class=\"html-span xdj266r x11i5rnm xat24cr x1mh8g0r xexx8yu x4uap5 x18d9i69 xkhd6sd x1hl2dhg x16tdsg8 x1vvkbs\"><a class=\"x1i10hfl xjbqb8w x1ejq31n xd10rxx x1sy0etr x17r0tee x972fbf xcfux6l x1qhh985 xm0m39n x9f619 x1ypdohk xt0psk2 xe8uvvx xdj266r x11i5rnm xat24cr x1mh8g0r xexx8yu x4uap5 x18d9i69 xkhd6sd x16tdsg8 x1hl2dhg xggy1nq x1a2a7pz xkrqix3 x1sur9pj x1fey0fg x1s688f\" role=\"link\" href=\"https:\/\/www.facebook.com\/hashtag\/llinguaasturiana?__eep__=6&amp;__cft__[0]=AZWi9QLp_5PUb5OpvX46QoIgC7WFdUQbevS4TCN6RRSXr61wCGYhdWs2GNJdgUljC1GXiSBCRuSjy-derCF3sw2g0fccm1QQEZTnZjtWQHVgwsj35HAGxovQvJPt9ipfFhLAlxOwU4zidgM-Fi1FYbHnpZS3G2JWUM28p0ekuZd2O1vOpbFWcTamN1-ZXQqas-t9COUNo8_yk2s7wEH8B7hvOVGUuk0xlTrdNAmM61cFPA&amp;__tn__=*NK-y-R\">#LlinguaAsturiana<\/a><\/span> <span class=\"html-span xdj266r x11i5rnm xat24cr x1mh8g0r xexx8yu x4uap5 x18d9i69 xkhd6sd x1hl2dhg x16tdsg8 x1vvkbs\"><a class=\"x1i10hfl xjbqb8w x1ejq31n xd10rxx x1sy0etr x17r0tee x972fbf xcfux6l x1qhh985 xm0m39n x9f619 x1ypdohk xt0psk2 xe8uvvx xdj266r x11i5rnm xat24cr x1mh8g0r xexx8yu x4uap5 x18d9i69 xkhd6sd x16tdsg8 x1hl2dhg xggy1nq x1a2a7pz xkrqix3 x1sur9pj x1fey0fg x1s688f\" role=\"link\" href=\"https:\/\/www.facebook.com\/hashtag\/cultura?__eep__=6&amp;__cft__[0]=AZWi9QLp_5PUb5OpvX46QoIgC7WFdUQbevS4TCN6RRSXr61wCGYhdWs2GNJdgUljC1GXiSBCRuSjy-derCF3sw2g0fccm1QQEZTnZjtWQHVgwsj35HAGxovQvJPt9ipfFhLAlxOwU4zidgM-Fi1FYbHnpZS3G2JWUM28p0ekuZd2O1vOpbFWcTamN1-ZXQqas-t9COUNo8_yk2s7wEH8B7hvOVGUuk0xlTrdNAmM61cFPA&amp;__tn__=*NK-y-R\">#Cultura<\/a><\/span> <span class=\"html-span xdj266r x11i5rnm xat24cr x1mh8g0r xexx8yu x4uap5 x18d9i69 xkhd6sd x1hl2dhg x16tdsg8 x1vvkbs\"><a class=\"x1i10hfl xjbqb8w x1ejq31n xd10rxx x1sy0etr x17r0tee x972fbf xcfux6l x1qhh985 xm0m39n x9f619 x1ypdohk xt0psk2 xe8uvvx xdj266r x11i5rnm xat24cr x1mh8g0r xexx8yu x4uap5 x18d9i69 xkhd6sd x16tdsg8 x1hl2dhg xggy1nq x1a2a7pz xkrqix3 x1sur9pj x1fey0fg x1s688f\" role=\"link\" href=\"https:\/\/www.facebook.com\/hashtag\/asturies?__eep__=6&amp;__cft__[0]=AZWi9QLp_5PUb5OpvX46QoIgC7WFdUQbevS4TCN6RRSXr61wCGYhdWs2GNJdgUljC1GXiSBCRuSjy-derCF3sw2g0fccm1QQEZTnZjtWQHVgwsj35HAGxovQvJPt9ipfFhLAlxOwU4zidgM-Fi1FYbHnpZS3G2JWUM28p0ekuZd2O1vOpbFWcTamN1-ZXQqas-t9COUNo8_yk2s7wEH8B7hvOVGUuk0xlTrdNAmM61cFPA&amp;__tn__=*NK-y-R\">#Asturies<\/a><\/span><\/div>\n<\/div>\n<\/div>\n<\/div>\n<\/div>\n","protected":false},"excerpt":{"rendered":"<p>Educaci\u00f3n anima al alumn\u00e1u a escoyer la nueva ufierta d&#8217;asturianu nel segundu ciclu d&#8217;Infantil, que va empezar el pr\u00f3ximu cursu. Les families van poder solicitar esta ense\u00f1anza voluntaria para los sos f\u00edos y f\u00edes mientres el periodu de matriculaci\u00f3n, del 18 al 25 de xunu.\u00a0 Fonte: Actualid\u00e1 Asturies\u00a0<\/p>\n","protected":false},"author":117,"featured_media":0,"comment_status":"open","ping_status":"open","sticky":false,"template":"","format":"standard","meta":{"footnotes":""},"categories":[44,132],"tags":[],"class_list":["post-47864","post","type-post","status-publish","format-standard","hentry","category-asturianu","category-educastur"],"_links":{"self":[{"href":"https:\/\/edublog.educastur.es\/ixuxu\/wp-json\/wp\/v2\/posts\/47864","targetHints":{"allow":["GET"]}}],"collection":[{"href":"https:\/\/edublog.educastur.es\/ixuxu\/wp-json\/wp\/v2\/posts"}],"about":[{"href":"https:\/\/edublog.educastur.es\/ixuxu\/wp-json\/wp\/v2\/types\/post"}],"author":[{"embeddable":true,"href":"https:\/\/edublog.educastur.es\/ixuxu\/wp-json\/wp\/v2\/users\/117"}],"replies":[{"embeddable":true,"href":"https:\/\/edublog.educastur.es\/ixuxu\/wp-json\/wp\/v2\/comments?post=47864"}],"version-history":[{"count":4,"href":"https:\/\/edublog.educastur.es\/ixuxu\/wp-json\/wp\/v2\/posts\/47864\/revisions"}],"predecessor-version":[{"id":47930,"href":"https:\/\/edublog.educastur.es\/ixuxu\/wp-json\/wp\/v2\/posts\/47864\/revisions\/47930"}],"wp:attachment":[{"href":"https:\/\/edublog.educastur.es\/ixuxu\/wp-json\/wp\/v2\/media?parent=47864"}],"wp:term":[{"taxonomy":"category","embeddable":true,"href":"https:\/\/edublog.educastur.es\/ixuxu\/wp-json\/wp\/v2\/categories?post=47864"},{"taxonomy":"post_tag","embeddable":true,"href":"https:\/\/edublog.educastur.es\/ixuxu\/wp-json\/wp\/v2\/tags?post=47864"}],"curies":[{"name":"wp","href":"https:\/\/api.w.org\/{rel}","templated":true}]}}