{"id":47905,"date":"2025-05-08T08:20:56","date_gmt":"2025-05-08T06:20:56","guid":{"rendered":"https:\/\/edublog.educastur.es\/ixuxu\/?p=47905"},"modified":"2025-05-07T22:03:10","modified_gmt":"2025-05-07T20:03:10","slug":"tiempu-nasturies-el-comercio-10","status":"publish","type":"post","link":"https:\/\/edublog.educastur.es\/ixuxu\/2025\/05\/tiempu-nasturies-el-comercio-10\/","title":{"rendered":"Tiempu n&#8217;Asturies (El Comercio)"},"content":{"rendered":"<p>&nbsp;<\/p>\n<p style=\"text-align: center\"><a href=\"https:\/\/s1.ppllstatics.com\/elcomercio\/www\/multimedia\/2025\/05\/07\/tiempo-asturias-jueves-8-abril-kjBI-U2301404163085IHH-1200x840@El%20Comercio.jpg\"><img loading=\"lazy\" decoding=\"async\" class=\"aligncenter size-large\" src=\"https:\/\/s1.ppllstatics.com\/elcomercio\/www\/multimedia\/2025\/05\/07\/tiempo-asturias-jueves-8-abril-kjBI-U2301404163085IHH-1200x840@El%20Comercio.jpg\" width=\"1200\" height=\"840\" \/><\/a><\/p>\n<p><strong>Vamos amanecer<\/strong> con cielos pocu nublos o inclusive estenos, salvu en zones onde podr\u00eden dase delles borrines ma\u00f1aneres. Pero, <strong>a lo llargo de la ma\u00f1ana<\/strong>, vamos reparar como la nubosid\u00e1 va dir n&#8217;aumentu hasta cubrir pr\u00e1cticamente tol Princip\u00e1u. Estes nubes van dexar pela tarde bastios nel cordal y otres zones de la met\u00e1 sur principalmente. <strong>Los vientos<\/strong> van ser fluexos y variables de primeres, pero van afitar de nordeste mientres la ma\u00f1ana con posibles raches moderaes siquier na mari\u00f1a.<strong> Les temperatures m\u00e1ximes<\/strong> nun van esperimentar cambeos importantes respectu al mi\u00e9rcoles, ente que <strong>les m\u00ednimes<\/strong> van xubir llixeramente en tola rex\u00f3n.<\/p>\n<p><!--more--><\/p>\n<p><strong>El vienres<\/strong> preven cielos nublos con posibilid\u00e1 de bastios que, nuevamente, van afectar con mayor probabilid\u00e1 a la zona sur asturiana (ensin refugase que de forma puntual afecten a otros puntos de la rex\u00f3n). <strong>Los vientos<\/strong> van siguir soplando de nordeste y <strong>les temperatures<\/strong> van baxar nel casu de les m\u00e1ximes y van xubir nel de les m\u00ednimes. La previsi\u00f3n <strong>pa la fin de selmana<\/strong> apunta a la posibilid\u00e1 de les nubes vaigan de menos a m\u00e1s mientres el d\u00eda con posibles bastios vespertinos sobremanera.<\/p>\n<p>&nbsp;<\/p>\n","protected":false},"excerpt":{"rendered":"<p>&nbsp; Vamos amanecer con cielos pocu nublos o inclusive estenos, salvu en zones onde podr\u00eden dase delles borrines ma\u00f1aneres. Pero, a lo llargo de la ma\u00f1ana, vamos reparar como la nubosid\u00e1 va dir n&#8217;aumentu hasta cubrir pr\u00e1cticamente tol Princip\u00e1u. Estes nubes van dexar pela tarde bastios nel cordal y otres zones de la met\u00e1 sur [&hellip;]<\/p>\n","protected":false},"author":117,"featured_media":0,"comment_status":"open","ping_status":"open","sticky":false,"template":"","format":"standard","meta":{"footnotes":""},"categories":[5],"tags":[],"class_list":["post-47905","post","type-post","status-publish","format-standard","hentry","category-tiempu"],"_links":{"self":[{"href":"https:\/\/edublog.educastur.es\/ixuxu\/wp-json\/wp\/v2\/posts\/47905","targetHints":{"allow":["GET"]}}],"collection":[{"href":"https:\/\/edublog.educastur.es\/ixuxu\/wp-json\/wp\/v2\/posts"}],"about":[{"href":"https:\/\/edublog.educastur.es\/ixuxu\/wp-json\/wp\/v2\/types\/post"}],"author":[{"embeddable":true,"href":"https:\/\/edublog.educastur.es\/ixuxu\/wp-json\/wp\/v2\/users\/117"}],"replies":[{"embeddable":true,"href":"https:\/\/edublog.educastur.es\/ixuxu\/wp-json\/wp\/v2\/comments?post=47905"}],"version-history":[{"count":2,"href":"https:\/\/edublog.educastur.es\/ixuxu\/wp-json\/wp\/v2\/posts\/47905\/revisions"}],"predecessor-version":[{"id":47907,"href":"https:\/\/edublog.educastur.es\/ixuxu\/wp-json\/wp\/v2\/posts\/47905\/revisions\/47907"}],"wp:attachment":[{"href":"https:\/\/edublog.educastur.es\/ixuxu\/wp-json\/wp\/v2\/media?parent=47905"}],"wp:term":[{"taxonomy":"category","embeddable":true,"href":"https:\/\/edublog.educastur.es\/ixuxu\/wp-json\/wp\/v2\/categories?post=47905"},{"taxonomy":"post_tag","embeddable":true,"href":"https:\/\/edublog.educastur.es\/ixuxu\/wp-json\/wp\/v2\/tags?post=47905"}],"curies":[{"name":"wp","href":"https:\/\/api.w.org\/{rel}","templated":true}]}}