{"id":47918,"date":"2025-05-08T09:14:43","date_gmt":"2025-05-08T07:14:43","guid":{"rendered":"https:\/\/edublog.educastur.es\/ixuxu\/?p=47918"},"modified":"2025-05-08T09:52:24","modified_gmt":"2025-05-08T07:52:24","slug":"lanuariu-de-la-musica-asturiana","status":"publish","type":"post","link":"https:\/\/edublog.educastur.es\/ixuxu\/2025\/05\/lanuariu-de-la-musica-asturiana\/","title":{"rendered":"L&#8217;Anuariu de la M\u00fasica Asturiana"},"content":{"rendered":"<div class=\"xdj266r x11i5rnm xat24cr x1mh8g0r x1vvkbs x126k92a\">\n<div dir=\"auto\" style=\"text-align: center\"><a href=\"https:\/\/musicasturiana.com\/wp-content\/uploads\/2025\/02\/anuariu-2024-1431x2048.jpg\"><img loading=\"lazy\" decoding=\"async\" class=\"aligncenter \" src=\"https:\/\/musicasturiana.com\/wp-content\/uploads\/2025\/02\/anuariu-2024-1431x2048.jpg\" width=\"385\" height=\"551\" \/><\/a><\/div>\n<div dir=\"auto\"><\/div>\n<div dir=\"auto\">Nel n\u00famberu especial que celebra&#8217;l so 25 Aniversariu, fai una repasada a la m\u00fasica asturiana de 2024, con entrevistes, estudios y reportaxes como <em>\u00abLa Xeneraci\u00f3n Z apurre a la m\u00fasica asturiano y Uno hestoria de la Pandereta revolution&#8217;\u00bb.<\/em> Nes sos p\u00e1xines tami\u00e9n pod\u00e9is atopar al nuesu mus\u00e9u.<\/div>\n<ul>\n<li dir=\"auto\"><a href=\"https:\/\/musicasturiana.com\/portfolio\/anuariu-2024\/?fbclid=IwZXh0bgNhZW0CMTAAYnJpZBEwYkU1SGJPRlFqWndqTk91NwEe-4_PBYJASZzBTjkCrgsTXjoaAE9BnqOXYKBpBHjDqzGeBU_LCeQHFrnEUNc_aem_KTjyeRd6v4qgXa-mo-XKgQ\">L&#8217;Anuariu completu nesti enllaz<\/a> \/<a href=\"https:\/\/musicasturiana.com\/wp-content\/uploads\/2025\/02\/Anuariu-de-la-Musica-Asturiana-2024-br.pdf\">Calca pa lleer l&#8217;Anuariu de la M\u00fasica Asturiana 2024<\/a><\/li>\n<\/ul>\n<div dir=\"auto\">\n<div class=\"elementor-element elementor-element-ff120e7 elementor-widget elementor-widget-heading\" data-id=\"ff120e7\" data-element_type=\"widget\" data-widget_type=\"heading.default\">\n<div class=\"elementor-widget-container\">\n<p><!--more--><\/p>\n<\/div>\n<\/div>\n<div class=\"elementor-element elementor-element-afc8e8c elementor-widget elementor-widget-text-editor\" data-id=\"afc8e8c\" data-element_type=\"widget\" data-widget_type=\"text-editor.default\">\n<div class=\"elementor-widget-container\">\n<p>L\u2019<a href=\"https:\/\/musicasturiana.com\/wp-content\/uploads\/2025\/02\/Anuariu-de-la-Musica-Asturiana-2024-br.pdf\" target=\"_blank\" rel=\"noreferrer noopener\">Anuariu de la M\u00fasica Asturiana 2024<\/a>\u00a0fai un repasu fondu a lo que dio de s\u00ed\u2019l pas\u00e1u a\u00f1u. Como de costume, les tem\u00e1tiques c\u00e9ntrense n\u2019estilos como\u00a0<strong>la m\u00fasica tradicional, el folk, el rock o la canci\u00f3n d\u2019autor<\/strong>, con secciones qu\u2019incl\u00fain\u00a0<strong>reportaxes, informes, entrevistes, cr\u00edtiques, opini\u00f3n, recoyida de material o anuncies<\/strong>.<\/p>\n<p>L\u2019Entamu, nesta ocasi\u00f3n, tit\u00falase\u00a0<strong>\u00abLa fortaleza de la m\u00fasica asturiana\u00bb<\/strong>\u00a0y n\u00e9l faise una retrospectiva de lo que foron pa la m\u00fasica asturiana estes dos \u00faltimes d\u00e9cades, nesti sen, manifi\u00e9stase: \u00abYe de xusticia reconocer que\u2019l puxu que muestra la m\u00fasica asturiana, magar la so problem\u00e1tica, ye consecuencia del compromisu y llealt\u00e1 de los propios protagonistes -individuales y colectivos-; ye\u2019l trabayu permanente y con xeitu de los y les int\u00e9rpretes, en xunto cola autoxesti\u00f3n de la socied\u00e1 civil, lo que nos permite gociar d\u2019una escena bayurosa, diversificada y din\u00e1mica\u00bb.<\/p>\n<p>En cuantes a los conten\u00edos, destaquen la cr\u00f3nica titulada \u00abCantar del 2024: ente la tristura y l\u2019allegr\u00eda\u00bb, que percuerre l\u2019<strong>activid\u00e1 festivalera alredor de los son\u00edos folkis<\/strong>; el reportaxe \u00abLa banda sonora d\u2019un patrimoniu mundial\u00bb, qu\u2019esplora les\u00a0<strong>rellaciones ente la cultura sidrera y la m\u00fasica<\/strong>; conmem\u00f3rase\u2019l\u00a0<strong>cuarenta aniversariu de la Noite Celta de Porc\u00eda<\/strong>\u00a0con dos art\u00edculos: \u00abCuarenta anos na periferia cultural asturiana\u00bb y \u00abLos or\u00edxenenes d\u2019una identid\u00e1 m\u00e1s all\u00e1 de la m\u00fasica\u00bb; rescamplen tami\u00e9n dos\u00a0<strong>estudios de calter hist\u00f3ricu<\/strong>: \u00abM\u00fasica nes piedres\u00bb -sobre la iconograf\u00eda musical nos capiteles medievales asturianos- y \u00abCuando un mundu muertu canta una canci\u00f3n nueva\u00bb -sobre la m\u00fasica na Revoluci\u00f3n d\u2019Ochobre de 1934-; les\u00a0<strong>propuestes m\u00e1s nueves<\/strong>\u00a0tienen el so espaciu nel reportaxe<em> \u00abLa Xeneraci\u00f3n Z aporta a la m\u00fasica asturiana\u00bb<\/em>; otru reportaxe titul\u00e1u \u00abUna historia del \u2018<strong>Pandereta revolution<\/strong>\u2019\u00bb afonda nel bon momentu que ta viviendo esi instrumentu; am\u00e1s d\u2019<strong>entrevistes<\/strong>\u00a0a Herbamora o a H\u00e9ctor Braga.<\/p>\n<p>&nbsp;<\/p>\n<p>L\u2019Anuariu z\u00e1rrase, como siempre, cola secci\u00f3n \u00abCollecha\u00bb, onde apaecen les\u00a0<strong>producciones musicales y bibliogr\u00e1fiques del 2024<\/strong>. El volume complem\u00e9ntase con un\u00a0<strong>discu<\/strong>\u00a0nel que se recueyen muestres de lo meyor qu\u2019ufiert\u00f3 l\u2019a\u00f1u, con diecinueve cortes repart\u00edos n\u2019estilos como\u2019l folk, el rock, el reggae o la electr\u00f3nica, con artistes y grupos como Rub\u00e9n Alba, Guieldu, Bele\u00f1o, Herbamora, Llev\u00f3lu\u2019l Sumiciu, Fruela 757, Melandru<br \/>\no La Tarrancha.<\/p>\n<\/div>\n<\/div>\n<div class=\"elementor-element elementor-element-eee4518 elementor-widget elementor-widget-html\" data-id=\"eee4518\" data-element_type=\"widget\" data-widget_type=\"html.default\">\n<div class=\"elementor-widget-container\"><a href=\"https:\/\/musicasturiana.com\/wp-content\/uploads\/2025\/02\/Anuariu-de-la-Musica-Asturiana-2024-br.pdf\"><b>Descargar PDF, por cortes\u00eda de Goxe Producciones.<\/b><\/a><\/div>\n<\/div>\n<div class=\"elementor-element elementor-element-b97a6f5 elementor-widget elementor-widget-spacer\" data-id=\"b97a6f5\" data-element_type=\"widget\" data-widget_type=\"spacer.default\">\n<div class=\"elementor-widget-container\">\n<div class=\"elementor-spacer\"><\/div>\n<\/div>\n<\/div>\n<\/div>\n<\/div>\n<p>&nbsp;<\/p>\n","protected":false},"excerpt":{"rendered":"<p>Nel n\u00famberu especial que celebra&#8217;l so 25 Aniversariu, fai una repasada a la m\u00fasica asturiana de 2024, con entrevistes, estudios y reportaxes como \u00abLa Xeneraci\u00f3n Z apurre a la m\u00fasica asturiano y Uno hestoria de la Pandereta revolution&#8217;\u00bb. Nes sos p\u00e1xines tami\u00e9n pod\u00e9is atopar al nuesu mus\u00e9u. L&#8217;Anuariu completu nesti enllaz \/Calca pa lleer l&#8217;Anuariu [&hellip;]<\/p>\n","protected":false},"author":117,"featured_media":0,"comment_status":"open","ping_status":"open","sticky":false,"template":"","format":"standard","meta":{"footnotes":""},"categories":[444,35,125],"tags":[],"class_list":["post-47918","post","type-post","status-publish","format-standard","hentry","category-anuariu","category-musica","category-musicasturiana-com"],"_links":{"self":[{"href":"https:\/\/edublog.educastur.es\/ixuxu\/wp-json\/wp\/v2\/posts\/47918","targetHints":{"allow":["GET"]}}],"collection":[{"href":"https:\/\/edublog.educastur.es\/ixuxu\/wp-json\/wp\/v2\/posts"}],"about":[{"href":"https:\/\/edublog.educastur.es\/ixuxu\/wp-json\/wp\/v2\/types\/post"}],"author":[{"embeddable":true,"href":"https:\/\/edublog.educastur.es\/ixuxu\/wp-json\/wp\/v2\/users\/117"}],"replies":[{"embeddable":true,"href":"https:\/\/edublog.educastur.es\/ixuxu\/wp-json\/wp\/v2\/comments?post=47918"}],"version-history":[{"count":3,"href":"https:\/\/edublog.educastur.es\/ixuxu\/wp-json\/wp\/v2\/posts\/47918\/revisions"}],"predecessor-version":[{"id":47921,"href":"https:\/\/edublog.educastur.es\/ixuxu\/wp-json\/wp\/v2\/posts\/47918\/revisions\/47921"}],"wp:attachment":[{"href":"https:\/\/edublog.educastur.es\/ixuxu\/wp-json\/wp\/v2\/media?parent=47918"}],"wp:term":[{"taxonomy":"category","embeddable":true,"href":"https:\/\/edublog.educastur.es\/ixuxu\/wp-json\/wp\/v2\/categories?post=47918"},{"taxonomy":"post_tag","embeddable":true,"href":"https:\/\/edublog.educastur.es\/ixuxu\/wp-json\/wp\/v2\/tags?post=47918"}],"curies":[{"name":"wp","href":"https:\/\/api.w.org\/{rel}","templated":true}]}}