{"id":47924,"date":"2025-05-08T09:58:14","date_gmt":"2025-05-08T07:58:14","guid":{"rendered":"https:\/\/edublog.educastur.es\/ixuxu\/?p=47924"},"modified":"2025-05-08T09:59:47","modified_gmt":"2025-05-08T07:59:47","slug":"esti-domingu-vuelve-a-tpa-sonadia-el-programa-dedicau-a-la-musica-fecha-nasturies","status":"publish","type":"post","link":"https:\/\/edublog.educastur.es\/ixuxu\/2025\/05\/esti-domingu-vuelve-a-tpa-sonadia-el-programa-dedicau-a-la-musica-fecha-nasturies\/","title":{"rendered":"Esti domingu vuelve a TPA \u2018Sonad\u00eda\u2019, el programa dedic\u00e1u a la m\u00fasica fecha n\u2019Asturies"},"content":{"rendered":"<ul>\n<li><a href=\"https:\/\/musicasturiana.com\/esti-domingu-vuelve-a-tpa-sonadia-el-programa-dedicau-a-la-musica-fecha-nasturies\/\">Esti domingu vuelve a TPA \u2018Sonad\u00eda\u2019, el programa dedic\u00e1u a la m\u00fasica fecha n\u2019Asturies<\/a><\/li>\n<\/ul>\n<p style=\"text-align: center\"><a href=\"https:\/\/musicasturiana.com\/wp-content\/uploads\/2025\/05\/sonadia-ambas-ya-ramses.jpg\"><img loading=\"lazy\" decoding=\"async\" class=\"aligncenter size-large\" src=\"https:\/\/musicasturiana.com\/wp-content\/uploads\/2025\/05\/sonadia-ambas-ya-ramses.jpg\" width=\"1200\" height=\"600\" \/><\/a><\/p>\n<p>Esti domingu 11 de mayu a les\u00a0<strong>22.45h<\/strong>\u00a0TPA estrena la segunda temporada de\u00a0<em><strong><a href=\"https:\/\/www.instagram.com\/p\/C3tGfm5tkXs\/\" target=\"_blank\" rel=\"noreferrer noopener\">Sonad\u00eda<\/a><\/strong><\/em>, el programa dedic\u00e1u a la m\u00fasica fecha n\u2019Asturies que conducen les hermanes\u00a0<strong>Alicia \u00c1lvarez y Mar \u00c1lvarez<\/strong>\u00a0de Pauline en la Playa y que ta realiz\u00e1u por\u00a0<strong>Zebrastur<\/strong>.<\/p>\n<p><!--more--><\/p>\n<p>Vuelven a ser 13 cap\u00edtulos nos que van apaecer una montonera d\u2019<strong>artistes emerxentes y veteranos<\/strong>\u00a0que representen la\u00a0<strong>diversid\u00e1\u00a0<\/strong>de los estilos musicales que se faen nel pa\u00eds: pop, folk, new folk, jazz, m\u00fasica de c\u00e1mara, urbana, electr\u00f3nica\u2026 La m\u00fasica n\u2019asturianu vuelve a tar representada cola participaci\u00f3n esta vegada de d\u2019<strong>Amb\u00e1s ya Rams\u00e9s, Muyeres, Llev\u00f3lu\u2019l Sumiciu, Xaime Arias Tr\u00edo, Tania Pereira y L\u00efbre<\/strong>.<\/p>\n<p>El\u00a0<strong>formatu\u00a0<\/strong>del programa calti\u00e9nse seg\u00fan desplica desplica Alicia \u00c1lvarez: \u00abcharra y actuaci\u00f3n en directo con proyectu musical usando llocalizaciones mui especiales d\u2019Asturies y toles llocuciones vuelven a ser n\u2019asturianu\u00bb . Sicas\u00ed, esti a\u00f1u hai\u00a0<strong>novedaes<\/strong>\u00a0como que, am\u00e1s de los artistes, tami\u00e9n participen nes entrevistes\u00a0<strong>\u00abotres persones que formen parte de la escena musica<\/strong>l<strong>\u00ab<\/strong>\u00a0pa dar la so visi\u00f3n al rodiu cuestiones rellacionaes cola industria sonora y col llabor de los artistes qu\u2019acompa\u00f1en. \u00dan de los exemplos ye l\u2019apaici\u00f3n de<strong>\u00a0Xicu Ariza<\/strong>\u00a0-responsable de Musicasturiana.com- xunto a Llev\u00f3lu\u2019l Sumiciu nun alcuentru nel que tuvieron falando del Semando Fest, de pol\u00edtiques musicales y del futuru de la escena n\u2019asturianu, ente otres coses.<\/p>\n<p>A les 22.45h d\u2019esti domingu va poder vese\u2019l result\u00e1u na TPA, anque con dos novedaes qu\u2019espeyen la progresiva adaptaci\u00f3n de la cadena p\u00fablica asturiana a les formes nueves de consumir productos audiovisuales: va haber un\u00a0<strong>preestrenu a les 20h na web<\/strong>\u00a0de la radio televisi\u00f3n p\u00fablica asturiana y a la mesma hora que se va emitir pela televisi\u00f3n, va estrenase na\u00a0<strong>canal de YouTube<\/strong>\u00a0de TPA.<\/p>\n<figure class=\"wp-block-image aligncenter size-large\"><a href=\"https:\/\/musicasturiana.com\/wp-content\/uploads\/2025\/05\/Sonadia-Sumiciu-Xicu.jpeg\"><img loading=\"lazy\" decoding=\"async\" class=\"wp-image-39451\" src=\"https:\/\/musicasturiana.com\/wp-content\/uploads\/2025\/05\/Sonadia-Sumiciu-Xicu-1024x815.jpeg\" alt=\"\" width=\"1024\" height=\"815\" \/><\/a><figcaption class=\"wp-element-caption\"><em>Fotograma del programa cola participaci\u00f3n Llev\u00f3lu\u2019l Sumiciu y Xicu Ariza<\/em><\/figcaption><\/figure>\n","protected":false},"excerpt":{"rendered":"<p>Esti domingu vuelve a TPA \u2018Sonad\u00eda\u2019, el programa dedic\u00e1u a la m\u00fasica fecha n\u2019Asturies Esti domingu 11 de mayu a les\u00a022.45h\u00a0TPA estrena la segunda temporada de\u00a0Sonad\u00eda, el programa dedic\u00e1u a la m\u00fasica fecha n\u2019Asturies que conducen les hermanes\u00a0Alicia \u00c1lvarez y Mar \u00c1lvarez\u00a0de Pauline en la Playa y que ta realiz\u00e1u por\u00a0Zebrastur.<\/p>\n","protected":false},"author":117,"featured_media":0,"comment_status":"open","ping_status":"open","sticky":false,"template":"","format":"standard","meta":{"footnotes":""},"categories":[35,125],"tags":[],"class_list":["post-47924","post","type-post","status-publish","format-standard","hentry","category-musica","category-musicasturiana-com"],"_links":{"self":[{"href":"https:\/\/edublog.educastur.es\/ixuxu\/wp-json\/wp\/v2\/posts\/47924","targetHints":{"allow":["GET"]}}],"collection":[{"href":"https:\/\/edublog.educastur.es\/ixuxu\/wp-json\/wp\/v2\/posts"}],"about":[{"href":"https:\/\/edublog.educastur.es\/ixuxu\/wp-json\/wp\/v2\/types\/post"}],"author":[{"embeddable":true,"href":"https:\/\/edublog.educastur.es\/ixuxu\/wp-json\/wp\/v2\/users\/117"}],"replies":[{"embeddable":true,"href":"https:\/\/edublog.educastur.es\/ixuxu\/wp-json\/wp\/v2\/comments?post=47924"}],"version-history":[{"count":3,"href":"https:\/\/edublog.educastur.es\/ixuxu\/wp-json\/wp\/v2\/posts\/47924\/revisions"}],"predecessor-version":[{"id":47927,"href":"https:\/\/edublog.educastur.es\/ixuxu\/wp-json\/wp\/v2\/posts\/47924\/revisions\/47927"}],"wp:attachment":[{"href":"https:\/\/edublog.educastur.es\/ixuxu\/wp-json\/wp\/v2\/media?parent=47924"}],"wp:term":[{"taxonomy":"category","embeddable":true,"href":"https:\/\/edublog.educastur.es\/ixuxu\/wp-json\/wp\/v2\/categories?post=47924"},{"taxonomy":"post_tag","embeddable":true,"href":"https:\/\/edublog.educastur.es\/ixuxu\/wp-json\/wp\/v2\/tags?post=47924"}],"curies":[{"name":"wp","href":"https:\/\/api.w.org\/{rel}","templated":true}]}}