{"id":47939,"date":"2025-05-08T10:15:50","date_gmt":"2025-05-08T08:15:50","guid":{"rendered":"https:\/\/edublog.educastur.es\/ixuxu\/?p=47939"},"modified":"2025-05-11T14:29:22","modified_gmt":"2025-05-11T12:29:22","slug":"esposicion-fotografica-nel-estragal-del-olvidu-danalia-pello","status":"publish","type":"post","link":"https:\/\/edublog.educastur.es\/ixuxu\/2025\/05\/esposicion-fotografica-nel-estragal-del-olvidu-danalia-pello\/","title":{"rendered":"Esposici\u00f3n:  \u00abNel umbral del olv\u00edu\u00bb d&#8217;Anal\u00eda Pello."},"content":{"rendered":"<div class=\"html-div xdj266r x11i5rnm xat24cr x1mh8g0r xexx8yu x1a8lsjc x1swvt13 x1pi30zi\">\n<div class=\"html-div xdj266r x11i5rnm xat24cr x1mh8g0r xexx8yu x4uap5 x18d9i69 xkhd6sd x1jx94hy x78zum5 x1q0g3np\">\n<div class=\"x78zum5 xdt5ytf xz62fqu x16ldp7u\">\n<div class=\"xu06os2 x1ok221b\">\n<div class=\"html-div xdj266r x11i5rnm xat24cr x1mh8g0r xexx8yu x4uap5 x18d9i69 xkhd6sd\" data-ad-rendering-role=\"profile_name\">\n<ul>\n<li class=\"html-h3 x11i5rnm xat24cr x1mh8g0r xexx8yu x4uap5 x18d9i69 xkhd6sd x1vvkbs x1heor9g x1qlqyl8 x1pd3egz x1a2a7pz x1gslohp x1yc453h\"><span class=\"x1lliihq x6ikm8r x10wlt62 x1n2onr6\"><span class=\"xt0psk2\"><a class=\"x1i10hfl xjbqb8w x1ejq31n xd10rxx x1sy0etr x17r0tee x972fbf xcfux6l x1qhh985 xm0m39n x9f619 x1ypdohk xt0psk2 xe8uvvx xdj266r x11i5rnm xat24cr x1mh8g0r xexx8yu x4uap5 x18d9i69 xkhd6sd x16tdsg8 x1hl2dhg xggy1nq x1a2a7pz xkrqix3 x1sur9pj xzsf02u x1s688f\" role=\"link\" href=\"https:\/\/www.facebook.com\/pinceladasdeasturias?__cft__[0]=AZVbTqkTkBVa8iIBVoRkQb4A0qxHpnnl7LQYvfrrqj_wBEIQk45YJWlMPXOY_j9T3yM9VDu3pFYMYExK7ST4YPMAJcvd-f4qBGEp60Gv3nsRosaCIHWWTqcmZ8ltENGN9WB8hkb7DL-qgwU3ZMIoEvWVVOmNNS9-O5KlzKkAc83Aa8NP4yr_PmS6SXOH4-Ah10NQo5FoEZgQhNYvD-3erFtftZ2p2FowyrUzG-ongK2PeA&amp;__tn__=-UC%2CP-y-R\"><strong class=\"html-strong xdj266r x11i5rnm xat24cr x1mh8g0r xexx8yu x4uap5 x18d9i69 xkhd6sd x1hl2dhg x16tdsg8 x1vvkbs x1s688f\"><span class=\"html-span xdj266r x11i5rnm xat24cr x1mh8g0r xexx8yu x4uap5 x18d9i69 xkhd6sd x1hl2dhg x16tdsg8 x1vvkbs\">Pinceladas de Asturias<\/span><\/strong><\/a><\/span><\/span>\/<a href=\"https:\/\/scontent-mad1-1.xx.fbcdn.net\/v\/t39.30808-6\/494208902_1314944046858167_8296961449164114161_n.jpg?_nc_cat=106&amp;ccb=1-7&amp;_nc_sid=833d8c&amp;_nc_ohc=CpI2os03H54Q7kNvwFxzdvm&amp;_nc_oc=AdkzlsIGXYkUM5lLaakafCFkwD0UnGW6UAGuCjJkZYid_zeW8tuc8f2n1ETUZalk9ug&amp;_nc_zt=23&amp;_nc_ht=scontent-mad1-1.xx&amp;_nc_gid=COBv41i0Z78KC0umQE521g&amp;oh=00_AfLC7FolsiTC5nCXavYJdHEx1D_vEAGftJDvpX9FrYJLgw&amp;oe=68222D68\"> cartelu<\/a>\/ h<a href=\"https:\/\/www.instagram.com\/analiapello\/\">ttps:\/\/www.instagram.com\/analiapello\/\u00a0<\/a>\/<a href=\"https:\/\/www.facebook.com\/RTPAoficial?__cft__[0]=AZUzXk3VXxC2k6GAgKI38KbLooqKttWffkMzdSTFqvIUdXkw10v9oY5z-uAsq2t2sslf7o9m-Jt18hqgoJi41Nv_7UAqbeAyLyTSMJ7QPrRHf3LwQOXX6T5ZyUL_Am6dY3s4kwG81WR9s-uyoRmc66wr9-RsZEZjQa6U0wjXR9F6y-qXnzQfpEf78srDhXugtfIiHK5VeWTXOw21wKxMEJM4&amp;__tn__=-UC%2CP-R\"> RTPA<\/a> \/<\/li>\n<\/ul>\n<\/div>\n<\/div>\n<\/div>\n<\/div>\n<\/div>\n<div class=\"html-div xdj266r x11i5rnm xat24cr x1mh8g0r xexx8yu x4uap5 x18d9i69 xkhd6sd\" dir=\"auto\">\n<div class=\"html-div xdj266r x11i5rnm xat24cr x1mh8g0r xexx8yu x4uap5 x18d9i69 xkhd6sd\" dir=\"auto\">\n<div class=\"html-div xdj266r x11i5rnm xat24cr x1mh8g0r xexx8yu x4uap5 x18d9i69 xkhd6sd\" data-ad-rendering-role=\"story_message\">\n<div class=\"x1l90r2v x1iorvi4 x1ye3gou xn6708d\" data-ad-comet-preview=\"message\" data-ad-preview=\"message\">\n<div class=\"x78zum5 xdt5ytf xz62fqu x16ldp7u\">\n<div class=\"xu06os2 x1ok221b\">\n<div class=\"x11i5rnm xat24cr x1mh8g0r x1vvkbs xtlvy1s x126k92a\">\n<ul>\n<li dir=\"auto\">Sala d&#8217;esposiciones <em>Casa Cultura (Palaciu de Valdecarzana) Grau<\/em><\/li>\n<li dir=\"auto\"><em>Del 5 al 31 Mayu<\/em><\/li>\n<li dir=\"auto\">Llunes &#8211; vienres\u00a0 10-20:45 h. S\u00e1bados y domingu\u00a0 10-14 y 15- 20:45 h.<\/li>\n<li dir=\"auto\">En collaboraci\u00f3n col<span style=\"text-decoration: underline\"><em> Mus\u00e9u Etnogr\u00e1ficu de Grao<\/em><\/span><\/li>\n<\/ul>\n<div class=\"html-div xdj266r x11i5rnm xat24cr x1mh8g0r xexx8yu x4uap5 x18d9i69 xkhd6sd\">\n<div class=\"html-div xdj266r x11i5rnm x1mh8g0r x18d9i69 x1cy8zhl x78zum5 x1q0g3np xod5an3 xz9dl7a x1ye3gou xn6708d\">\n<div class=\"html-div xdj266r x11i5rnm xat24cr x1mh8g0r xexx8yu x4uap5 x18d9i69 xkhd6sd x1iyjqo2 xeuugli\">\n<div class=\"x78zum5 xdt5ytf xz62fqu x16ldp7u\">\n<div class=\"xu06os2 x1ok221b\">\n<div class=\"html-div xdj266r x11i5rnm xat24cr x1mh8g0r xexx8yu x4uap5 x18d9i69 xkhd6sd\" data-ad-rendering-role=\"profile_name\"><\/div>\n<\/div>\n<\/div>\n<\/div>\n<div class=\"xqcrz7y x78zum5 x1qx5ct2 x1y1aw1k x1sxyh0 xwib8y2 xurb0ha xw4jnvo\">\n<div class=\"x1i10hfl x1qjc9v5 xjqpnuy xa49m3k xqeqjp1 x2hbi6w x9f619 x1ypdohk xdl72j9 x2lah0s xe8uvvx x2lwn1j xeuugli x16tdsg8 x1hl2dhg xggy1nq x1ja2u2z x1t137rt x1o1ewxj x3x9cwd x1e5q0jg x13rtm0m x1q0g3np x87ps6o x1lku1pv x1a2a7pz xjyslct xjbqb8w x13fuv20 xu3j5b3 x1q0q8m5 x26u7qi x972fbf xcfux6l x1qhh985 xm0m39n x3nfvp2 xdj266r x11i5rnm xat24cr x1mh8g0r xexx8yu x4uap5 x18d9i69 xkhd6sd x1n2onr6 x3ajldb x194ut8o x1vzenxt xd7ygy7 xt298gk x1xhcax0 x1s928wv x10pfhc2 x1j6awrg x1v53gu8 x1tfg27r xitxdhh\" role=\"button\" aria-expanded=\"false\" aria-label=\"Acciones para esta publicaci\u00f3n\">\n<div role=\"none\" data-visualcompletion=\"ignore\"><span class=\"html-span xexx8yu x4uap5 x18d9i69 xkhd6sd x1hl2dhg x16tdsg8 x1vvkbs x3nfvp2 x1j61x8r x1fcty0u xdj266r xat24cr xgzva0m xhhsvwb xxymvpz xlup9mm x1kky2od\"><img loading=\"lazy\" decoding=\"async\" class=\"xz74otr x168nmei x13lgxp2 x5pf9jr xo71vjh\" src=\"https:\/\/static.xx.fbcdn.net\/images\/emoji.php\/v9\/tde\/1\/16\/1f4f8.png\" alt=\"\ud83d\udcf8\" width=\"16\" height=\"16\" \/><\/span><span class=\"html-span xexx8yu x4uap5 x18d9i69 xkhd6sd x1hl2dhg x16tdsg8 x1vvkbs x3nfvp2 x1j61x8r x1fcty0u xdj266r xat24cr xgzva0m xhhsvwb xxymvpz xlup9mm x1kky2od\"><img loading=\"lazy\" decoding=\"async\" class=\"xz74otr x168nmei x13lgxp2 x5pf9jr xo71vjh\" src=\"https:\/\/static.xx.fbcdn.net\/images\/emoji.php\/v9\/tbf\/1\/16\/1f9d1_200d_1f3a8.png\" alt=\"\ud83e\uddd1\u200d\ud83c\udfa8\" width=\"16\" height=\"16\" \/><\/span><span class=\"html-span xexx8yu x4uap5 x18d9i69 xkhd6sd x1hl2dhg x16tdsg8 x1vvkbs x3nfvp2 x1j61x8r x1fcty0u xdj266r xat24cr xgzva0m xhhsvwb xxymvpz xlup9mm x1kky2od\"><img loading=\"lazy\" decoding=\"async\" class=\"xz74otr x168nmei x13lgxp2 x5pf9jr xo71vjh\" src=\"https:\/\/static.xx.fbcdn.net\/images\/emoji.php\/v9\/ta9\/1\/16\/1faa1.png\" alt=\"\ud83e\udea1\" width=\"16\" height=\"16\" \/><\/span><span class=\"html-span xexx8yu x4uap5 x18d9i69 xkhd6sd x1hl2dhg x16tdsg8 x1vvkbs x3nfvp2 x1j61x8r x1fcty0u xdj266r xat24cr xgzva0m xhhsvwb xxymvpz xlup9mm x1kky2od\"><img loading=\"lazy\" decoding=\"async\" class=\"xz74otr x168nmei x13lgxp2 x5pf9jr xo71vjh\" src=\"https:\/\/static.xx.fbcdn.net\/images\/emoji.php\/v9\/ta0\/1\/16\/1f9f5.png\" alt=\"\ud83e\uddf5\" width=\"16\" height=\"16\" \/>Recordar a quien desempe\u00f1aron hist\u00f3ricamente los oficios tradicionales d&#8217;Asturies. Ese ye l&#8217;oxetivu de <strong>\u00abNel umbral del olv\u00edu\u00bb<\/strong> una esposici\u00f3n fotogr\u00e1fica que pon el focu na artesan\u00eda y nel so procesu de creaci\u00f3n. <\/span>\u00a0<span class=\"html-span xdj266r x11i5rnm xat24cr x1mh8g0r xexx8yu x4uap5 x18d9i69 xkhd6sd x1hl2dhg x16tdsg8 x1vvkbs\"><a class=\"x1i10hfl xjbqb8w x1ejq31n xd10rxx x1sy0etr x17r0tee x972fbf xcfux6l x1qhh985 xm0m39n x9f619 x1ypdohk xt0psk2 xe8uvvx xdj266r x11i5rnm xat24cr x1mh8g0r xexx8yu x4uap5 x18d9i69 xkhd6sd x16tdsg8 x1hl2dhg xggy1nq x1a2a7pz xkrqix3 x1sur9pj x1fey0fg x1s688f\" role=\"link\" href=\"https:\/\/www.facebook.com\/hashtag\/anal%C3%ADapello?__eep__=6&amp;__cft__[0]=AZUzXk3VXxC2k6GAgKI38KbLooqKttWffkMzdSTFqvIUdXkw10v9oY5z-uAsq2t2sslf7o9m-Jt18hqgoJi41Nv_7UAqbeAyLyTSMJ7QPrRHf3LwQOXX6T5ZyUL_Am6dY3s4kwG81WR9s-uyoRmc66wr9-RsZEZjQa6U0wjXR9F6y-qXnzQfpEf78srDhXugtfIiHK5VeWTXOw21wKxMEJM4&amp;__tn__=*NK-R\">#Anal\u00edaPello<\/a><\/span> <span class=\"html-span xdj266r x11i5rnm xat24cr x1mh8g0r xexx8yu x4uap5 x18d9i69 xkhd6sd x1hl2dhg x16tdsg8 x1vvkbs\"><a class=\"x1i10hfl xjbqb8w x1ejq31n xd10rxx x1sy0etr x17r0tee x972fbf xcfux6l x1qhh985 xm0m39n x9f619 x1ypdohk xt0psk2 xe8uvvx xdj266r x11i5rnm xat24cr x1mh8g0r xexx8yu x4uap5 x18d9i69 xkhd6sd x16tdsg8 x1hl2dhg xggy1nq x1a2a7pz xkrqix3 x1sur9pj x1fey0fg x1s688f\" role=\"link\" href=\"https:\/\/www.facebook.com\/hashtag\/fotograf%C3%ADa?__eep__=6&amp;__cft__[0]=AZUzXk3VXxC2k6GAgKI38KbLooqKttWffkMzdSTFqvIUdXkw10v9oY5z-uAsq2t2sslf7o9m-Jt18hqgoJi41Nv_7UAqbeAyLyTSMJ7QPrRHf3LwQOXX6T5ZyUL_Am6dY3s4kwG81WR9s-uyoRmc66wr9-RsZEZjQa6U0wjXR9F6y-qXnzQfpEf78srDhXugtfIiHK5VeWTXOw21wKxMEJM4&amp;__tn__=*NK-R\">#Fotograf\u00eda<\/a><\/span> <span class=\"html-span xdj266r x11i5rnm xat24cr x1mh8g0r xexx8yu x4uap5 x18d9i69 xkhd6sd x1hl2dhg x16tdsg8 x1vvkbs\"><a class=\"x1i10hfl xjbqb8w x1ejq31n xd10rxx x1sy0etr x17r0tee x972fbf xcfux6l x1qhh985 xm0m39n x9f619 x1ypdohk xt0psk2 xe8uvvx xdj266r x11i5rnm xat24cr x1mh8g0r xexx8yu x4uap5 x18d9i69 xkhd6sd x16tdsg8 x1hl2dhg xggy1nq x1a2a7pz xkrqix3 x1sur9pj x1fey0fg x1s688f\" role=\"link\" href=\"https:\/\/www.facebook.com\/hashtag\/artesan%C3%ADa?__eep__=6&amp;__cft__[0]=AZUzXk3VXxC2k6GAgKI38KbLooqKttWffkMzdSTFqvIUdXkw10v9oY5z-uAsq2t2sslf7o9m-Jt18hqgoJi41Nv_7UAqbeAyLyTSMJ7QPrRHf3LwQOXX6T5ZyUL_Am6dY3s4kwG81WR9s-uyoRmc66wr9-RsZEZjQa6U0wjXR9F6y-qXnzQfpEf78srDhXugtfIiHK5VeWTXOw21wKxMEJM4&amp;__tn__=*NK-R\">#Artesan\u00eda<\/a><\/span> <span class=\"html-span xdj266r x11i5rnm xat24cr x1mh8g0r xexx8yu x4uap5 x18d9i69 xkhd6sd x1hl2dhg x16tdsg8 x1vvkbs\"><a class=\"x1i10hfl xjbqb8w x1ejq31n xd10rxx x1sy0etr x17r0tee x972fbf xcfux6l x1qhh985 xm0m39n x9f619 x1ypdohk xt0psk2 xe8uvvx xdj266r x11i5rnm xat24cr x1mh8g0r xexx8yu x4uap5 x18d9i69 xkhd6sd x16tdsg8 x1hl2dhg xggy1nq x1a2a7pz xkrqix3 x1sur9pj x1fey0fg x1s688f\" role=\"link\" href=\"https:\/\/www.facebook.com\/hashtag\/grau?__eep__=6&amp;__cft__[0]=AZUzXk3VXxC2k6GAgKI38KbLooqKttWffkMzdSTFqvIUdXkw10v9oY5z-uAsq2t2sslf7o9m-Jt18hqgoJi41Nv_7UAqbeAyLyTSMJ7QPrRHf3LwQOXX6T5ZyUL_Am6dY3s4kwG81WR9s-uyoRmc66wr9-RsZEZjQa6U0wjXR9F6y-qXnzQfpEf78srDhXugtfIiHK5VeWTXOw21wKxMEJM4&amp;__tn__=*NK-R\">#Grau<\/a><\/span><\/div>\n<\/div>\n<\/div>\n<\/div>\n<\/div>\n<p style=\"text-align: center\">\n<!-- iframe plugin v.6.0 wordpress.org\/plugins\/iframe\/ -->\n<iframe loading=\"lazy\" src=\"https:\/\/www.facebook.com\/plugins\/post.php?href=https%3A%2F%2Fwww.facebook.com%2Fpinceladasdeasturias%2Fposts%2Fpfbid07NMvQpjAGxXdZmJXZReBwXwEGHTkbSr4uheteifZ1qeh5bGhVwKEprW7j6QRbXv4l&#038;show_text=false&#038;width=500\" width=\"500\" height=\"498\" style=\"border:none;overflow:hidden\" scrolling=\"no\" frameborder=\"0\" allowfullscreen=\"true\" allow=\"autoplay; clipboard-write; encrypted-media; picture-in-picture; web-share\" 0=\"\/iframe\" class=\"iframe-class\"><\/iframe>\n<\/p>\n<p><!--more--><\/p>\n<p>El Palaciu de Valdecarzana acueye esti mes de mayu la esposici\u00f3n fotogr\u00e1fica <em><strong>\u00a0\u00abNel umbral del olv\u00edu\u00bb\u00a0<\/strong><\/em> de la fot\u00f3grafa asturiana<a href=\"https:\/\/www.instagram.com\/analiapello\/\"><span style=\"color: #008080\"><strong> Anal\u00eda Pello<\/strong>.<\/span><\/a> La esposici\u00f3n forma parte del proyectu personal de l&#8217;autora, quien<strong> a lo llargo de los \u00faltimos a\u00f1os foi documentando oficios asturianos en peligru d&#8217;estinci\u00f3n<\/strong>. Dende&#8217;l postreru madre\u00f1eru d&#8217;Uvi\u00e9u, el postreru alfareru de Faru, el postreru cesteru de Grau, pasando pola ellaboraci\u00f3n artesanal de productos tan escasos como&#8217;l gamoneu del puertu.<\/p>\n<p>&nbsp;<\/p>\n<p><strong>L&#8217;amuesa recueye un total de 70 fotograf\u00edes<\/strong> nes que se retrata a los artesanos y docum\u00e9ntase&#8217;l procesu d&#8217;ellaboraci\u00f3n d&#8217;una de les pieces. Estes fotograf\u00edes non y\u00e1 son un testimoniu visual de la pervivencia d&#8217;estes actividaes, sin\u00f3n tami\u00e9n una llamada d&#8217;atenci\u00f3n \u00e9nte&#8217;l riesgu de la so desapaici\u00f3n.<\/p>\n<p>\u201c<em><strong>Nel umbral del olv\u00edu<\/strong><\/em>\u201d <strong>ufierta una reflex\u00f3n fonda sobro&#8217;l valor de caltener los oficios que, ent\u00e1 angua\u00f1o, representen una conex\u00f3n directa cola hestoria, les tradiciones y el patrimoniu cultural de la nuesa tierra.<\/strong><br \/>\nL&#8217;amuesa convida al espectador a viaxar al travi\u00e9s del tiempu y l&#8217;espaciu, a afayar la riqueza de la vida cotidiana n&#8217;Asturies y a sensibilizase sobro la urxencia de caltener esti leg\u00e1u. Les imaxes d&#8217;Anal\u00eda son una ponte ente&#8217;l pas\u00e1u y el futuru, una puerta a un mundu que cuerre&#8217;l riesgu de sumir.<\/p>\n<p class=\"_ap3a _aaco _aacu _aacx _aad7 _aade\" dir=\"auto\">\ud83d\udccd <em><strong>Nel umbral del olv\u00edu<\/strong><\/em>Nel marcu incomparable del Palaciu de Valdecarzana, edificiu se\u00f1orial del sieglu XV, pres\u00e9ntase una nueva edici\u00f3n <em><strong>Nel umbral del olv\u00edu<\/strong><\/em>, una esposici\u00f3n que recueye la memoria viva de quince oficios tradicionales asturianos en cantu de la desapaici\u00f3n. Esta amuesa \u2014qu&#8217;incorpora nueves semeyes y testimonios\u2014 busca rindir homenaxe a homes y muyeres que sostuvieron mientres <a class=\"x1i10hfl xjbqb8w x1ejq31n xd10rxx x1sy0etr x17r0tee x972fbf xcfux6l x1qhh985 xm0m39n x9f619 x1ypdohk xt0psk2 xe8uvvx xdj266r x11i5rnm xat24cr x1mh8g0r xexx8yu x4uap5 x18d9i69 xkhd6sd x16tdsg8 x1hl2dhg xggy1nq x1a2a7pz _aa9_ _a6hd\" role=\"link\" href=\"https:\/\/www.instagram.com\/explore\/tags\/generaci%C3%B3n\/\">#generaci\u00f3n<\/a> saberes esenciales, g\u00fcei amenaciaos pol pasu del tiempu y l&#8217;olvidu.<\/p>\n<\/div>\n<\/div>\n<\/div>\n<\/div>\n<\/div>\n<\/div>\n<\/div>\n","protected":false},"excerpt":{"rendered":"<p>Pinceladas de Asturias\/ cartelu\/ https:\/\/www.instagram.com\/analiapello\/\u00a0\/ RTPA \/ Sala d&#8217;esposiciones Casa Cultura (Palaciu de Valdecarzana) Grau Del 5 al 31 Mayu Llunes &#8211; vienres\u00a0 10-20:45 h. S\u00e1bados y domingu\u00a0 10-14 y 15- 20:45 h. En collaboraci\u00f3n col Mus\u00e9u Etnogr\u00e1ficu de Grao Recordar a quien desempe\u00f1aron hist\u00f3ricamente los oficios tradicionales d&#8217;Asturies. Ese ye l&#8217;oxetivu de \u00abNel umbral [&hellip;]<\/p>\n","protected":false},"author":117,"featured_media":0,"comment_status":"open","ping_status":"open","sticky":false,"template":"","format":"standard","meta":{"footnotes":""},"categories":[14,17],"tags":[],"class_list":["post-47939","post","type-post","status-publish","format-standard","hentry","category-esposiciones","category-semeyes"],"_links":{"self":[{"href":"https:\/\/edublog.educastur.es\/ixuxu\/wp-json\/wp\/v2\/posts\/47939","targetHints":{"allow":["GET"]}}],"collection":[{"href":"https:\/\/edublog.educastur.es\/ixuxu\/wp-json\/wp\/v2\/posts"}],"about":[{"href":"https:\/\/edublog.educastur.es\/ixuxu\/wp-json\/wp\/v2\/types\/post"}],"author":[{"embeddable":true,"href":"https:\/\/edublog.educastur.es\/ixuxu\/wp-json\/wp\/v2\/users\/117"}],"replies":[{"embeddable":true,"href":"https:\/\/edublog.educastur.es\/ixuxu\/wp-json\/wp\/v2\/comments?post=47939"}],"version-history":[{"count":9,"href":"https:\/\/edublog.educastur.es\/ixuxu\/wp-json\/wp\/v2\/posts\/47939\/revisions"}],"predecessor-version":[{"id":48366,"href":"https:\/\/edublog.educastur.es\/ixuxu\/wp-json\/wp\/v2\/posts\/47939\/revisions\/48366"}],"wp:attachment":[{"href":"https:\/\/edublog.educastur.es\/ixuxu\/wp-json\/wp\/v2\/media?parent=47939"}],"wp:term":[{"taxonomy":"category","embeddable":true,"href":"https:\/\/edublog.educastur.es\/ixuxu\/wp-json\/wp\/v2\/categories?post=47939"},{"taxonomy":"post_tag","embeddable":true,"href":"https:\/\/edublog.educastur.es\/ixuxu\/wp-json\/wp\/v2\/tags?post=47939"}],"curies":[{"name":"wp","href":"https:\/\/api.w.org\/{rel}","templated":true}]}}