{"id":47959,"date":"2025-05-08T11:40:28","date_gmt":"2025-05-08T09:40:28","guid":{"rendered":"https:\/\/edublog.educastur.es\/ixuxu\/?p=47959"},"modified":"2025-05-08T11:44:14","modified_gmt":"2025-05-08T09:44:14","slug":"amazon-busca-pueblu","status":"publish","type":"post","link":"https:\/\/edublog.educastur.es\/ixuxu\/2025\/05\/amazon-busca-pueblu\/","title":{"rendered":"Cadaveu pres\u00e9ntase al Concursu \u201cAmazon Busca Pueblu\u201d"},"content":{"rendered":"<p><em>Cadaveu pres\u00e9ntase al Concursu <strong>\u201cAmazon Busca Pueblu\u201d.\u00a0<\/strong> Atop\u00e1monos nel Princip\u00e1u d&#8217;Asturies, con \ud83d\udeb9 229 habitantes empadronaos, \ud83c\udf0a \u26f0\ufe0f Arrodiaos de riqueza natural y arquitect\u00f3nica. Un \ud83d\udccdllugar aptu para axuntar la cantid\u00e1 de xente indicao (y m\u00e1s) cola opci\u00f3n de d&#8217;agosp\u00e9u y restor\u00e1n.<\/em><\/p>\n<p style=\"text-align: center\">\n<!-- iframe plugin v.6.0 wordpress.org\/plugins\/iframe\/ -->\n<iframe loading=\"lazy\" src=\"https:\/\/www.facebook.com\/plugins\/video.php?height=476&#038;href=https%3A%2F%2Fwww.facebook.com%2Freel%2F1179110317160033%2F&#038;show_text=false&#038;width=267&#038;t=0\" width=\"267\" height=\"476\" style=\"border:none;overflow:hidden\" scrolling=\"no\" frameborder=\"0\" allowfullscreen=\"true\" allow=\"autoplay; clipboard-write; encrypted-media; picture-in-picture; web-share\" 0=\"\/iframe\" class=\"iframe-class\"><\/iframe>\n<\/p>\n<p style=\"text-align: center\"><a href=\"https:\/\/www.facebook.com\/reel\/1179110317160033\">Reel<\/a> \/ <a href=\"https:\/\/www.facebook.com\/splaregalinacadavedo\">Socied\u00e1 Popular La Regalina \/ Cadaveu<\/a><\/p>\n<p><!--more-->\ud83d\ude97 F\u00e1cil conex\u00f3n para tou tipu de veh\u00edculos, nel mesmu pueblu tenemos la salida 450 de l&#8217;Autov\u00eda del Cant\u00e1bricu, estaci\u00f3n de tren y parada d&#8217;autob\u00fas que conecta toles ll\u00ednees principales.<\/p>\n<p>Y anque el v\u00eddeu fala por si solu, intentando afigurar dende los nuesos g\u00fceyos y el nuesu alma&#8217;l signific\u00e1u de Cadaveu, quedamos curtios colos 90 segundos qu&#8217;ense\u00f1amos, porque s\u00ed, tenemos muncho m\u00e1s para ense\u00f1ar.<\/p>\n<p>Esti v\u00eddeu ye un homenaxe al trabayu polos nuesos mayores, munchos a\u00f1os al llombu que, a d\u00eda de g\u00fcei, siguimos calteniendo, mesma tradici\u00f3n, mesmu mimu y cuidu, mesmos caminos. Y ye que cuando un pueblu va de la mano, tenemos resultaos como esti, como Cadaveu.<\/p>\n","protected":false},"excerpt":{"rendered":"<p>Cadaveu pres\u00e9ntase al Concursu \u201cAmazon Busca Pueblu\u201d.\u00a0 Atop\u00e1monos nel Princip\u00e1u d&#8217;Asturies, con \ud83d\udeb9 229 habitantes empadronaos, \ud83c\udf0a \u26f0\ufe0f Arrodiaos de riqueza natural y arquitect\u00f3nica. Un \ud83d\udccdllugar aptu para axuntar la cantid\u00e1 de xente indicao (y m\u00e1s) cola opci\u00f3n de d&#8217;agosp\u00e9u y restor\u00e1n. Reel \/ Socied\u00e1 Popular La Regalina \/ Cadaveu<\/p>\n","protected":false},"author":117,"featured_media":0,"comment_status":"open","ping_status":"open","sticky":false,"template":"","format":"standard","meta":{"footnotes":""},"categories":[61,119],"tags":[],"class_list":["post-47959","post","type-post","status-publish","format-standard","hentry","category-concursu","category-empreses"],"_links":{"self":[{"href":"https:\/\/edublog.educastur.es\/ixuxu\/wp-json\/wp\/v2\/posts\/47959","targetHints":{"allow":["GET"]}}],"collection":[{"href":"https:\/\/edublog.educastur.es\/ixuxu\/wp-json\/wp\/v2\/posts"}],"about":[{"href":"https:\/\/edublog.educastur.es\/ixuxu\/wp-json\/wp\/v2\/types\/post"}],"author":[{"embeddable":true,"href":"https:\/\/edublog.educastur.es\/ixuxu\/wp-json\/wp\/v2\/users\/117"}],"replies":[{"embeddable":true,"href":"https:\/\/edublog.educastur.es\/ixuxu\/wp-json\/wp\/v2\/comments?post=47959"}],"version-history":[{"count":3,"href":"https:\/\/edublog.educastur.es\/ixuxu\/wp-json\/wp\/v2\/posts\/47959\/revisions"}],"predecessor-version":[{"id":47962,"href":"https:\/\/edublog.educastur.es\/ixuxu\/wp-json\/wp\/v2\/posts\/47959\/revisions\/47962"}],"wp:attachment":[{"href":"https:\/\/edublog.educastur.es\/ixuxu\/wp-json\/wp\/v2\/media?parent=47959"}],"wp:term":[{"taxonomy":"category","embeddable":true,"href":"https:\/\/edublog.educastur.es\/ixuxu\/wp-json\/wp\/v2\/categories?post=47959"},{"taxonomy":"post_tag","embeddable":true,"href":"https:\/\/edublog.educastur.es\/ixuxu\/wp-json\/wp\/v2\/tags?post=47959"}],"curies":[{"name":"wp","href":"https:\/\/api.w.org\/{rel}","templated":true}]}}