{"id":47980,"date":"2025-05-08T09:00:06","date_gmt":"2025-05-08T07:00:06","guid":{"rendered":"https:\/\/edublog.educastur.es\/ixuxu\/?p=47980"},"modified":"2025-05-08T17:44:06","modified_gmt":"2025-05-08T15:44:06","slug":"dia-mundial-de-la-cruz-roja-2","status":"publish","type":"post","link":"https:\/\/edublog.educastur.es\/ixuxu\/2025\/05\/dia-mundial-de-la-cruz-roja-2\/","title":{"rendered":"D\u00eda Mundial de la Cruz Roja"},"content":{"rendered":"<p style=\"text-align: center\"><a href=\"https:\/\/www.gob.mx\/cms\/uploads\/article\/main_image\/62729\/DiaCruzRoja_BLOG-01.jpg\"><img loading=\"lazy\" decoding=\"async\" class=\"aligncenter \" src=\"https:\/\/www.gob.mx\/cms\/uploads\/article\/main_image\/62729\/DiaCruzRoja_BLOG-01.jpg\" width=\"437\" height=\"249\" \/><\/a><\/p>\n<p>El 8 de Mayu celebra&#8217;l <span style=\"color: #008080\"><strong>D\u00eda Mundial de la Cruz Roja<\/strong><\/span> n&#8217;alcordanza al so fundador Henri Dunant que naci\u00f3&#8217;l 8 de Mayu de 1828. Un d\u00eda importante para la solidarid\u00e1 y para reconocer l&#8217;importante llabor que realicen voluntarios y profesionales qu&#8217;ayuden a salvar vides. Cruz Roja celebra&#8217;l so d\u00eda mundial nel que s&#8217;epondera&#8217;l llabor humanitariu de la ONG y de los sos <strong>m\u00e1s de 250.000 voluntarios.\u00a0<\/strong><\/p>\n<p><!--more--><\/p>\n<p style=\"text-align: center\"><a href=\"https:\/\/aytoconsuegra.es\/wp-content\/uploads\/2023\/05\/dia-mundial-cruz-roja2.jpg\"><img loading=\"lazy\" decoding=\"async\" class=\"aligncenter size-large\" src=\"https:\/\/aytoconsuegra.es\/wp-content\/uploads\/2023\/05\/dia-mundial-cruz-roja2.jpg\" width=\"464\" height=\"358\" \/><\/a><\/p>\n<p>&nbsp;<\/p>\n<p><em><strong>La Cruz Roja ye un movimientu internacional qu&#8217;arreya a millones de voluntarios de too el mundu que lleva a cabu remanes tales como la distribuci\u00f3n d&#8217;alimentos a persones precisaes, operaciones de socorru en situaciones d&#8217;emerxencia, xeres de cooperaci\u00f3n internacional, construcci\u00f3n de centros educativos, y reconstrucci\u00f3n de cases destruy\u00edes por cat\u00e1strofes naturales, ente otres.<\/strong><\/em><\/p>\n<p>El movimientu internacional de la Cruz Roja ta conform\u00e1u pol so Comit\u00e9 Internacional, la Federaci\u00f3n Internacional de Sociedaes de la Cruz Roja y de la Media Lluna Colorada, y les 190 Sociedaes Nacionales miembros.<\/p>\n<p style=\"text-align: center\"><a href=\"https:\/\/www.ifrc.org\/sites\/default\/files\/styles\/article_press_release_featured_image\/public\/2021-08\/p-ITA1795_jpg%201280x853.jpg?itok=vsv7z2oa\"><img loading=\"lazy\" decoding=\"async\" class=\"aligncenter size-large\" src=\"https:\/\/www.ifrc.org\/sites\/default\/files\/styles\/article_press_release_featured_image\/public\/2021-08\/p-ITA1795_jpg%201280x853.jpg?itok=vsv7z2oa\" width=\"825\" height=\"464\" \/><\/a><\/p>\n<p>&#8211; <a href=\"http:\/\/tuhaces.cruzroja.es\/re?l=D0I1702o14Ic0f3035I3ITk9wdqfe6&amp;s=BAMECIBBOHDNJIAF&amp;_gl=1*1gcf93s*_gcl_au*MTUyMDMzNjQwMC4xNzQ2NzE4Nzk4*_ga*MTcwMTgyNzk4OC4xNzQ2NzE4Nzk4*_ga_6B8F5JBMV2*czE3NDY3MTg3OTgkbzEkZzAkdDE3NDY3MTg3OTgkajYwJGwwJGgw\" target=\"_blank\" rel=\"noopener\" data-insuit-uuid=\"049df9bf-d349-40ee-9293-8fa984a92c4b\">Twitter<\/a>.<br \/>\n&#8211; <a href=\"http:\/\/tuhaces.cruzroja.es\/re?l=D0I1702o14Ic0f3035I4ITk9wdqfe6&amp;s=BAMECIBBOHDNJIAF\" target=\"_blank\" rel=\"noopener\" data-insuit-uuid=\"47f865ce-fd43-4397-aab4-873c502522ed\">Facebook<\/a>.<br \/>\n&#8211; <a href=\"http:\/\/tuhaces.cruzroja.es\/re?l=D0I1702o14Ic0f3035I5ITk9wdqfe6&amp;s=BAMECIBBOHDNJIAF\" target=\"_blank\" rel=\"noopener\" data-insuit-uuid=\"e0d0b08a-74e4-4566-86bc-59c8e4565bd2\">Instagram<\/a>.<\/p>\n<p>&nbsp;<\/p>\n","protected":false},"excerpt":{"rendered":"<p>El 8 de Mayu celebra&#8217;l D\u00eda Mundial de la Cruz Roja n&#8217;alcordanza al so fundador Henri Dunant que naci\u00f3&#8217;l 8 de Mayu de 1828. Un d\u00eda importante para la solidarid\u00e1 y para reconocer l&#8217;importante llabor que realicen voluntarios y profesionales qu&#8217;ayuden a salvar vides. Cruz Roja celebra&#8217;l so d\u00eda mundial nel que s&#8217;epondera&#8217;l llabor humanitariu [&hellip;]<\/p>\n","protected":false},"author":117,"featured_media":0,"comment_status":"open","ping_status":"open","sticky":false,"template":"","format":"standard","meta":{"footnotes":""},"categories":[6,48],"tags":[],"class_list":["post-47980","post","type-post","status-publish","format-standard","hentry","category-dia-de","category-salu"],"_links":{"self":[{"href":"https:\/\/edublog.educastur.es\/ixuxu\/wp-json\/wp\/v2\/posts\/47980","targetHints":{"allow":["GET"]}}],"collection":[{"href":"https:\/\/edublog.educastur.es\/ixuxu\/wp-json\/wp\/v2\/posts"}],"about":[{"href":"https:\/\/edublog.educastur.es\/ixuxu\/wp-json\/wp\/v2\/types\/post"}],"author":[{"embeddable":true,"href":"https:\/\/edublog.educastur.es\/ixuxu\/wp-json\/wp\/v2\/users\/117"}],"replies":[{"embeddable":true,"href":"https:\/\/edublog.educastur.es\/ixuxu\/wp-json\/wp\/v2\/comments?post=47980"}],"version-history":[{"count":5,"href":"https:\/\/edublog.educastur.es\/ixuxu\/wp-json\/wp\/v2\/posts\/47980\/revisions"}],"predecessor-version":[{"id":47985,"href":"https:\/\/edublog.educastur.es\/ixuxu\/wp-json\/wp\/v2\/posts\/47980\/revisions\/47985"}],"wp:attachment":[{"href":"https:\/\/edublog.educastur.es\/ixuxu\/wp-json\/wp\/v2\/media?parent=47980"}],"wp:term":[{"taxonomy":"category","embeddable":true,"href":"https:\/\/edublog.educastur.es\/ixuxu\/wp-json\/wp\/v2\/categories?post=47980"},{"taxonomy":"post_tag","embeddable":true,"href":"https:\/\/edublog.educastur.es\/ixuxu\/wp-json\/wp\/v2\/tags?post=47980"}],"curies":[{"name":"wp","href":"https:\/\/api.w.org\/{rel}","templated":true}]}}